{"id":2557,"date":"2026-05-27T14:36:01","date_gmt":"2026-05-27T14:36:01","guid":{"rendered":"https:\/\/turkiyemhaber.com\/?p=2557"},"modified":"2026-05-27T14:36:05","modified_gmt":"2026-05-27T14:36:05","slug":"cagla-sikel-13-yas-kucuk-sevgilisiyle-ilk-kez-goruntulendi","status":"publish","type":"post","link":"https:\/\/turkiyemhaber.com\/?p=2557","title":{"rendered":"\u00c7a\u011fla \u015e\u0131kel 13 ya\u015f k\u00fc\u00e7\u00fck sevgilisiyle ilk kez g\u00f6r\u00fcnt\u00fclendi"},"content":{"rendered":"\n<p class=\"wp-block-paragraph\">\u00d6zel hayat\u0131yla s\u0131k s\u0131k g\u00fcndeme gelen \u00c7a\u011fla \u015eikel, kendisinden 13 ya\u015f k\u00fc\u00e7\u00fck sevgilisi Mertcan Tunca ile ilk kez \u00c7e\u015fme\u2019de g\u00f6r\u00fcnt\u00fclendi. O\u011fullar\u0131yla birlikte tatil yapan \u00fcnl\u00fc mankenin, sevgilisiyle jet s\u00f6rf yapt\u0131\u011f\u0131 ve romantik anlar ya\u015fad\u0131\u011f\u0131 g\u00f6r\u00fcld\u00fc. Mertcan Tunca\u2019n\u0131n \u00c7a\u011fla \u015e\u0131kel\u2019i s\u0131rt\u0131nda ta\u015f\u0131d\u0131\u011f\u0131 anlar dikkat \u00e7ekerken, \u00e7iftin a\u015fk dolu kareleri magazin g\u00fcndeminde geni\u015f yank\u0131 uyand\u0131rd\u0131.<\/p>\n\n\n\n<p class=\"wp-block-paragraph\">\u00dcnl\u00fc manken \u00c7a\u011fla \u015e\u0131kel, yeni sevgilisi Mertcan Tunca ile ilk kez g\u00f6r\u00fcnt\u00fclendi. O\u011fullar\u0131 Kuzey ve Uzay ile birlikte \u00c7e\u015fme\u2019de tatil yapan \u015e\u0131kel\u2019in, kendisinden 13 ya\u015f k\u00fc\u00e7\u00fck sevgilisiyle samimi halleri dikkat \u00e7ekti.<\/p>\n\n\n\n<p class=\"wp-block-paragraph\">Nail G\u00f6nenli ile yollar\u0131n\u0131 ay\u0131rmas\u0131n\u0131n ard\u0131ndan ad\u0131 bir\u00e7ok isimle an\u0131lan 47 ya\u015f\u0131ndaki \u00c7a\u011fla \u015e\u0131kel\u2019in, arad\u0131\u011f\u0131 mutlulu\u011fu 34 ya\u015f\u0131ndaki i\u015fletme mezunu Mertcan Tunca\u2019da buldu\u011fu \u00f6\u011frenildi.<\/p>\n\n\n\n<figure class=\"wp-block-image\"><img decoding=\"async\" src=\"https:\/\/foto.sondakika.com\/haber\/2026\/05\/27\/20260527_41e7be2eba324e378bee82a936a95ee1.jpg\" alt=\"\u00c7a\u011fla \u015e\u0131kel 13 ya\u015f k\u00fc\u00e7\u00fck sevgilisiyle ilk kez g\u00f6r\u00fcnt\u00fclendi\"\/><\/figure>\n\n\n\n<h3 class=\"wp-block-heading\">JET S\u00d6RF YAPIP G\u00dcNE\u015eLEND\u0130LER<\/h3>\n\n\n\n<p class=\"wp-block-paragraph\">H\u00fcrriyet&#8217;ten Deniz Boy&#8217;un haberine g\u00f6re; \u00c7e\u015fme sahillerinde tatilin tad\u0131n\u0131 \u00e7\u0131karan \u00e7iftin birlikte jet s\u00f6rf yapt\u0131\u011f\u0131 ve g\u00fcne\u015flendi\u011fi anlar objektiflere yans\u0131d\u0131. Ne\u015feli halleriyle dikkat \u00e7eken ikili, g\u00fcn boyu birlikte vakit ge\u00e7irdi.&nbsp;\u015e\u0131kel ile Tunca\u2019n\u0131n, o\u011fullar\u0131 Kuzey ve Uzay\u2019\u0131n s\u00f6rf keyfini izlemek i\u00e7in zodyak bota bindikleri anlar da kameralara yans\u0131d\u0131.<\/p>\n\n\n\n<figure class=\"wp-block-image\"><img decoding=\"async\" src=\"https:\/\/foto.sondakika.com\/haber\/2026\/05\/27\/20260527_596111e6883f434cbc72ecb797e0d382.jpg\" alt=\"\u00c7a\u011fla \u015e\u0131kel 13 ya\u015f k\u00fc\u00e7\u00fck sevgilisiyle ilk kez g\u00f6r\u00fcnt\u00fclendi\"\/><\/figure>\n\n\n\n<h3 class=\"wp-block-heading\">\u00c7A\u011eLA \u015eIKEL\u2019\u0130 SIRTINDA TA\u015eIDI<\/h3>\n\n\n\n<p class=\"wp-block-paragraph\">\u00c7iftin romantik anlar\u0131 plajdakilerin de ilgisini \u00e7ekti. Mertcan Tunca\u2019n\u0131n kumsalda y\u00fcr\u00fcrken sevgilisi \u00c7a\u011fla \u015e\u0131kel\u2019i s\u0131rt\u0131nda ta\u015f\u0131d\u0131\u011f\u0131 anlar dikkat \u00e7ekti.&nbsp;\u00c7a\u011fla \u015e\u0131kel ile Mertcan Tunca\u2019n\u0131n a\u015fk dolu ilk kareleri&nbsp;<a href=\"https:\/\/www.sondakika.com\/magazin\/\">magazin<\/a>&nbsp;g\u00fcndeminde geni\u015f yank\u0131 uyand\u0131rd\u0131.<\/p>\n","protected":false},"excerpt":{"rendered":"<p>\u00d6zel hayat\u0131yla s\u0131k s\u0131k g\u00fcndeme gelen \u00c7a\u011fla \u015eikel, kendisinden 13 ya\u015f k\u00fc\u00e7\u00fck sevgilisi Mertcan Tunca<\/p>\n","protected":false},"author":1,"featured_media":2558,"comment_status":"open","ping_status":"open","sticky":false,"template":"","format":"standard","meta":{"_rtcl_gb_attr":"","footnotes":""},"categories":[41],"tags":[],"class_list":["post-2557","post","type-post","status-publish","format-standard","has-post-thumbnail","hentry","category-magazin"],"_links":{"self":[{"href":"https:\/\/turkiyemhaber.com\/index.php?rest_route=\/wp\/v2\/posts\/2557","targetHints":{"allow":["GET"]}}],"collection":[{"href":"https:\/\/turkiyemhaber.com\/index.php?rest_route=\/wp\/v2\/posts"}],"about":[{"href":"https:\/\/turkiyemhaber.com\/index.php?rest_route=\/wp\/v2\/types\/post"}],"author":[{"embeddable":true,"href":"https:\/\/turkiyemhaber.com\/index.php?rest_route=\/wp\/v2\/users\/1"}],"replies":[{"embeddable":true,"href":"https:\/\/turkiyemhaber.com\/index.php?rest_route=%2Fwp%2Fv2%2Fcomments&post=2557"}],"version-history":[{"count":1,"href":"https:\/\/turkiyemhaber.com\/index.php?rest_route=\/wp\/v2\/posts\/2557\/revisions"}],"predecessor-version":[{"id":2559,"href":"https:\/\/turkiyemhaber.com\/index.php?rest_route=\/wp\/v2\/posts\/2557\/revisions\/2559"}],"wp:featuredmedia":[{"embeddable":true,"href":"https:\/\/turkiyemhaber.com\/index.php?rest_route=\/wp\/v2\/media\/2558"}],"wp:attachment":[{"href":"https:\/\/turkiyemhaber.com\/index.php?rest_route=%2Fwp%2Fv2%2Fmedia&parent=2557"}],"wp:term":[{"taxonomy":"category","embeddable":true,"href":"https:\/\/turkiyemhaber.com\/index.php?rest_route=%2Fwp%2Fv2%2Fcategories&post=2557"},{"taxonomy":"post_tag","embeddable":true,"href":"https:\/\/turkiyemhaber.com\/index.php?rest_route=%2Fwp%2Fv2%2Ftags&post=2557"}],"curies":[{"name":"wp","href":"https:\/\/api.w.org\/{rel}","templated":true}]}}