{"id":2554,"date":"2026-05-27T14:33:15","date_gmt":"2026-05-27T14:33:15","guid":{"rendered":"https:\/\/turkiyemhaber.com\/?p=2554"},"modified":"2026-05-27T14:33:20","modified_gmt":"2026-05-27T14:33:20","slug":"chpli-basarir-kilicdaroglunun-kurultay-mesajina-tepki-gosterdi-bu-utanc-verici-bir-itiraftir","status":"publish","type":"post","link":"https:\/\/turkiyemhaber.com\/?p=2554","title":{"rendered":"CHP&#8217;li Ba\u015far\u0131r, K\u0131l\u0131\u00e7daro\u011flu&#8217;nun &#8220;kurultay&#8221; mesaj\u0131na tepki g\u00f6sterdi: Bu utan\u00e7 verici bir itiraft\u0131r"},"content":{"rendered":"\n<p class=\"wp-block-paragraph\">CHP\u2019de \u201cmutlak butlan\u201d karar\u0131 sonras\u0131 ba\u015flayan kurultay tart\u0131\u015fmalar\u0131 b\u00fcy\u00fcyor. Kemal K\u0131l\u0131\u00e7daro\u011flu\u2019nun \u201cBenim elimde olsa yar\u0131n sabah kurultaya giderim\u201d s\u00f6zleri parti i\u00e7inde yeni polemik yaratt\u0131. CHP Grup Ba\u015fkanvekili Ali Mahir Ba\u015far\u0131r, \u201cKimin elinde peki! Partiyi kimlerin eline verdiniz? Bu utan\u00e7 verici bir itiraft\u0131r\u201d diyerek K\u0131l\u0131\u00e7daro\u011flu\u2019na sert tepki g\u00f6sterdi.<\/p>\n\n\n\n<p class=\"wp-block-paragraph\">CHP\u2019de \u201cmutlak butlan\u201d karar\u0131 sonras\u0131 ba\u015flayan kurultay tart\u0131\u015fmalar\u0131 yeni a\u00e7\u0131klamalarla daha da b\u00fcy\u00fcd\u00fc. Yeniden genel ba\u015fkanl\u0131k koltu\u011funa oturan Kemal K\u0131l\u0131\u00e7daro\u011flu\u2019nun \u201cBenim elimde olsa yar\u0131n sabah kurultaya giderim\u201d s\u00f6zleri, CHP Grup Ba\u015fkanvekili Ali Mahir Ba\u015far\u0131r\u2019\u0131n sert tepkisini \u00e7ekti.<\/p>\n\n\n\n<p class=\"wp-block-paragraph\">Ankara\u2019da gazetecilerle bayramla\u015fan Kemal K\u0131l\u0131\u00e7daro\u011flu, kurultay s\u00fcrecine ili\u015fkin dikkat \u00e7eken mesajlar verdi. Kurultay tarihini belirleme yetkisinin tamamen kendi elinde olmad\u0131\u011f\u0131n\u0131 s\u00f6yleyen K\u0131l\u0131\u00e7daro\u011flu, \u201cBen hukuk\u00e7u de\u011filim. Benim elimde olsa yar\u0131n sabah kurultaya giderim. S\u00fcre\u00e7 hakk\u0131nda hukuk\u00e7ularla konu\u015fuyoruz. Yarg\u0131n\u0131n verdi\u011fi karara uymak zorunday\u0131z elbette\u201d dedi.<\/p>\n\n\n\n<p class=\"wp-block-paragraph\">K\u0131l\u0131\u00e7daro\u011flu ayr\u0131ca kurultay\u0131n ancak yasal zeminde yap\u0131labilece\u011fini savunarak, \u201cTedbir karar\u0131 kalkt\u0131ktan sonra yasal zeminde kurultay yap\u0131lacak\u201d ifadelerini kulland\u0131.<\/p>\n\n\n\n<h3 class=\"wp-block-heading\">AL\u0130 MAH\u0130R BA\u015eARIR\u2019DAN SERT \u00c7IKI\u015e<\/h3>\n\n\n\n<p class=\"wp-block-paragraph\">K\u0131l\u0131\u00e7daro\u011flu\u2019nun a\u00e7\u0131klamalar\u0131na ilk sert yan\u0131t CHP Grup Ba\u015fkanvekili Ali Mahir Ba\u015far\u0131r\u2019dan geldi. Ba\u015far\u0131r, sosyal medya hesab\u0131ndan yapt\u0131\u011f\u0131 payla\u015f\u0131mda, \u201cKimin elinde peki! Partiyi kimlerin eline verdiniz; AKP yarg\u0131s\u0131n\u0131n! Bu utan\u00e7 verici bir itiraft\u0131r\u201d ifadelerini kulland\u0131.&nbsp;Ba\u015far\u0131r\u2019\u0131n \u00e7\u0131k\u0131\u015f\u0131, CHP\u2019de yarg\u0131 \u00fczerinden y\u00fcr\u00fcyen kurultay tart\u0131\u015fmalar\u0131n\u0131 yeniden alevlendirdi.<\/p>\n\n\n\n<figure class=\"wp-block-image\"><img decoding=\"async\" src=\"https:\/\/foto.sondakika.com\/haber\/2026\/05\/27\/chpli-basarir-kilicdaroglunun-19887840-9477_1_m.jpg\" alt=\"CHP'li Ba\u015far\u0131r, K\u0131l\u0131\u00e7daro\u011flu'nun \"\/><\/figure>\n\n\n\n<h3 class=\"wp-block-heading\">\u0130HRA\u00c7 VE DOKUNULMAZLIK \u0130DD\u0130ALARI G\u00dcNDEMDE<\/h3>\n\n\n\n<p class=\"wp-block-paragraph\">CHP kulislerinde son g\u00fcnlerde Kemal K\u0131l\u0131\u00e7daro\u011flu\u2019nun baz\u0131 milletvekilleri hakk\u0131nda disiplin ve ihra\u00e7 s\u00fcreci ba\u015flataca\u011f\u0131 y\u00f6n\u00fcnde iddialar g\u00fcndeme gelmi\u015fti. Baz\u0131 haberlerde, K\u0131l\u0131\u00e7daro\u011flu\u2019nun kurultaya gidilmesi i\u00e7in Ali Mahir Ba\u015far\u0131r, Burhanettin Bulut, Veli A\u011fbaba ve Umut Akdo\u011fan\u2019\u0131n ihra\u00e7 edilmesini istedi\u011fi \u00f6ne s\u00fcr\u00fcld\u00fc.&nbsp;Bir ba\u015fka iddiada ise&nbsp;<a href=\"https:\/\/www.sondakika.com\/ozgur-ozel\/\">\u00d6zg\u00fcr \u00d6zel<\/a>&nbsp;dahil baz\u0131 milletvekillerinin dokunulmazl\u0131klar\u0131n\u0131n kald\u0131r\u0131labilece\u011fi konu\u015fuldu.<\/p>\n\n\n\n<p class=\"wp-block-paragraph\">Ancak K\u0131l\u0131\u00e7daro\u011flu bug\u00fcn yapt\u0131\u011f\u0131 a\u00e7\u0131klamada bu iddialar\u0131 \u201cdedikodu\u201d olarak nitelendirdi. \u201cBir s\u00fcr\u00fc dedikodu arkada\u015flar, bunlara inanmay\u0131n. Bir parti y\u00f6netimi hukuk i\u00e7inde ve ciddiyetle yap\u0131l\u0131r\u201d diyen K\u0131l\u0131\u00e7daro\u011flu, ihrac\u0131n keyfi \u015fekilde yap\u0131lamayaca\u011f\u0131n\u0131 s\u00f6yledi.<\/p>\n\n\n\n<h3 class=\"wp-block-heading\">\u00d6ZG\u00dcR \u00d6ZEL: KURULTAYIN \u00d6N\u00dcNDE ENGEL YOK<\/h3>\n\n\n\n<p class=\"wp-block-paragraph\">CHP Genel Ba\u015fkan\u0131 \u00d6zg\u00fcr \u00d6zel ise kurultay\u0131n \u00f6n\u00fcnde hukuki engel olmad\u0131\u011f\u0131n\u0131 savunuyor. \u00d6zel, \u201cOla\u011fan ya da ola\u011fan\u00fcst\u00fc kurultay yeni bir kurucu i\u015flemdir. Tedbir karar\u0131 kurultaya engel de\u011fildir. 45 g\u00fcn i\u00e7inde yapman\u0131n 3-4 farkl\u0131 yolu vard\u0131r. Yeter ki niyet olsun\u201d a\u00e7\u0131klamas\u0131nda bulundu.<\/p>\n\n\n\n<p class=\"wp-block-paragraph\">\u00d6zel ayr\u0131ca CHP Genel Merkezi \u00f6n\u00fcnde ya\u015fanan gerilimle ilgili olarak, K\u0131l\u0131\u00e7daro\u011flu\u2019nun g\u00f6revlendirdi\u011fi isimlerin \u201cmafyatik gruplarla\u201d partiye geldi\u011fini \u00f6ne s\u00fcrerek sert ifadeler kulland\u0131.<\/p>\n\n\n\n<h3 class=\"wp-block-heading\">PART\u0130 \u0130\u00c7\u0130NDE GER\u0130L\u0130M TIRMANIYOR<\/h3>\n\n\n\n<p class=\"wp-block-paragraph\">\u201cMutlak butlan\u201d karar\u0131 sonras\u0131 CHP\u2019de ba\u015flayan y\u00f6netim krizi, kurultay tart\u0131\u015fmalar\u0131yla birlikte daha da derinle\u015fmi\u015f durumda. K\u0131l\u0131\u00e7daro\u011flu\u2019nun yarg\u0131 s\u00fcrecini i\u015faret eden a\u00e7\u0131klamalar\u0131 ile \u00d6zg\u00fcr \u00d6zel ve ekibinin \u201ckurultay\u0131n \u00f6n\u00fcnde engel yok\u201d \u00e7\u0131k\u0131\u015f\u0131, parti i\u00e7inde iki farkl\u0131 yakla\u015f\u0131m\u0131 net bi\u00e7imde ortaya koyuyor.<\/p>\n\n\n\n<p class=\"wp-block-paragraph\">CHP\u2019de g\u00f6zler \u015fimdi hem yarg\u0131 s\u00fcrecine hem de kurultay\u0131n nas\u0131l ve ne zaman yap\u0131laca\u011f\u0131na \u00e7evrilmi\u015f durumda.<\/p>\n","protected":false},"excerpt":{"rendered":"<p>CHP\u2019de \u201cmutlak butlan\u201d karar\u0131 sonras\u0131 ba\u015flayan kurultay tart\u0131\u015fmalar\u0131 b\u00fcy\u00fcyor. Kemal K\u0131l\u0131\u00e7daro\u011flu\u2019nun \u201cBenim elimde olsa yar\u0131n<\/p>\n","protected":false},"author":1,"featured_media":2555,"comment_status":"open","ping_status":"open","sticky":false,"template":"","format":"standard","meta":{"_rtcl_gb_attr":"","footnotes":""},"categories":[44],"tags":[],"class_list":["post-2554","post","type-post","status-publish","format-standard","has-post-thumbnail","hentry","category-politika"],"_links":{"self":[{"href":"https:\/\/turkiyemhaber.com\/index.php?rest_route=\/wp\/v2\/posts\/2554","targetHints":{"allow":["GET"]}}],"collection":[{"href":"https:\/\/turkiyemhaber.com\/index.php?rest_route=\/wp\/v2\/posts"}],"about":[{"href":"https:\/\/turkiyemhaber.com\/index.php?rest_route=\/wp\/v2\/types\/post"}],"author":[{"embeddable":true,"href":"https:\/\/turkiyemhaber.com\/index.php?rest_route=\/wp\/v2\/users\/1"}],"replies":[{"embeddable":true,"href":"https:\/\/turkiyemhaber.com\/index.php?rest_route=%2Fwp%2Fv2%2Fcomments&post=2554"}],"version-history":[{"count":1,"href":"https:\/\/turkiyemhaber.com\/index.php?rest_route=\/wp\/v2\/posts\/2554\/revisions"}],"predecessor-version":[{"id":2556,"href":"https:\/\/turkiyemhaber.com\/index.php?rest_route=\/wp\/v2\/posts\/2554\/revisions\/2556"}],"wp:featuredmedia":[{"embeddable":true,"href":"https:\/\/turkiyemhaber.com\/index.php?rest_route=\/wp\/v2\/media\/2555"}],"wp:attachment":[{"href":"https:\/\/turkiyemhaber.com\/index.php?rest_route=%2Fwp%2Fv2%2Fmedia&parent=2554"}],"wp:term":[{"taxonomy":"category","embeddable":true,"href":"https:\/\/turkiyemhaber.com\/index.php?rest_route=%2Fwp%2Fv2%2Fcategories&post=2554"},{"taxonomy":"post_tag","embeddable":true,"href":"https:\/\/turkiyemhaber.com\/index.php?rest_route=%2Fwp%2Fv2%2Ftags&post=2554"}],"curies":[{"name":"wp","href":"https:\/\/api.w.org\/{rel}","templated":true}]}}