{"id":2551,"date":"2026-05-27T14:30:15","date_gmt":"2026-05-27T14:30:15","guid":{"rendered":"https:\/\/turkiyemhaber.com\/?p=2551"},"modified":"2026-05-27T14:30:19","modified_gmt":"2026-05-27T14:30:19","slug":"iran-istihbarati-acikladi-savas-bambaska-bir-yone-evriliyor","status":"publish","type":"post","link":"https:\/\/turkiyemhaber.com\/?p=2551","title":{"rendered":"\u0130ran \u0130stihbarat\u0131 a\u00e7\u0131klad\u0131! Sava\u015f bamba\u015fka bir y\u00f6ne evriliyor"},"content":{"rendered":"\n<p class=\"wp-block-paragraph\">\u0130ran \u0130stihbarat Bakanl\u0131\u011f\u0131, ABD ve \u0130srail\u2019in \u0130ran\u2019a y\u00f6nelik y\u00f6ntem de\u011fi\u015ftirdi\u011fini duyurdu. A\u00e7\u0131klamada, d\u00fc\u015fman\u0131n \u00f6zellikle ekonomik s\u0131k\u0131nt\u0131lar\u0131 ve y\u00fcksek fiyatlar\u0131 istismar ederek sosyal provokasyonlar olu\u015fturmay\u0131, \u00fclke i\u00e7inde suikast ve sabotaj eylemleri ger\u00e7ekle\u015ftirmeyi planlad\u0131\u011f\u0131 belirtildi.<\/p>\n\n\n\n<p class=\"wp-block-paragraph\"><a href=\"https:\/\/www.sondakika.com\/iran\/\">\u0130ran<\/a>&nbsp;\u0130stihbarat Bakanl\u0131\u011f\u0131, ABD ile&nbsp;<a href=\"https:\/\/www.sondakika.com\/israil\/\">\u0130srail<\/a>&#8216;in hedeflerine ula\u015fmak i\u00e7in \u0130ran&#8217;a kar\u015f\u0131 &#8220;yumu\u015fak sava\u015f&#8221; ve &#8220;\u00e7e\u015fitli komplolar&#8221; uygulamaya \u00e7al\u0131\u015ft\u0131\u011f\u0131n\u0131 bildirdi.<\/p>\n\n\n\n<h3 class=\"wp-block-heading\">&#8220;\u00dcLKEY\u0130 YIKMA HEDEF\u0130N\u0130 D\u0130\u011eER YOLLARLA GER\u00c7EKLE\u015eT\u0130RMEK \u0130ST\u0130YORLAR&#8221;<\/h3>\n\n\n\n<p class=\"wp-block-paragraph\">\u0130ran \u0130stihbarat Bakanl\u0131\u011f\u0131&#8217;ndan yap\u0131lan a\u00e7\u0131klamada, &#8220;D\u00fc\u015fman, son sava\u015f\u0131n ba\u015f\u0131nda a\u00e7\u0131k\u00e7a ilan etti\u011fi ve askeri sald\u0131r\u0131yla ba\u015faramad\u0131\u011f\u0131 \u00fclkeyi y\u0131kma ve b\u00f6lme hedefini, di\u011fer yollarla ger\u00e7ekle\u015ftirmeye \u00e7al\u0131\u015fmaktad\u0131r. Bu kapsamda, ABD ile \u0130srail &#8216;yumu\u015fak sava\u015f, bili\u015fsel sava\u015f ve hibrit sava\u015f&#8217; y\u00f6ntemlerine a\u011f\u0131rl\u0131k verdi&#8221; ifadeleri kullan\u0131ld\u0131.<\/p>\n\n\n\n<h3 class=\"wp-block-heading\">STARL\u0130NK VE SOSYAL MEDYA DETAYI<\/h3>\n\n\n\n<p class=\"wp-block-paragraph\">A\u00e7\u0131klamada, ABD ile \u0130srail&#8217;in, \u00f6zellikle ekonomik s\u0131k\u0131nt\u0131lar\u0131 ve y\u00fcksek fiyatlar\u0131 istismar ederek sosyal provokasyonlar olu\u015fturmay\u0131, \u00fclke i\u00e7inde suikast ve sabotaj eylemleri ger\u00e7ekle\u015ftirmeyi planlad\u0131\u011f\u0131 belirtildi. D\u00fc\u015fmanlar\u0131n silah, m\u00fchimmat ve \u00f6zellikle Starlink gibi ileti\u015fim cihazlar\u0131n\u0131n ka\u00e7ak\u00e7\u0131l\u0131\u011f\u0131n\u0131 art\u0131rmay\u0131, baz\u0131 medya kurulu\u015flar\u0131n\u0131 casusluk ve k\u0131\u015fk\u0131rtma amac\u0131yla kullanmay\u0131, sosyal medya platformlar\u0131n\u0131 da dezenformasyon i\u00e7in yo\u011fun bi\u00e7imde devreye sokmay\u0131 hedefledi\u011fi de aktar\u0131ld\u0131.<\/p>\n\n\n\n<p class=\"wp-block-paragraph\">\u0130ran \u0130stihbarat Bakanl\u0131\u011f\u0131, &#8216;bu planlara kar\u015f\u0131 gerekli \u00f6nlemlerin al\u0131nd\u0131\u011f\u0131n\u0131 ve halk\u0131n birlik ile direni\u015finin t\u00fcm bu tehditleri bo\u015fa \u00e7\u0131karaca\u011f\u0131n\u0131&#8217; duyurdu.<\/p>\n\n\n\n<h3 class=\"wp-block-heading\">PEZE\u015eK\u0130YAN: D\u00dc\u015eMAN EKONOM\u0130Y\u0130 ZEDELEMEYE \u00c7ALI\u015eIYOR<\/h3>\n\n\n\n<p class=\"wp-block-paragraph\">\u0130ran Cumhurba\u015fkan\u0131 Mesud Peze\u015fkiyan, askeri alanda ba\u015far\u0131s\u0131z olan d\u00fc\u015fman\u0131n \u015fimdi \u00fclkenin ekonomik direncini hedef ald\u0131\u011f\u0131n\u0131 s\u00f6yledi. \u00d6zel sekt\u00f6r\u00fcn g\u00fc\u00e7lendirilmesinin ulusal direnci art\u0131raca\u011f\u0131n\u0131 vurgulad\u0131.<\/p>\n\n\n\n<p class=\"wp-block-paragraph\">\u0130RAN Cumhurba\u015fkan\u0131 Mesud Peze\u015fkiyan, &#8220;Askeri arenada hedeflerine ula\u015famayan d\u00fc\u015fman, \u00fclkenin ekonomik direncini zedelemeye \u00e7al\u0131\u015f\u0131yor&#8221; dedi.<\/p>\n\n\n\n<p class=\"wp-block-paragraph\">\u0130ran bas\u0131n\u0131, Cumhurba\u015fkan\u0131 Mesud Peze\u015fkiyan&#8217;\u0131n ba\u015fkentte Tahran Ticaret Odas\u0131 \u00fcyeleriyle bir araya gelerek burada bir konu\u015fma yapt\u0131. \u00d6zel sekt\u00f6r\u00fcn g\u00fc\u00e7lendirilmesinin \u00fclkenin ekonomik g\u00fcc\u00fcn\u00fc ve ulusal direncini art\u0131raca\u011f\u0131n\u0131 belirten Peze\u015fkiyan, &#8220;G\u00fcn\u00fcm\u00fcz ana sava\u015f alan\u0131 ekonomik sava\u015f. Askeri arenada hedeflerine ula\u015famayan d\u00fc\u015fman, \u00fclkenin ekonomik direncini zedelemeye ve insanlar\u0131n ge\u00e7im kaynaklar\u0131n\u0131 bozmaya odakland\u0131&#8221; ifadelerini kulland\u0131.<\/p>\n","protected":false},"excerpt":{"rendered":"<p>\u0130ran \u0130stihbarat Bakanl\u0131\u011f\u0131, ABD ve \u0130srail\u2019in \u0130ran\u2019a y\u00f6nelik y\u00f6ntem de\u011fi\u015ftirdi\u011fini duyurdu. A\u00e7\u0131klamada, d\u00fc\u015fman\u0131n \u00f6zellikle ekonomik<\/p>\n","protected":false},"author":1,"featured_media":2552,"comment_status":"open","ping_status":"open","sticky":false,"template":"","format":"standard","meta":{"_rtcl_gb_attr":"","footnotes":""},"categories":[65],"tags":[],"class_list":["post-2551","post","type-post","status-publish","format-standard","has-post-thumbnail","hentry","category-dunya"],"_links":{"self":[{"href":"https:\/\/turkiyemhaber.com\/index.php?rest_route=\/wp\/v2\/posts\/2551","targetHints":{"allow":["GET"]}}],"collection":[{"href":"https:\/\/turkiyemhaber.com\/index.php?rest_route=\/wp\/v2\/posts"}],"about":[{"href":"https:\/\/turkiyemhaber.com\/index.php?rest_route=\/wp\/v2\/types\/post"}],"author":[{"embeddable":true,"href":"https:\/\/turkiyemhaber.com\/index.php?rest_route=\/wp\/v2\/users\/1"}],"replies":[{"embeddable":true,"href":"https:\/\/turkiyemhaber.com\/index.php?rest_route=%2Fwp%2Fv2%2Fcomments&post=2551"}],"version-history":[{"count":1,"href":"https:\/\/turkiyemhaber.com\/index.php?rest_route=\/wp\/v2\/posts\/2551\/revisions"}],"predecessor-version":[{"id":2553,"href":"https:\/\/turkiyemhaber.com\/index.php?rest_route=\/wp\/v2\/posts\/2551\/revisions\/2553"}],"wp:featuredmedia":[{"embeddable":true,"href":"https:\/\/turkiyemhaber.com\/index.php?rest_route=\/wp\/v2\/media\/2552"}],"wp:attachment":[{"href":"https:\/\/turkiyemhaber.com\/index.php?rest_route=%2Fwp%2Fv2%2Fmedia&parent=2551"}],"wp:term":[{"taxonomy":"category","embeddable":true,"href":"https:\/\/turkiyemhaber.com\/index.php?rest_route=%2Fwp%2Fv2%2Fcategories&post=2551"},{"taxonomy":"post_tag","embeddable":true,"href":"https:\/\/turkiyemhaber.com\/index.php?rest_route=%2Fwp%2Fv2%2Ftags&post=2551"}],"curies":[{"name":"wp","href":"https:\/\/api.w.org\/{rel}","templated":true}]}}