{"id":2545,"date":"2026-05-27T14:23:39","date_gmt":"2026-05-27T14:23:39","guid":{"rendered":"https:\/\/turkiyemhaber.com\/?p=2545"},"modified":"2026-05-27T14:23:43","modified_gmt":"2026-05-27T14:23:43","slug":"dorukhan-buyukisik-dosyasinda-beyanlar-birbirini-tutmadi-sigara-paketi-muammasi","status":"publish","type":"post","link":"https:\/\/turkiyemhaber.com\/?p=2545","title":{"rendered":"Dorukhan B\u00fcy\u00fck\u0131\u015f\u0131k dosyas\u0131nda beyanlar birbirini tutmad\u0131: Sigara paketi muammas\u0131"},"content":{"rendered":"\n<p class=\"wp-block-paragraph\">Dorukhan B\u00fcy\u00fck\u0131\u015f\u0131k soru\u015fturmas\u0131nda dosyaya giren ifadeler dikkat \u00e7ekici \u00e7eli\u015fkileri ortaya \u00e7\u0131kard\u0131. Baz\u0131 tan\u0131klar olay yerinde sigara paketi, izmarit, anahtar ve pe\u00e7ete g\u00f6rmediklerini s\u00f6ylerken, polis ifadelerinde bu objelerin bulundu\u011fu ancak gerek g\u00f6r\u00fclmedi\u011fi i\u00e7in muhafaza alt\u0131na al\u0131nmad\u0131\u011f\u0131 belirtildi.<\/p>\n\n\n\n<p class=\"wp-block-paragraph\">Emekli T\u00fcmgeneral Ethem B\u00fcy\u00fck\u0131\u015f\u0131k\u2019\u0131n o\u011flu Dorukhan B\u00fcy\u00fck\u0131\u015f\u0131k, 13 May\u0131s 2018\u2019de \u0130zmir\u2019in Narl\u0131dere il\u00e7esinde bulunan bir in\u015faat \u015fantiyesinde \u00f6l\u00fc bulundu. \u0130lk etapta \u201cintihar\u201d olarak de\u011ferlendirilen olayla ilgili soru\u015fturma yeniden a\u00e7\u0131l\u0131rken, dosya cinayet \u015f\u00fcphesi \u00fczerinden ilerlemeye ba\u015flad\u0131.<\/p>\n\n\n\n<p class=\"wp-block-paragraph\">\u0130zmir merkezli 9 ilde d\u00fczenlenen e\u015f zamanl\u0131 operasyon kapsam\u0131nda g\u00f6zalt\u0131na al\u0131nan 23 \u015f\u00fcphelinin tamam\u0131 tutukland\u0131. Kasten \u00f6ld\u00fcrme su\u00e7undan yarg\u0131lamalar\u0131 s\u00fcren bek\u00e7iler Tayfun \u00c7akmak\u00e7\u0131 (41), H\u00fcseyin Kaya (69), Hulusu Aras (77), i\u015f\u00e7i Bilal \u00c7elik&nbsp;(47) ve yak\u0131n b\u00f6lgede bek\u00e7ilik yapt\u0131\u011f\u0131 belirtilen Ali G\u00fclba\u015f\u0131&nbsp;(77) hakk\u0131nda yeniden tutuklama karar\u0131 verildi. Olay tarihinde \u015firket saha m\u00fchendisi oldu\u011fu belirtilen in\u015faat sorumlusu Yi\u011fit Aykurt\u2019un (34) da yakalanarak tutukland\u0131.&nbsp;<\/p>\n\n\n\n<p class=\"wp-block-paragraph\">Aralar\u0131nda Tanyer \u0130n\u015faat Firmas\u0131 ortaklar\u0131 Mehmet M\u00fcnir Tanyer ve o\u011flu Mehmet Taylan Tanyer, d\u00f6nemin Narl\u0131dere Emniyet M\u00fcd\u00fcr\u00fc \u0130smail Yal\u00e7\u0131n, d\u00f6nemin Narl\u0131dere Karakol Amiri \u0130smail K\u00f6ksal, Olay Yeri \u0130nceleme B\u00fcro Amiri Atakan Ka\u00e7ar ve Grup Amiri Komiser H\u00fcseyin Vurucu&#8217;nun da yer ald\u0131\u011f\u0131 dosya kapsam\u0131nda toplamda 24 \u015f\u00fcpheli tutukland\u0131.&nbsp;<\/p>\n\n\n\n<figure class=\"wp-block-image\"><img decoding=\"async\" src=\"https:\/\/foto.sondakika.com\/haber\/2026\/05\/27\/dorukhan-buyukisik-dosyasinda-45800385-7341_1_m.jpg\" alt=\"Dorukhan B\u00fcy\u00fck\u0131\u015f\u0131k dosyas\u0131nda beyanlar birbirini tutmad\u0131: Sigara paketi muammas\u0131\"\/><\/figure>\n\n\n\n<h3 class=\"wp-block-heading\">OLAY YER\u0130NDEK\u0130 DEL\u0130LLERLE \u0130LG\u0130L\u0130 FARKLI \u0130FADELER<\/h3>\n\n\n\n<p class=\"wp-block-paragraph\">Soru\u015fturma dosyas\u0131nda yer alan ifadelerde olay yerindeki objelerle ilgili dikkat \u00e7eken farkl\u0131 anlat\u0131mlar bulundu\u011fu g\u00f6r\u00fcld\u00fc.<\/p>\n\n\n\n<p class=\"wp-block-paragraph\">Musa Erik\u00e7i ifadesinde, \u201cOlay yerinde bulunan siyah boru ve \u00fczerindeki ayakkab\u0131 taban izini ben g\u00f6rmedim, maktul\u00fcn yan\u0131nda veya yak\u0131n\u0131nda sigara paketi ve izmarit g\u00f6rmedim. Ancak b\u00f6lgede eski i\u00e7ilmi\u015f sigara izmaritleri vard\u0131\u201d dedi.<\/p>\n\n\n\n<p class=\"wp-block-paragraph\">\u015eirket sahibi Mehmet M\u00fcnir Tanyer\u2019in o\u011flu Mehmet Taylan Tanyer ise, \u201cEtraf\u0131nda herhangi bir kan izi, insan par\u00e7as\u0131 vb. herhangi bir uzuv ben g\u00f6rmedim. Ben o esnada kendi cep telefonumdan maktul\u00fcn foto\u011fraf\u0131n\u0131 \u00e7ektim. Yine olay yerinde ben geldi\u011fimde Polis, ambulans yoktu. Ben maktul\u00fcn etraf\u0131nda anahtar, sigara paketi, pe\u00e7ete vb. obje g\u00f6rmedim, dikkatimi de \u00e7ekmedi\u201d ifadelerini kulland\u0131.<\/p>\n\n\n\n<p class=\"wp-block-paragraph\">\u015eirket sahibi Mehmet M\u00fcnir Tanyer de ifadesinde, \u201cBen maktul\u00fc g\u00f6rd\u00fc\u011f\u00fcmde yan\u0131nda anahtar, sigara paketi, pe\u00e7ete vb. ba\u015fkaca bir obje g\u00f6rmedim\u201d dedi.<\/p>\n\n\n\n<figure class=\"wp-block-image\"><img decoding=\"async\" src=\"https:\/\/foto.sondakika.com\/haber\/2026\/05\/27\/dorukhan-buyukisik-dosyasinda-45383070-4706_1_m.jpg\" alt=\"Dorukhan B\u00fcy\u00fck\u0131\u015f\u0131k dosyas\u0131nda beyanlar birbirini tutmad\u0131: Sigara paketi muammas\u0131\"\/><\/figure>\n\n\n\n<h3 class=\"wp-block-heading\">\u201cMUHAFAZA ALTINA ALINMADI\u201d<\/h3>\n\n\n\n<p class=\"wp-block-paragraph\">Olay yeri inceleme polisi D.\u00d6.\u00d6. ise dosyada yer alan ifadesinde, \u201cSiyah boru \u00fczerindeki ayakkab\u0131 taban izi ile olay mahallinde bulundu\u011fu tespit edilen 2 adet sigara izmariti ile 1 adet sigara paketi ile ilgili herhangi bir i\u015flem yap\u0131lmad\u0131. Muhafaza alt\u0131na da al\u0131nmad\u0131\u201d dedi.<\/p>\n\n\n\n<p class=\"wp-block-paragraph\">\u00d6zkan ayr\u0131ca olay yerine en son giden ekip olduklar\u0131n\u0131 belirterek, olay yerinin daha \u00f6nce gelen ekipler nedeniyle bozuldu\u011funu ve bu nedenle ayakkab\u0131 izi incelemesi yap\u0131lamad\u0131\u011f\u0131n\u0131 s\u00f6yledi.<\/p>\n\n\n\n<p class=\"wp-block-paragraph\">Polis memuru,&nbsp;Siyah boru \u00fczerindeki ayakkab\u0131 taban izi&nbsp;\u00fczerinde inceleme yap\u0131labilmesi i\u00e7in gerekli \u00f6zellikleri bar\u0131nd\u0131rm\u0131yordu. O sebeple iz \u00fczerinde herhangi bir&nbsp;inceleme yap\u0131lmad\u0131. Sigara izmaritleri ve sigara paketi ile ilgili olarak da olay mahallinde bir s\u00fcr\u00fc sigara izmariti&nbsp;oldu\u011fu, ve bu izmaritlerinin de \u00fczerinde kir, toz ve in\u015faat pisli\u011finden kaynakl\u0131 eski olmas\u0131 sebebiyle herhangi&nbsp;bir inceleme yap\u0131lmay\u0131p muhafaza alt\u0131na al\u0131nmad\u0131.&#8221; ifadelerini kulland\u0131.&nbsp;<\/p>\n\n\n\n<figure class=\"wp-block-image\"><img decoding=\"async\" src=\"https:\/\/foto.sondakika.com\/haber\/2026\/05\/27\/dorukhan-buyukisik-dosyasinda-56295536-6553_1_m.jpg\" alt=\"Dorukhan B\u00fcy\u00fck\u0131\u015f\u0131k dosyas\u0131nda beyanlar birbirini tutmad\u0131: Sigara paketi muammas\u0131\"\/><\/figure>\n\n\n\n<h3 class=\"wp-block-heading\">\u201cANAHTAR, KULAKLIK VE PE\u00c7ETE VARDI\u201d<\/h3>\n\n\n\n<p class=\"wp-block-paragraph\">Polis memuru D.A.&#8217;n\u0131n ifadesi ise dosyadaki di\u011fer anlat\u0131mlardan farkl\u0131 detaylar i\u00e7erdi.<\/p>\n\n\n\n<p class=\"wp-block-paragraph\">Polis memuru, \u201cBen olay mahallinde maktul\u00fcn cesedinin yan\u0131nda kulakl\u0131k, araba anahtar\u0131 ve pe\u00e7ete oldu\u011funu hat\u0131rl\u0131yorum\u201d dedi.<\/p>\n\n\n\n<p class=\"wp-block-paragraph\">Ayn\u0131 ifadede, olay yerinde bulunan sigara izmaritleri ve sigara paketinin foto\u011frafland\u0131\u011f\u0131 ancak bulgu olarak de\u011ferlendirilmedi\u011fi belirtildi.<\/p>\n\n\n\n<p class=\"wp-block-paragraph\">Soru\u015fturma dosyas\u0131nda yer alan ifadelerde olay yerindeki deliller, ayakkab\u0131 izi, sigara izmaritleri ve olay yerine ilk ula\u015fan ekiplerle ilgili farkl\u0131 anlat\u0131mlar bulunmas\u0131 dikkat \u00e7ekti. Dosyadaki \u00e7eli\u015fkili beyanlar kamuoyunda yeniden tart\u0131\u015fma yaratt\u0131.<\/p>\n","protected":false},"excerpt":{"rendered":"<p>Dorukhan B\u00fcy\u00fck\u0131\u015f\u0131k soru\u015fturmas\u0131nda dosyaya giren ifadeler dikkat \u00e7ekici \u00e7eli\u015fkileri ortaya \u00e7\u0131kard\u0131. Baz\u0131 tan\u0131klar olay yerinde<\/p>\n","protected":false},"author":1,"featured_media":2546,"comment_status":"open","ping_status":"open","sticky":false,"template":"","format":"standard","meta":{"_rtcl_gb_attr":"","footnotes":""},"categories":[43],"tags":[],"class_list":["post-2545","post","type-post","status-publish","format-standard","has-post-thumbnail","hentry","category-son-dakika"],"_links":{"self":[{"href":"https:\/\/turkiyemhaber.com\/index.php?rest_route=\/wp\/v2\/posts\/2545","targetHints":{"allow":["GET"]}}],"collection":[{"href":"https:\/\/turkiyemhaber.com\/index.php?rest_route=\/wp\/v2\/posts"}],"about":[{"href":"https:\/\/turkiyemhaber.com\/index.php?rest_route=\/wp\/v2\/types\/post"}],"author":[{"embeddable":true,"href":"https:\/\/turkiyemhaber.com\/index.php?rest_route=\/wp\/v2\/users\/1"}],"replies":[{"embeddable":true,"href":"https:\/\/turkiyemhaber.com\/index.php?rest_route=%2Fwp%2Fv2%2Fcomments&post=2545"}],"version-history":[{"count":1,"href":"https:\/\/turkiyemhaber.com\/index.php?rest_route=\/wp\/v2\/posts\/2545\/revisions"}],"predecessor-version":[{"id":2547,"href":"https:\/\/turkiyemhaber.com\/index.php?rest_route=\/wp\/v2\/posts\/2545\/revisions\/2547"}],"wp:featuredmedia":[{"embeddable":true,"href":"https:\/\/turkiyemhaber.com\/index.php?rest_route=\/wp\/v2\/media\/2546"}],"wp:attachment":[{"href":"https:\/\/turkiyemhaber.com\/index.php?rest_route=%2Fwp%2Fv2%2Fmedia&parent=2545"}],"wp:term":[{"taxonomy":"category","embeddable":true,"href":"https:\/\/turkiyemhaber.com\/index.php?rest_route=%2Fwp%2Fv2%2Fcategories&post=2545"},{"taxonomy":"post_tag","embeddable":true,"href":"https:\/\/turkiyemhaber.com\/index.php?rest_route=%2Fwp%2Fv2%2Ftags&post=2545"}],"curies":[{"name":"wp","href":"https:\/\/api.w.org\/{rel}","templated":true}]}}