{"id":2530,"date":"2026-05-27T14:07:29","date_gmt":"2026-05-27T14:07:29","guid":{"rendered":"https:\/\/turkiyemhaber.com\/?p=2530"},"modified":"2026-05-27T14:07:34","modified_gmt":"2026-05-27T14:07:34","slug":"kilicdaroglu-tedbir-karari-kalktiktan-sonra-yasal-zeminde-kurultay-olur","status":"publish","type":"post","link":"https:\/\/turkiyemhaber.com\/?p=2530","title":{"rendered":"K\u0131l\u0131\u00e7daro\u011flu: Tedbir karar\u0131 kalkt\u0131ktan sonra yasal zeminde kurultay olur"},"content":{"rendered":"\n<p class=\"wp-block-paragraph\">Mutlak butlan karar\u0131yla CHP Genel Ba\u015fkanl\u0131\u011f\u0131&#8217;na geri d\u00f6nen Kemal K\u0131l\u0131\u00e7daro\u011flu, \u00d6zg\u00fcr \u00d6zel&#8217;in \u00e7a\u011fr\u0131 yapt\u0131\u011f\u0131 kurultay\u0131n ne zaman yap\u0131laca\u011f\u0131n\u0131 ilk kez a\u00e7\u0131klad\u0131. K\u0131l\u0131\u00e7daro\u011flu &#8220;CHP&#8217;de kurultay Yarg\u0131tay&#8217;daki temyiz ba\u015fvurusunun sonu\u00e7lanmas\u0131 ve tedbir karar\u0131n\u0131n kalkmas\u0131n\u0131n ard\u0131ndan yap\u0131lacak&#8221; dedi. Mazbatas\u0131n\u0131n olmad\u0131\u011f\u0131 sorusuna ise K\u0131l\u0131\u00e7daro\u011flu, &#8220;Mahkeme karar\u0131na uyaca\u011f\u0131z. Benim elimde olsa yar\u0131n sabah kurultaya giderim. Hukuk\u00e7u olmad\u0131\u011f\u0131m i\u00e7in bilmiyorum ama hukuk\u00e7ulara soraca\u011f\u0131z&#8221; yan\u0131t\u0131n\u0131 verdi.<\/p>\n\n\n\n<p class=\"wp-block-paragraph\">Kurultay se\u00e7iminde kaybetti\u011fi CHP Genel Ba\u015fkanl\u0131\u011f\u0131 g\u00f6revine mutlak butlan karar\u0131yla d\u00f6nen&nbsp;<a href=\"https:\/\/www.sondakika.com\/kemal-kilicdaroglu\/\">Kemal K\u0131l\u0131\u00e7daro\u011flu<\/a>, Ankara&#8217;da bayramla\u015fma program\u0131 kapsam\u0131nda bas\u0131n mensuplar\u0131n\u0131n kar\u015f\u0131s\u0131na \u00e7\u0131kt\u0131.<\/p>\n\n\n\n<p class=\"wp-block-paragraph\">K\u0131l\u0131\u00e7daro\u011flu, CHP&#8217;de yap\u0131lacak kurultay i\u00e7in&nbsp;<a href=\"https:\/\/www.sondakika.com\/yargitay\/\">Yarg\u0131tay<\/a>&#8216;dan gelecek karar\u0131n beklenece\u011fini belirterek \u015fu ifadeleri kulland\u0131:&nbsp;&#8220;Kurultay yapaca\u011f\u0131z, kurultays\u0131z bir parti olur mu? Bunun i\u00e7in yasal zeminde yap\u0131lmas\u0131 laz\u0131m. Tedbir karar\u0131 kalkt\u0131ktan sonra kurultay yap\u0131l\u0131r. Ku\u015fkusuz bu hukuk\u00e7ular\u0131n alan\u0131nda. Hukuk\u00e7u arkada\u015flarla bir araya gelece\u011fiz, en k\u0131sa s\u00fcrede kurultay\u0131 nas\u0131l yapar\u0131z diye konu\u015faca\u011f\u0131z.&#8221;<\/p>\n\n\n\n<h3 class=\"wp-block-heading\">&#8220;EL\u0130MDE OLSA YARIN SABAH KURULTAYA G\u0130DER\u0130M&#8221;<\/h3>\n\n\n\n<p class=\"wp-block-paragraph\">Y\u00fcksek Se\u00e7im Kurulunca mazbatas\u0131n\u0131n olmad\u0131\u011f\u0131 sorusuna K\u0131l\u0131\u00e7daro\u011flu, &#8220;\u0130\u015f mazbata de\u011fil, siz yarg\u0131 karar\u0131n\u0131 bir k\u00f6\u015feye atamazs\u0131n\u0131z. Mahkeme karar\u0131na uyaca\u011f\u0131z. Benim elimde olsa yar\u0131n sabah kurultaya giderim. Hukuk\u00e7u olmad\u0131\u011f\u0131m i\u00e7in bilmiyorum ama hukuk\u00e7ulara soraca\u011f\u0131z&#8221; dedi.<\/p>\n\n\n\n<figure class=\"wp-block-image\"><img decoding=\"async\" src=\"https:\/\/foto.sondakika.com\/haber\/2026\/05\/27\/kilicdaroglu-tedbir-karari-kal-19887342-5550_1_m.jpg\" alt=\"K\u0131l\u0131\u00e7daro\u011flu: Tedbir karar\u0131 kalkt\u0131ktan sonra yasal zeminde kurultay olur\"\/><\/figure>\n\n\n\n<h3 class=\"wp-block-heading\">ADAY OLACAK MI?<\/h3>\n\n\n\n<p class=\"wp-block-paragraph\">&#8220;Kurultay yap\u0131l\u0131rsa aday olur musunuz?&#8221; sorusuna ise K\u0131l\u0131\u00e7daro\u011flu, &#8220;Kurultay olsun hele bir, Allah kerim&#8221; yan\u0131t\u0131n\u0131 verdi.<\/p>\n\n\n\n<h3 class=\"wp-block-heading\">\u00d6ZEL&#8217;\u0130N \u00c7A\u011eRISINA YANIT VERD\u0130<\/h3>\n\n\n\n<p class=\"wp-block-paragraph\">CHP lideri&nbsp;<a href=\"https:\/\/www.sondakika.com\/ozgur-ozel\/\">\u00d6zg\u00fcr \u00d6zel<\/a>&#8216;in &#8220;2 milyon CHP&#8217;li Genel Ba\u015fkan\u0131m\u0131z\u0131 se\u00e7sin&#8221; \u00e7a\u011fr\u0131s\u0131na K\u0131l\u0131\u00e7daro\u011flu, &#8220;Genel Ba\u015fkan\u0131n nas\u0131l se\u00e7ilece\u011fi belli, siz kurultay\u0131 devre d\u0131\u015f\u0131 b\u0131rakamazs\u0131n\u0131z&#8221; dedi.<\/p>\n\n\n\n<h3 class=\"wp-block-heading\">\u0130HRA\u00c7 S\u00dcREC\u0130 BA\u015eLATILACAK MI?<\/h3>\n\n\n\n<p class=\"wp-block-paragraph\">&#8220;\u0130hra\u00e7 s\u00fcreci ba\u015flat\u0131lacak m\u0131?&#8221; sorusuna yan\u0131t veren K\u0131l\u0131\u00e7daro\u011flu, &#8220;Bir s\u00fcr\u00fc dedikodu arkada\u015flar, bunlara inanmay\u0131n. Bir parti y\u00f6netimi hukuk i\u00e7inde ve ciddiyetle yap\u0131l\u0131r. Siz dedikodularla bir \u015fey yapamazs\u0131n\u0131z. \u0130hrac\u0131n ko\u015fullar\u0131 vard\u0131r, bir ki\u015fi tutup da &#8216;Ben bunu be\u011fenmedim, ihra\u00e7 edeyim&#8217; \u00d6yle bir \u015fey yok&#8221; \u015feklinde konu\u015ftu.<\/p>\n\n\n\n<figure class=\"wp-block-image\"><img decoding=\"async\" src=\"https:\/\/foto.sondakika.com\/haber\/2026\/05\/27\/kilicdaroglu-tedbir-karari-kal-19887342-5017_1_m.jpg\" alt=\"K\u0131l\u0131\u00e7daro\u011flu: Tedbir karar\u0131 kalkt\u0131ktan sonra yasal zeminde kurultay olur\"\/><\/figure>\n\n\n\n<h3 class=\"wp-block-heading\">&#8220;B\u0130Z MUTLAK BUTLAN KARARINA UYDUK&#8221;<\/h3>\n\n\n\n<p class=\"wp-block-paragraph\">&#8216;Mutlak butlan&#8217; karar\u0131na y\u00f6nelik K\u0131l\u0131\u00e7daro\u011flu, &#8220;Davan\u0131n taraf\u0131 de\u011filim, dava nedir, hangi s\u00fcre\u00e7tir bilmiyorum. Biz karara uyduk. Bir s\u00fcr\u00fc dedikodu var, herkes bir \u015fey s\u00f6yl\u00fcyor&#8221; dedi.<a href=\"https:\/\/www.sondakika.com\/guncel\/haber-ozgur-ozelin-de-adi-geciyordu-kilicdaroglu-ihrac-19887482\/\" target=\"_blank\" rel=\"noreferrer noopener\">\u00d6zg\u00fcr \u00d6zel&#8217;in de ad\u0131 ge\u00e7iyordu! K\u0131l\u0131\u00e7daro\u011flu ihra\u00e7 tart\u0131\u015fmalar\u0131na noktay\u0131 koydu<\/a><\/p>\n\n\n\n<h3 class=\"wp-block-heading\">GENEL MERKEZ&#8217;E POL\u0130S M\u00dcDAHALES\u0130<\/h3>\n\n\n\n<p class=\"wp-block-paragraph\">CHP Genel Merkezi&#8217;ne polis m\u00fcdahalesi isteyen K\u0131l\u0131\u00e7daro\u011flu soru \u00fczerine, &#8220;Herkes yasalara uymak zorundad\u0131r. Halkla bulu\u015fmada anlataca\u011f\u0131m. CHP Genel Merkezi&#8217;nden d\u0131\u015far\u0131ya ta\u015f at\u0131lmam\u0131\u015ft\u0131r. Ben kap\u0131lar\u0131 kapataca\u011f\u0131m olmaz. Bir partinin kap\u0131lar\u0131 halka, milletvekillerine kapat\u0131lamaz. Bizim tarihimizde yoktur&#8221; g\u00f6r\u00fc\u015f\u00fcn\u00fc savundu.<\/p>\n\n\n\n<figure class=\"wp-block-image\"><img decoding=\"async\" src=\"https:\/\/foto.sondakika.com\/haber\/2026\/05\/27\/kilicdaroglu-tedbir-karari-kal-19887342-8102_1_m.jpg\" alt=\"K\u0131l\u0131\u00e7daro\u011flu: Tedbir karar\u0131 kalkt\u0131ktan sonra yasal zeminde kurultay olur\"\/><\/figure>\n\n\n\n<h3 class=\"wp-block-heading\">&#8220;ADNAN BEKER&#8217;\u0130N OTOB\u00dcS\u00dcN\u00dcN ORADA NE \u0130\u015e\u0130 VAR&#8221;<\/h3>\n\n\n\n<p class=\"wp-block-paragraph\">K\u0131l\u0131\u00e7daro\u011flu \u015f\u00f6yle devam etti:&nbsp;&#8220;Gerek\u00e7elerinin anlat\u0131lmas\u0131 laz\u0131m, CHP Genel Merkezi 24 saat a\u00e7\u0131kt\u0131r. CHP Milletvekilleri randevu alarak gelmez buraya. Buras\u0131 parti, her saatte herkes gelebilir. Protesto etmeye de gelebilir. Biz demokrasiye inan\u0131yoruz. Zaten siyasetin do\u011fas\u0131nda vard\u0131r bu. Oras\u0131 kimsenin babas\u0131n\u0131n mal\u0131 de\u011fildir, oras\u0131 halk\u0131nd\u0131r. Girseydi milletvekilleri i\u00e7eri ne olacakt\u0131, kavga m\u0131 \u00e7\u0131kacakt\u0131 yani?<\/p>\n\n\n\n<p class=\"wp-block-paragraph\">Adnan Beker&#8217;in otob\u00fcs\u00fcn\u00fcn orada ne i\u015fi var, bir ak\u0131l var ya ak\u0131l. Bunlar\u0131n orada ne i\u015fi var? Bunlar\u0131n \u00e7o\u011fu partili de\u011fil. Ta\u015f atmak, olay \u00e7\u0131karmak i\u00e7in mi? CHP&#8217;yi yaralamak i\u00e7in mi? Bunlara nas\u0131l g\u00fcveniyorlar, nas\u0131l partiye sokuyorlar? Ahlaki sorunlu olan bir ki\u015finin CHP Genel Merkezi&#8217;nde ne i\u015fi var ya! Cumhurba\u015fkanl\u0131\u011f\u0131 se\u00e7iminde oy vermedim diyen bir insan\u0131n orada ne i\u015fi var, kabul edilemez!&#8221;<\/p>\n","protected":false},"excerpt":{"rendered":"<p>Mutlak butlan karar\u0131yla CHP Genel Ba\u015fkanl\u0131\u011f\u0131&#8217;na geri d\u00f6nen Kemal K\u0131l\u0131\u00e7daro\u011flu, \u00d6zg\u00fcr \u00d6zel&#8217;in \u00e7a\u011fr\u0131 yapt\u0131\u011f\u0131 kurultay\u0131n<\/p>\n","protected":false},"author":1,"featured_media":2531,"comment_status":"open","ping_status":"open","sticky":false,"template":"","format":"standard","meta":{"_rtcl_gb_attr":"","footnotes":""},"categories":[44],"tags":[],"class_list":["post-2530","post","type-post","status-publish","format-standard","has-post-thumbnail","hentry","category-politika"],"_links":{"self":[{"href":"https:\/\/turkiyemhaber.com\/index.php?rest_route=\/wp\/v2\/posts\/2530","targetHints":{"allow":["GET"]}}],"collection":[{"href":"https:\/\/turkiyemhaber.com\/index.php?rest_route=\/wp\/v2\/posts"}],"about":[{"href":"https:\/\/turkiyemhaber.com\/index.php?rest_route=\/wp\/v2\/types\/post"}],"author":[{"embeddable":true,"href":"https:\/\/turkiyemhaber.com\/index.php?rest_route=\/wp\/v2\/users\/1"}],"replies":[{"embeddable":true,"href":"https:\/\/turkiyemhaber.com\/index.php?rest_route=%2Fwp%2Fv2%2Fcomments&post=2530"}],"version-history":[{"count":1,"href":"https:\/\/turkiyemhaber.com\/index.php?rest_route=\/wp\/v2\/posts\/2530\/revisions"}],"predecessor-version":[{"id":2532,"href":"https:\/\/turkiyemhaber.com\/index.php?rest_route=\/wp\/v2\/posts\/2530\/revisions\/2532"}],"wp:featuredmedia":[{"embeddable":true,"href":"https:\/\/turkiyemhaber.com\/index.php?rest_route=\/wp\/v2\/media\/2531"}],"wp:attachment":[{"href":"https:\/\/turkiyemhaber.com\/index.php?rest_route=%2Fwp%2Fv2%2Fmedia&parent=2530"}],"wp:term":[{"taxonomy":"category","embeddable":true,"href":"https:\/\/turkiyemhaber.com\/index.php?rest_route=%2Fwp%2Fv2%2Fcategories&post=2530"},{"taxonomy":"post_tag","embeddable":true,"href":"https:\/\/turkiyemhaber.com\/index.php?rest_route=%2Fwp%2Fv2%2Ftags&post=2530"}],"curies":[{"name":"wp","href":"https:\/\/api.w.org\/{rel}","templated":true}]}}