{"id":2527,"date":"2026-05-27T14:04:17","date_gmt":"2026-05-27T14:04:17","guid":{"rendered":"https:\/\/turkiyemhaber.com\/?p=2527"},"modified":"2026-05-27T14:04:21","modified_gmt":"2026-05-27T14:04:21","slug":"ozelden-kilicdaroglunun-bana-kalsa-yarin-kurultay-yaparim-sozlerine-jet-yanit","status":"publish","type":"post","link":"https:\/\/turkiyemhaber.com\/?p=2527","title":{"rendered":"\u00d6zel&#8217;den K\u0131l\u0131\u00e7daro\u011flu&#8217;nun \u201cBana kalsa yar\u0131n kurultay yapar\u0131m&#8221; s\u00f6zlerine jet yan\u0131t"},"content":{"rendered":"\n<p class=\"wp-block-paragraph\">CHP Genel Ba\u015fkan\u0131 \u00d6zg\u00fcr \u00d6zel, Kemal K\u0131l\u0131\u00e7daro\u011flu\u2019nun kurultay a\u00e7\u0131klamalar\u0131na yan\u0131t verdi. Ola\u011fan\u00fcst\u00fc kurultay\u0131n \u00f6n\u00fcnde hukuki engel olmad\u0131\u011f\u0131n\u0131 savunan \u00d6zel, \u201cTedbir karar\u0131 kurultaya engel de\u011fildir. 45 g\u00fcn i\u00e7inde kurultay yap\u0131lmas\u0131n\u0131n \u00f6n\u00fcnde hi\u00e7bir engel yok, yapman\u0131n 3-4 farkl\u0131 yolu var. Yeter ki niyet olsun\u201d dedi. \u00d6zel ayr\u0131ca, \u201cCHP\u2019yi mahkeme kararlar\u0131 de\u011fil, CHP\u2019nin kendisi \u015fekillendirir\u201d ifadelerini kulland\u0131.<\/p>\n\n\n\n<p class=\"wp-block-paragraph\">CHP Genel Ba\u015fkan\u0131&nbsp;<a href=\"https:\/\/www.sondakika.com\/ozgur-ozel\/\">\u00d6zg\u00fcr \u00d6zel<\/a>, \u201cmutlak butlan\u201d karar\u0131 sonras\u0131 yeniden genel ba\u015fkanl\u0131k koltu\u011funa oturan Kemal K\u0131l\u0131\u00e7daro\u011flu\u2019nun kurultay a\u00e7\u0131klamalar\u0131na yan\u0131t verdi. \u00d6zel, ola\u011fan\u00fcst\u00fc kurultay\u0131n \u00f6n\u00fcnde hukuki engel olmad\u0131\u011f\u0131n\u0131 belirterek, \u201cYeter ki niyet olsun\u201d dedi.<\/p>\n\n\n\n<p class=\"wp-block-paragraph\">\u00d6zel\u2019e, K\u0131l\u0131\u00e7daro\u011flu\u2019nun \u201cYarg\u0131tay\u2019da tedbir karar\u0131 var\u201d s\u00f6zleri hat\u0131rlat\u0131larak, \u201cOla\u011fan\u00fcst\u00fc kurultay sorusuna da Yarg\u0131tay\u2019\u0131n tedbir karar\u0131 oldu\u011funu hat\u0131rlatt\u0131, yarg\u0131 s\u00fcrecine bakarak kurultay s\u00fcrecini i\u015fleyeceklerini s\u00f6yledi. \u2018Bana kalsa yar\u0131n yapar\u0131m\u2019 diye de ekledi. Yan\u0131t\u0131n\u0131z ne olur?\u201d sorusu y\u00f6neltildi.<\/p>\n\n\n\n<h3 class=\"wp-block-heading\">\u201cTEDB\u0130R KARARI KURULTAYA ENGEL DE\u011e\u0130L\u201d<\/h3>\n\n\n\n<p class=\"wp-block-paragraph\">CHP lideri, ola\u011fan ya da ola\u011fan\u00fcst\u00fc kurultay\u0131n yeni bir kurucu i\u015flem oldu\u011funu belirterek \u015fu ifadeleri kulland\u0131:<\/p>\n\n\n\n<p class=\"wp-block-paragraph\">\u201cOla\u011fan ya da ola\u011fan\u00fcst\u00fc kurultay, yeni bir kurucu i\u015flemdir. Dolay\u0131s\u0131yla tedbir olmas\u0131 kurultay yap\u0131lmas\u0131na engel de\u011fildir. Mesele niyet meselesidir.\u201d<a href=\"https:\/\/www.sondakika.com\/guncel\/haber-kilicdaroglu-tedbir-karari-kalktiktan-sonra-yasal-19887343\/\" target=\"_blank\" rel=\"noreferrer noopener\">K\u0131l\u0131\u00e7daro\u011flu: Tedbir karar\u0131 kalkt\u0131ktan sonra yasal zeminde kurultay olur<\/a><\/p>\n\n\n\n<h3 class=\"wp-block-heading\">\u201cCHP\u2019Y\u0130 MAHKEME KARARLARI DE\u011e\u0130L, S\u0130YASET \u015eEK\u0130LLEND\u0130R\u0130R\u201d<\/h3>\n\n\n\n<p class=\"wp-block-paragraph\">\u00d6zel, olas\u0131 bir yarg\u0131 m\u00fcdahalesine kar\u015f\u0131 birlikte hareket edilmesi gerekti\u011fini belirterek, \u201cDiyelim ki biz kurultay karar\u0131 ald\u0131k ama AK Parti yarg\u0131s\u0131 engel oldu. O zaman da o karar\u0131n kar\u015f\u0131s\u0131nda birlikte dural\u0131m. CHP\u2019yi mahkeme kararlar\u0131 de\u011fil, CHP\u2019nin kendisi \u015fekillendirir. Siyaset \u015fekillendirir\u201d dedi.<\/p>\n\n\n\n<h3 class=\"wp-block-heading\">\u201c45 G\u00dcN \u0130\u00c7\u0130NDE YAPMANIN 3-4 FARKLI YOLU VAR\u201d<\/h3>\n\n\n\n<p class=\"wp-block-paragraph\">Kurultay\u0131n 45 g\u00fcn i\u00e7inde yap\u0131lmas\u0131n\u0131n \u00f6n\u00fcnde hi\u00e7bir hukuki engel bulunmad\u0131\u011f\u0131n\u0131 savunan \u00d6zel, \u201cAyr\u0131ca 45 g\u00fcn sonra kurultay yap\u0131lmas\u0131 i\u00e7in hi\u00e7bir hukuki engel yoktur, yapman\u0131n 3-4 farkl\u0131 yolu vard\u0131r. Yeter ki niyet olsun\u201d ifadelerini kulland\u0131.<\/p>\n\n\n\n<h3 class=\"wp-block-heading\">KILI\u00c7DARO\u011eLU\u2019NUN \u201cPOL\u0130S M\u00dcDAHALES\u0130\u201d \u00c7IKI\u015eINA DA YANIT VERD\u0130<\/h3>\n\n\n\n<p class=\"wp-block-paragraph\">\u00d6zg\u00fcr \u00d6zel\u2019e, Kemal K\u0131l\u0131\u00e7daro\u011flu\u2019nun CHP Genel Merkezi\u2019ne y\u00f6nelik polis m\u00fcdahalesiyle ilgili \u201cMilletvekilleri nas\u0131l i\u00e7eriye al\u0131nmaz? Oras\u0131 halk\u0131n partisi\u201d s\u00f6zleri de soruldu.<\/p>\n\n\n\n<p class=\"wp-block-paragraph\">\u00d6zel, K\u0131l\u0131\u00e7daro\u011flu ile olaydan bir g\u00fcn \u00f6nce g\u00f6r\u00fc\u015ft\u00fcklerini belirterek, \u201cKurultay tarihi belirlenmesi i\u00e7in kar\u015f\u0131l\u0131kl\u0131 2\u2019\u015fer arkada\u015f\u0131m\u0131z\u0131 g\u00f6revlendirdik. Saat 12.00\u2019de g\u00f6r\u00fc\u015f\u00fcp m\u00fczakere edeceklerdi. Ancak Kemal Bey\u2019in g\u00f6revlendirdi\u011fi o 2 arkada\u015f sabah 7\u2019de arkalar\u0131na mafyatik gruplar\u0131 al\u0131p partimizin kap\u0131s\u0131na dayand\u0131\u201d dedi.<\/p>\n\n\n\n<p class=\"wp-block-paragraph\">K\u0131l\u0131\u00e7daro\u011flu\u2019nun s\u00f6z konusu isimleri sabah saatlerinde partiye kendisinin g\u00f6ndermedi\u011fini s\u00f6yledi\u011fini aktaran \u00d6zel, \u201c12\u2019de m\u00fczakere varken sabah 7\u2019de hem mafyatik hem de Erdo\u011fan destek\u00e7isi bir grupla partinin bas\u0131lmas\u0131 uzla\u015fmac\u0131 bir tav\u0131r m\u0131d\u0131r?\u201d ifadelerini kulland\u0131.<\/p>\n\n\n\n<h3 class=\"wp-block-heading\">\u201c\u00c7OK K\u00d6T\u00dc G\u00d6R\u00dcNT\u00dcLER ORTAYA \u00c7IKARDI\u201d<\/h3>\n\n\n\n<p class=\"wp-block-paragraph\">\u00d6zel, milletvekillerinin tek ba\u015flar\u0131na i\u00e7eri girme talebinde bulunmad\u0131\u011f\u0131n\u0131 savunarak, \u201cO milletvekillerinin de tek ba\u015flar\u0131na i\u00e7eri girme talebi olmad\u0131, mafyatik gruplarla girmek istediler. \u0130\u00e7eride de \u00e7ok \u00f6fkeli bir kalabal\u0131k vard\u0131. \u0130\u00e7eri girselerdi \u00e7ok k\u00f6t\u00fc g\u00f6r\u00fcnt\u00fcler ortaya \u00e7\u0131kacakt\u0131\u201d dedi.<\/p>\n","protected":false},"excerpt":{"rendered":"<p>CHP Genel Ba\u015fkan\u0131 \u00d6zg\u00fcr \u00d6zel, Kemal K\u0131l\u0131\u00e7daro\u011flu\u2019nun kurultay a\u00e7\u0131klamalar\u0131na yan\u0131t verdi. Ola\u011fan\u00fcst\u00fc kurultay\u0131n \u00f6n\u00fcnde hukuki<\/p>\n","protected":false},"author":1,"featured_media":2528,"comment_status":"open","ping_status":"open","sticky":false,"template":"","format":"standard","meta":{"_rtcl_gb_attr":"","footnotes":""},"categories":[44],"tags":[],"class_list":["post-2527","post","type-post","status-publish","format-standard","has-post-thumbnail","hentry","category-politika"],"_links":{"self":[{"href":"https:\/\/turkiyemhaber.com\/index.php?rest_route=\/wp\/v2\/posts\/2527","targetHints":{"allow":["GET"]}}],"collection":[{"href":"https:\/\/turkiyemhaber.com\/index.php?rest_route=\/wp\/v2\/posts"}],"about":[{"href":"https:\/\/turkiyemhaber.com\/index.php?rest_route=\/wp\/v2\/types\/post"}],"author":[{"embeddable":true,"href":"https:\/\/turkiyemhaber.com\/index.php?rest_route=\/wp\/v2\/users\/1"}],"replies":[{"embeddable":true,"href":"https:\/\/turkiyemhaber.com\/index.php?rest_route=%2Fwp%2Fv2%2Fcomments&post=2527"}],"version-history":[{"count":1,"href":"https:\/\/turkiyemhaber.com\/index.php?rest_route=\/wp\/v2\/posts\/2527\/revisions"}],"predecessor-version":[{"id":2529,"href":"https:\/\/turkiyemhaber.com\/index.php?rest_route=\/wp\/v2\/posts\/2527\/revisions\/2529"}],"wp:featuredmedia":[{"embeddable":true,"href":"https:\/\/turkiyemhaber.com\/index.php?rest_route=\/wp\/v2\/media\/2528"}],"wp:attachment":[{"href":"https:\/\/turkiyemhaber.com\/index.php?rest_route=%2Fwp%2Fv2%2Fmedia&parent=2527"}],"wp:term":[{"taxonomy":"category","embeddable":true,"href":"https:\/\/turkiyemhaber.com\/index.php?rest_route=%2Fwp%2Fv2%2Fcategories&post=2527"},{"taxonomy":"post_tag","embeddable":true,"href":"https:\/\/turkiyemhaber.com\/index.php?rest_route=%2Fwp%2Fv2%2Ftags&post=2527"}],"curies":[{"name":"wp","href":"https:\/\/api.w.org\/{rel}","templated":true}]}}