{"id":2524,"date":"2026-05-27T14:01:28","date_gmt":"2026-05-27T14:01:28","guid":{"rendered":"https:\/\/turkiyemhaber.com\/?p=2524"},"modified":"2026-05-27T14:01:34","modified_gmt":"2026-05-27T14:01:34","slug":"iran-duyurdu-abd-cekilecek-hurmuz-acilacak","status":"publish","type":"post","link":"https:\/\/turkiyemhaber.com\/?p=2524","title":{"rendered":"\u0130ran duyurdu: ABD \u00e7ekilecek, H\u00fcrm\u00fcz a\u00e7\u0131lacak"},"content":{"rendered":"\n<p class=\"wp-block-paragraph\">\u0130ran Devlet Televizyonu, ABD ile mutabakat zapt\u0131 i\u00e7in gayriresmi \u00e7er\u00e7evenin taslak metninin haz\u0131r oldu\u011funu duyurdu. Tasla\u011fa g\u00f6re H\u00fcrm\u00fcz Bo\u011faz\u0131&#8217;daki gemi trafi\u011finin y\u00f6netimi \u0130ran ve Umman i\u015fbirli\u011fiyle yap\u0131lacak. \u0130ran, bir ay i\u00e7inde H\u00fcrm\u00fcz Bo\u011faz\u0131\u2019ndaki ticari deniz ta\u015f\u0131mac\u0131l\u0131\u011f\u0131n\u0131 sava\u015f \u00f6ncesi seviyelere geri d\u00f6nd\u00fcrecek. Buna kar\u015f\u0131l\u0131k ABD ise \u0130ran \u00e7evresindeki askeri g\u00fc\u00e7lerini geri \u00e7ekecek ve deniz ablukas\u0131n\u0131 kald\u0131racak.<\/p>\n\n\n\n<p class=\"wp-block-paragraph\"><a href=\"https:\/\/www.sondakika.com\/iran\/\">\u0130ran<\/a>&nbsp;devlet televizyonu, \u0130ran ile ABD aras\u0131nda muhtemel bir bar\u0131\u015f anla\u015fmas\u0131na y\u00f6nelik mutabakat zapt\u0131na ili\u015fkin ilk gayriresmi \u00e7er\u00e7eve tasla\u011f\u0131na ula\u015f\u0131ld\u0131\u011f\u0131n\u0131 \u00f6ne s\u00fcrd\u00fc.&nbsp;Haberde, iki \u00fclke aras\u0131nda sava\u015f\u0131 sona erdirmek amac\u0131yla haz\u0131rlanan gayriresmi mutabakat\u0131n ilk tasla\u011f\u0131nda yer alan detaylar\u0131 duyuruldu.<\/p>\n\n\n\n<h3 class=\"wp-block-heading\">H\u00dcRM\u00dcZ BO\u011eAZI \u0130\u00c7\u0130N ORTAK Y\u00d6NET\u0130M FORM\u00dcL\u00dc<\/h3>\n\n\n\n<p class=\"wp-block-paragraph\">Taslak metne g\u00f6re, d\u00fcnya enerji ticaretinin en kritik ge\u00e7i\u015f noktalar\u0131ndan biri olan H\u00fcrm\u00fcz Bo\u011faz\u0131\u2019ndaki gemi trafi\u011finin y\u00f6netimi \u0130ran ve Umman i\u015f birli\u011fiyle sa\u011flanacak.<\/p>\n\n\n\n<h3 class=\"wp-block-heading\">&#8220;AMER\u0130KAN G\u00dc\u00c7LER\u0130 \u00c7EK\u0130LECEK&#8221; MADDES\u0130<\/h3>\n\n\n\n<p class=\"wp-block-paragraph\">Sava\u015f\u0131 sona erdirmek amac\u0131yla ABD ile haz\u0131rlanacak mutabakat zapt\u0131na ili\u015fkin ilk gayriresmi \u00e7er\u00e7eve tasla\u011f\u0131na g\u00f6re; \u0130ran, 1 ay i\u00e7inde H\u00fcrm\u00fcz Bo\u011faz\u0131\u2019ndaki ticari deniz ta\u015f\u0131mac\u0131l\u0131\u011f\u0131n\u0131 sava\u015f \u00f6ncesi seviyelere geri d\u00f6nd\u00fcrecek&nbsp;ancak askeri gemiler anla\u015fma tasla\u011f\u0131nda kapsam d\u0131\u015f\u0131nda tutulacak.<\/p>\n\n\n\n<p class=\"wp-block-paragraph\">Taslakta yer alan bir di\u011fer \u00f6nemli ba\u015fl\u0131k ise Amerikan askeri varl\u0131\u011f\u0131 oldu. Taslak metne g\u00f6re ABD g\u00fc\u00e7leri \u0130ran yak\u0131n\u0131ndaki b\u00f6lgelerden \u00e7ekilecek ve \u0130ran\u2019a y\u00f6nelik deniz ablukas\u0131 kald\u0131r\u0131lacak.&nbsp;<\/p>\n\n\n\n<h3 class=\"wp-block-heading\">60 G\u00dcNL\u00dcK KR\u0130T\u0130K S\u00dcRE\u00c7<\/h3>\n\n\n\n<p class=\"wp-block-paragraph\">Haberde, taraflar\u0131n 60 g\u00fcn i\u00e7inde nihai anla\u015fmaya varmas\u0131 halinde mutabakat\u0131n Birle\u015fmi\u015f Milletler G\u00fcvenlik Konseyi karar\u0131 olarak onaylanmas\u0131n\u0131n planland\u0131\u011f\u0131 belirtildi.<\/p>\n\n\n\n<h3 class=\"wp-block-heading\">&#8220;SOMUT DO\u011eRULAMA OLMADAN ADIM ATMAYACA\u011eIZ&#8221;<\/h3>\n\n\n\n<p class=\"wp-block-paragraph\">\u0130ran devlet televizyonu, &#8220;\u0130slamabad mutabakat\u0131&#8221; olarak adland\u0131r\u0131lan daha geni\u015f kapsaml\u0131 \u00e7er\u00e7evenin ise hen\u00fcz kesinle\u015fmedi\u011fini belirterek, Tahran\u2019\u0131n \u201cdo\u011frulama mekanizmas\u0131\u201d olmadan herhangi bir ad\u0131m atmayaca\u011f\u0131n\u0131 vurgulad\u0131.<\/p>\n\n\n\n<p class=\"wp-block-paragraph\">Taslak metinle ilgili hen\u00fcz ABD taraf\u0131ndan resmi bir a\u00e7\u0131klama yap\u0131lmad\u0131.<\/p>\n","protected":false},"excerpt":{"rendered":"<p>\u0130ran Devlet Televizyonu, ABD ile mutabakat zapt\u0131 i\u00e7in gayriresmi \u00e7er\u00e7evenin taslak metninin haz\u0131r oldu\u011funu duyurdu.<\/p>\n","protected":false},"author":1,"featured_media":2525,"comment_status":"open","ping_status":"open","sticky":false,"template":"","format":"standard","meta":{"_rtcl_gb_attr":"","footnotes":""},"categories":[65],"tags":[],"class_list":["post-2524","post","type-post","status-publish","format-standard","has-post-thumbnail","hentry","category-dunya"],"_links":{"self":[{"href":"https:\/\/turkiyemhaber.com\/index.php?rest_route=\/wp\/v2\/posts\/2524","targetHints":{"allow":["GET"]}}],"collection":[{"href":"https:\/\/turkiyemhaber.com\/index.php?rest_route=\/wp\/v2\/posts"}],"about":[{"href":"https:\/\/turkiyemhaber.com\/index.php?rest_route=\/wp\/v2\/types\/post"}],"author":[{"embeddable":true,"href":"https:\/\/turkiyemhaber.com\/index.php?rest_route=\/wp\/v2\/users\/1"}],"replies":[{"embeddable":true,"href":"https:\/\/turkiyemhaber.com\/index.php?rest_route=%2Fwp%2Fv2%2Fcomments&post=2524"}],"version-history":[{"count":1,"href":"https:\/\/turkiyemhaber.com\/index.php?rest_route=\/wp\/v2\/posts\/2524\/revisions"}],"predecessor-version":[{"id":2526,"href":"https:\/\/turkiyemhaber.com\/index.php?rest_route=\/wp\/v2\/posts\/2524\/revisions\/2526"}],"wp:featuredmedia":[{"embeddable":true,"href":"https:\/\/turkiyemhaber.com\/index.php?rest_route=\/wp\/v2\/media\/2525"}],"wp:attachment":[{"href":"https:\/\/turkiyemhaber.com\/index.php?rest_route=%2Fwp%2Fv2%2Fmedia&parent=2524"}],"wp:term":[{"taxonomy":"category","embeddable":true,"href":"https:\/\/turkiyemhaber.com\/index.php?rest_route=%2Fwp%2Fv2%2Fcategories&post=2524"},{"taxonomy":"post_tag","embeddable":true,"href":"https:\/\/turkiyemhaber.com\/index.php?rest_route=%2Fwp%2Fv2%2Ftags&post=2524"}],"curies":[{"name":"wp","href":"https:\/\/api.w.org\/{rel}","templated":true}]}}