{"id":2518,"date":"2026-05-26T22:39:55","date_gmt":"2026-05-26T22:39:55","guid":{"rendered":"https:\/\/turkiyemhaber.com\/?p=2518"},"modified":"2026-05-26T22:39:59","modified_gmt":"2026-05-26T22:39:59","slug":"a-milli-takimin-dunya-kupasindaki-rakibi-abdnin-kadrosu-belli-oldu","status":"publish","type":"post","link":"https:\/\/turkiyemhaber.com\/?p=2518","title":{"rendered":"A Milli Tak\u0131m&#8217;\u0131n D\u00fcnya Kupas\u0131&#8217;ndaki rakibi ABD&#8217;nin kadrosu belli oldu"},"content":{"rendered":"\n<p class=\"wp-block-paragraph\">A Milli Tak\u0131m\u0131m\u0131z\u0131n 2026 D\u00fcnya Kupas\u0131 D Grubu&#8217;ndaki rakiplerinden ABD&#8217;nin 26 ki\u015filik turnuva kadrosu a\u00e7\u0131kland\u0131.<\/p>\n\n\n\n<p class=\"wp-block-paragraph\">A Milli Tak\u0131m\u0131m\u0131z\u0131n 2026 FIFA D\u00fcnya Kupas\u0131\u2019nda D Grubu&#8217;ndaki rakiplerinden olan ve turnuvan\u0131n ev sahiplerinden ABD&#8217;nin 26 ki\u015filik turnuva kadrosu a\u00e7\u0131kland\u0131.<\/p>\n\n\n\n<p class=\"wp-block-paragraph\"><strong>ABD&#8217;nin kadrosu \u015fu \u015fekilde:<\/strong><\/p>\n\n\n\n<p class=\"wp-block-paragraph\"><strong>Kaleciler:&nbsp;<\/strong>Matt Freese (NYCFC), Matt Turner (New England Revolution), Chris Brady (Chicago Fire)<\/p>\n\n\n\n<p class=\"wp-block-paragraph\"><strong>Defanslar:&nbsp;<\/strong>Chris Richards (Crystal Palace), Antonee Robinson (Fulham), Sergino Dest (PSV Eindhoven), Alex Freeman (Villarreal), Auston Trusty (Celtic), Tim Ream (Charlotte FC), Mark McKenzie (Toulouse), Max Arfsten (Columbus Crew), Joe Scally (Borussia M\u00f6nchengladbach), Miles Robinson (FC Cincinnati)<\/p>\n\n\n\n<p class=\"wp-block-paragraph\"><strong>Orta sahalar:&nbsp;<\/strong>Weston McKennie (Juventus), Tyler Adams (Bournemouth), Tim Weah (Olympique Marseille), Alejandro Zendejas (Club Am\u00e9rica), Malik Tillman (Bayer Leverkusen), Brenden Aaronson (Leeds United), Sebastian Berhalter (Vancouver Whitecaps), Gio Reyna (Borussia M\u00f6nchengladbach), Cristian Roldan (Seattle Sounders)<\/p>\n\n\n\n<p class=\"wp-block-paragraph\"><strong>Forvetler:&nbsp;<\/strong>Christian Pulisic (AC Milan), Folarin Balogun (Monaco), Haji Wright (Coventry City), Ricardo Pepi (PSV Eindhoven)<\/p>\n\n\n\n<figure class=\"wp-block-image\"><img decoding=\"async\" src=\"https:\/\/foto.sondakika.com\/haber\/2026\/05\/26\/a-milli-takimin-dunya-kupasind-2b9b35c679-1864_1_m.jpg\" alt=\"A Milli Tak\u0131m'\u0131n D\u00fcnya Kupas\u0131'ndaki rakibi ABD'nin kadrosu belli oldu\"\/><\/figure>\n\n\n\n<h3 class=\"wp-block-heading\">ABD-T\u00dcRK\u0130YE MA\u00c7I NE ZAMAN?<\/h3>\n\n\n\n<p class=\"wp-block-paragraph\">Mauricio Pochettino y\u00f6netimindeki ABD, 2026 D\u00fcnya Kupas\u0131&#8217;nda D Grubu&#8217;nda&nbsp;<a href=\"https:\/\/www.sondakika.com\/turkiye\/\">T\u00fcrkiye<\/a>, Paraguay ve Avustralya ile kar\u015f\u0131la\u015facak.&nbsp;Ev sahibi \u00fclke, ilk ma\u00e7\u0131n\u0131 Paraguay, ikinci ma\u00e7\u0131n\u0131 Avustralya, \u00fc\u00e7\u00fcnc\u00fc ma\u00e7\u0131n\u0131 da T\u00fcrkiye ile oynayacak.&nbsp;ABD&#8217;nin T\u00fcrkiye ile oynayaca\u011f\u0131 ma\u00e7 26 Haziran Cuma g\u00fcn\u00fc saat 05.00&#8217;te ba\u015flayacak.&nbsp;<\/p>\n","protected":false},"excerpt":{"rendered":"<p>A Milli Tak\u0131m\u0131m\u0131z\u0131n 2026 D\u00fcnya Kupas\u0131 D Grubu&#8217;ndaki rakiplerinden ABD&#8217;nin 26 ki\u015filik turnuva kadrosu a\u00e7\u0131kland\u0131.<\/p>\n","protected":false},"author":1,"featured_media":2519,"comment_status":"open","ping_status":"open","sticky":false,"template":"","format":"standard","meta":{"_rtcl_gb_attr":"","footnotes":""},"categories":[3],"tags":[],"class_list":["post-2518","post","type-post","status-publish","format-standard","has-post-thumbnail","hentry","category-spor"],"_links":{"self":[{"href":"https:\/\/turkiyemhaber.com\/index.php?rest_route=\/wp\/v2\/posts\/2518","targetHints":{"allow":["GET"]}}],"collection":[{"href":"https:\/\/turkiyemhaber.com\/index.php?rest_route=\/wp\/v2\/posts"}],"about":[{"href":"https:\/\/turkiyemhaber.com\/index.php?rest_route=\/wp\/v2\/types\/post"}],"author":[{"embeddable":true,"href":"https:\/\/turkiyemhaber.com\/index.php?rest_route=\/wp\/v2\/users\/1"}],"replies":[{"embeddable":true,"href":"https:\/\/turkiyemhaber.com\/index.php?rest_route=%2Fwp%2Fv2%2Fcomments&post=2518"}],"version-history":[{"count":1,"href":"https:\/\/turkiyemhaber.com\/index.php?rest_route=\/wp\/v2\/posts\/2518\/revisions"}],"predecessor-version":[{"id":2520,"href":"https:\/\/turkiyemhaber.com\/index.php?rest_route=\/wp\/v2\/posts\/2518\/revisions\/2520"}],"wp:featuredmedia":[{"embeddable":true,"href":"https:\/\/turkiyemhaber.com\/index.php?rest_route=\/wp\/v2\/media\/2519"}],"wp:attachment":[{"href":"https:\/\/turkiyemhaber.com\/index.php?rest_route=%2Fwp%2Fv2%2Fmedia&parent=2518"}],"wp:term":[{"taxonomy":"category","embeddable":true,"href":"https:\/\/turkiyemhaber.com\/index.php?rest_route=%2Fwp%2Fv2%2Fcategories&post=2518"},{"taxonomy":"post_tag","embeddable":true,"href":"https:\/\/turkiyemhaber.com\/index.php?rest_route=%2Fwp%2Fv2%2Ftags&post=2518"}],"curies":[{"name":"wp","href":"https:\/\/api.w.org\/{rel}","templated":true}]}}