{"id":2513,"date":"2026-05-26T22:32:35","date_gmt":"2026-05-26T22:32:35","guid":{"rendered":"https:\/\/turkiyemhaber.com\/?p=2513"},"modified":"2026-05-26T22:32:41","modified_gmt":"2026-05-26T22:32:41","slug":"fenerbahceden-euroleaguee-resmi-basvuru","status":"publish","type":"post","link":"https:\/\/turkiyemhaber.com\/?p=2513","title":{"rendered":"Fenerbah\u00e7e&#8217;den EuroLeague&#8217;e resmi ba\u015fvuru"},"content":{"rendered":"\n<p class=\"wp-block-paragraph\">Fenerbah\u00e7e, 2026 EuroLeague Final Four&#8217;da ya\u015fanan biletleme ve organizasyon aksakl\u0131klar\u0131 nedeniyle taraftarlar\u0131n ma\u011fduriyetini gerek\u00e7e g\u00f6stererek EuroLeague&#8217;e resmi ba\u015fvuru yap\u0131p s\u00fcrecin takip\u00e7isi olaca\u011f\u0131n\u0131 a\u00e7\u0131klad\u0131.<\/p>\n\n\n\n<p class=\"wp-block-paragraph\"><a href=\"https:\/\/www.sondakika.com\/fenerbahce\/\">Fenerbah\u00e7e<\/a>&nbsp;Kul\u00fcb\u00fc, 22-24 May\u0131s tarihlerinde Yunanistan&#8217;\u0131n ba\u015fkenti Atina&#8217;da d\u00fczenlenen&nbsp;<a href=\"https:\/\/www.sondakika.com\/basketbol\/\">Basketbol<\/a>&nbsp;Avrupa Ligi (EuroLeague) D\u00f6rtl\u00fc Finali&#8217;nde ya\u015fanan biletleme ve organizasyon aksakl\u0131klar\u0131yla ilgili olarak resmi giri\u015fimlerde bulundu\u011funu duyurdu.<\/p>\n\n\n\n<h3 class=\"wp-block-heading\">FENERBAH\u00c7E&#8217;DEN A\u00c7IKLAMA<\/h3>\n\n\n\n<p class=\"wp-block-paragraph\">Kul\u00fcb\u00fcn internet sitesinde yer alan a\u00e7\u0131klamada, &#8220;Atina\u2019da d\u00fczenlenen EuroLeague D\u00f6rtl\u00fc Final organizasyonu kapsam\u0131nda, \u00f6zellikle yar\u0131 final kar\u015f\u0131la\u015fmas\u0131 \u00f6ncesinde ve s\u0131ras\u0131nda ya\u015fanan ciddi biletleme ve organizasyon aksakl\u0131klar\u0131na ili\u015fkin olarak EuroLeague nezdinde resmi giri\u015fimlerde bulunulmu\u015ftur. Yap\u0131lan ba\u015fvuruda; taraftarlar\u0131m\u0131z\u0131n ya\u015fad\u0131\u011f\u0131 ma\u011fduriyetler, biletleme s\u00fcre\u00e7lerinde ortaya \u00e7\u0131kan operasyonel sorunlar, oturma d\u00fczenine ili\u015fkin ciddi aksakl\u0131klar ve organizasyon s\u00fcrecinde ya\u015fanan y\u00f6netim eksiklikleri detayl\u0131 \u015fekilde kay\u0131t alt\u0131na al\u0131nm\u0131\u015ft\u0131r.&#8221; denildi.<\/p>\n\n\n\n<p class=\"wp-block-paragraph\">S\u00fcrecin takip\u00e7isi olunaca\u011f\u0131n\u0131n vurguland\u0131\u011f\u0131 a\u00e7\u0131klamada \u015fu ifadelere yer verildi:<\/p>\n\n\n\n<p class=\"wp-block-paragraph\">&#8220;Ba\u015fta taraftarlar\u0131m\u0131z olmak \u00fczere, sporcular\u0131m\u0131z\u0131n ve teknik ekibimizin ailelerini de do\u011frudan etkileyen bu kabul edilemez s\u00fcrece ili\u015fkin t\u00fcm itirazlar\u0131m\u0131z ve de\u011ferlendirmelerimiz EuroLeague ile resmi olarak payla\u015f\u0131lm\u0131\u015f; ya\u015fanan aksakl\u0131klara ili\u015fkin kapsaml\u0131 bir a\u00e7\u0131klama ve somut geri d\u00f6n\u00fc\u015f beklentimiz de kendilerine a\u00e7\u0131k \u015fekilde iletilmi\u015ftir. Fenerbah\u00e7e Kul\u00fcb\u00fc olarak; taraftarlar\u0131m\u0131z\u0131n haklar\u0131n\u0131n korunmas\u0131, organizasyon s\u00fcre\u00e7lerinde e\u015fitlik ve \u015feffafl\u0131\u011f\u0131n sa\u011flanmas\u0131 ve benzer ma\u011fduriyetlerin tekrar ya\u015fanmamas\u0131 ad\u0131na s\u00fcrecin takip\u00e7isi olaca\u011f\u0131m\u0131z\u0131 kamuoyunun bilgisine sunar\u0131z.&#8221;<\/p>\n","protected":false},"excerpt":{"rendered":"<p>Fenerbah\u00e7e, 2026 EuroLeague Final Four&#8217;da ya\u015fanan biletleme ve organizasyon aksakl\u0131klar\u0131 nedeniyle taraftarlar\u0131n ma\u011fduriyetini gerek\u00e7e g\u00f6stererek<\/p>\n","protected":false},"author":1,"featured_media":2514,"comment_status":"open","ping_status":"open","sticky":false,"template":"","format":"standard","meta":{"_rtcl_gb_attr":"","footnotes":""},"categories":[3],"tags":[],"class_list":["post-2513","post","type-post","status-publish","format-standard","has-post-thumbnail","hentry","category-spor"],"_links":{"self":[{"href":"https:\/\/turkiyemhaber.com\/index.php?rest_route=\/wp\/v2\/posts\/2513","targetHints":{"allow":["GET"]}}],"collection":[{"href":"https:\/\/turkiyemhaber.com\/index.php?rest_route=\/wp\/v2\/posts"}],"about":[{"href":"https:\/\/turkiyemhaber.com\/index.php?rest_route=\/wp\/v2\/types\/post"}],"author":[{"embeddable":true,"href":"https:\/\/turkiyemhaber.com\/index.php?rest_route=\/wp\/v2\/users\/1"}],"replies":[{"embeddable":true,"href":"https:\/\/turkiyemhaber.com\/index.php?rest_route=%2Fwp%2Fv2%2Fcomments&post=2513"}],"version-history":[{"count":1,"href":"https:\/\/turkiyemhaber.com\/index.php?rest_route=\/wp\/v2\/posts\/2513\/revisions"}],"predecessor-version":[{"id":2515,"href":"https:\/\/turkiyemhaber.com\/index.php?rest_route=\/wp\/v2\/posts\/2513\/revisions\/2515"}],"wp:featuredmedia":[{"embeddable":true,"href":"https:\/\/turkiyemhaber.com\/index.php?rest_route=\/wp\/v2\/media\/2514"}],"wp:attachment":[{"href":"https:\/\/turkiyemhaber.com\/index.php?rest_route=%2Fwp%2Fv2%2Fmedia&parent=2513"}],"wp:term":[{"taxonomy":"category","embeddable":true,"href":"https:\/\/turkiyemhaber.com\/index.php?rest_route=%2Fwp%2Fv2%2Fcategories&post=2513"},{"taxonomy":"post_tag","embeddable":true,"href":"https:\/\/turkiyemhaber.com\/index.php?rest_route=%2Fwp%2Fv2%2Ftags&post=2513"}],"curies":[{"name":"wp","href":"https:\/\/api.w.org\/{rel}","templated":true}]}}