{"id":2510,"date":"2026-05-26T22:29:50","date_gmt":"2026-05-26T22:29:50","guid":{"rendered":"https:\/\/turkiyemhaber.com\/?p=2510"},"modified":"2026-05-26T22:29:54","modified_gmt":"2026-05-26T22:29:54","slug":"guzelbahce-belediye-baskani-mustafa-gunay-tutuklandi","status":"publish","type":"post","link":"https:\/\/turkiyemhaber.com\/?p=2510","title":{"rendered":"G\u00fczelbah\u00e7e Belediye Ba\u015fkan\u0131 Mustafa G\u00fcnay tutukland\u0131"},"content":{"rendered":"\n<p class=\"wp-block-paragraph\">R\u00fc\u015fvet operasyonunda g\u00f6zalt\u0131na al\u0131nan G\u00fczelbah\u00e7e Belediye Ba\u015fkan\u0131 Mustafa G\u00fcnay mahkemeye sevk edildi. Ba\u015fkan\u0131 oldu\u011fu Yar\u0131mada Belediyeler Birli\u011fi&#8217;ne \u00fcye belediyeler \u00fczerinden 3,5 milyon liral\u0131k usuls\u00fcz harcama yapt\u0131\u011f\u0131 bilirki\u015fi raporunda yer alan G\u00fcnay&#8217;\u0131n yan\u0131 s\u0131ra \u0130mar M\u00fcd\u00fcr\u00fc \u00d6zg\u00fcr Bayraktar \u00e7\u0131kar\u0131ld\u0131\u011f\u0131 hakimlik\u00e7e tutukland\u0131. Di\u011fer \u00fc\u00e7 ki\u015fi ise adli kontrol \u015fart\u0131yla serbest b\u0131rak\u0131ld\u0131.<\/p>\n\n\n\n<p class=\"wp-block-paragraph\">R\u00fc\u015fvet operasyonunda g\u00f6zalt\u0131na al\u0131nan&nbsp;<a href=\"https:\/\/www.sondakika.com\/guzelbahce\/\">G\u00fczelbah\u00e7e<\/a>&nbsp;Belediye Ba\u015fkan\u0131&nbsp;<a href=\"https:\/\/www.sondakika.com\/mustafa-gunay\/\">Mustafa G\u00fcnay<\/a>&nbsp;ile \u0130mar M\u00fcd\u00fcr\u00fc&nbsp;<a href=\"https:\/\/www.sondakika.com\/ozgur-bayraktar\/\">\u00d6zg\u00fcr Bayraktar<\/a>&nbsp;tutukland\u0131.<\/p>\n\n\n\n<h3 class=\"wp-block-heading\">G\u00dcZELBAH\u00c7E BELED\u0130YES\u0130&#8217;NE OPERASYON<\/h3>\n\n\n\n<p class=\"wp-block-paragraph\">\u0130zmir Cumhuriyet Ba\u015fsavc\u0131l\u0131\u011f\u0131ndan yap\u0131lan a\u00e7\u0131klamaya g\u00f6re, Ba\u015fsavc\u0131l\u0131k taraf\u0131ndan y\u00fcr\u00fct\u00fclen soru\u015fturma kapsam\u0131nda 7 \u015f\u00fcpheli hakk\u0131nda g\u00f6zalt\u0131 karar\u0131 verildi.<\/p>\n\n\n\n<p class=\"wp-block-paragraph\">G\u00fczelbah\u00e7e Belediye Ba\u015fkan\u0131 Mustafa G\u00fcnay, e\u015fi Nermin G\u00fcnay, eski G\u00fczelbah\u00e7e Belediye Ba\u015fkan\u0131 \u00d6zdem Mustafa \u0130nce, \u0130mar ve \u015eehircilik M\u00fcd\u00fcr\u00fc \u00d6zg\u00fcr Bayraktar ve zab\u0131ta memuru S.K. jandarma ekiplerince g\u00f6zalt\u0131na al\u0131nd\u0131.<\/p>\n\n\n\n<h3 class=\"wp-block-heading\">BELED\u0130YE BA\u015eKANI TUTUKLANDI<\/h3>\n\n\n\n<p class=\"wp-block-paragraph\">\u015e\u00fcphelilerden belediye meclis \u00fcyesi G.G. ile bir in\u015faat firmas\u0131n\u0131n yetkilisi olan e\u015fi \u015e.G&#8217;nin yurt d\u0131\u015f\u0131nda oldu\u011fu, haklar\u0131nda yakalama karar\u0131 \u00e7\u0131kart\u0131ld\u0131\u011f\u0131 belirtildi.&nbsp;Jandarma ekipleri sabah saatlerinde belediye binas\u0131nda arama yapt\u0131. Mustafa G\u00fcnay ve \u00d6zg\u00fcr Bayraktar \u00e7\u0131kar\u0131ld\u0131\u011f\u0131 mahkemece tutukland\u0131. Di\u011fer \u015f\u00fcpheliler adli kontrol \u015fart\u0131yla serbest b\u0131rak\u0131ld\u0131.<\/p>\n\n\n\n<h3 class=\"wp-block-heading\">PARA AKI\u015eI BA\u015eKANIN E\u015e\u0130 \u00dcZER\u0130NDEN SA\u011eLANMI\u015e<\/h3>\n\n\n\n<p class=\"wp-block-paragraph\">Soru\u015fturma kapsam\u0131nda mevcut su\u00e7 yap\u0131lanmas\u0131n\u0131n 2009 y\u0131l\u0131ndan itibaren birlikte hareket etti\u011fine ili\u015fkin bulgular bulundu\u011fu, ge\u00e7mi\u015f soru\u015fturma kay\u0131tlar\u0131, \u0130zmir Valili\u011fi ara\u015ft\u0131rma raporlar\u0131 ve bilirki\u015fi incelemelerinin dosyada delil olarak yer ald\u0131\u011f\u0131 belirtildi.<\/p>\n\n\n\n<p class=\"wp-block-paragraph\">?\u015e\u00fcphelilerin organize hareket ederek imara ayk\u0131r\u0131 yap\u0131 yap\u0131lmas\u0131n\u0131 sa\u011flad\u0131klar\u0131, imara ayk\u0131r\u0131 yap\u0131lar\u0131n y\u0131k\u0131lmas\u0131n\u0131 engelledikleri, imara ayk\u0131r\u0131 yap\u0131lar\u0131n yap\u0131lmas\u0131 konusunda maddi menfaat temin ettikleri \u00f6\u011frenildi.<\/p>\n\n\n\n<p class=\"wp-block-paragraph\">R\u00fc\u015fvet al\u0131nd\u0131\u011f\u0131na ili\u015fkin dekontlar ile ma\u011fdur ve tan\u0131k beyanlar\u0131n\u0131n bulundu\u011fu, Belediye Ba\u015fkan\u0131 Mustafa G\u00fcnay&#8217;\u0131n e\u015finin yetkilisi oldu\u011fu \u015firket \u00fczerinden para ak\u0131\u015f\u0131n\u0131n sa\u011fland\u0131\u011f\u0131n\u0131n tespit edildi\u011fi ifade edildi.<\/p>\n\n\n\n<p class=\"wp-block-paragraph\">\u015e\u00fcphelilerden G.G&#8217;nin e\u015fi \u015e.G&#8217;ye ait \u015firket arac\u0131l\u0131\u011f\u0131yla r\u00fc\u015fvet al\u0131nmas\u0131na y\u00f6nelik g\u00f6r\u00fc\u015fmeler yap\u0131ld\u0131\u011f\u0131na ili\u015fkin beyanlar\u0131n da soru\u015fturma dosyas\u0131nda yer ald\u0131\u011f\u0131 belirtildi.<\/p>\n\n\n\n<h3 class=\"wp-block-heading\">3,5 M\u0130LYON L\u0130RALIK USULS\u00dcZ HARCAMA<\/h3>\n\n\n\n<p class=\"wp-block-paragraph\">Mustafa G\u00fcnay&#8217;\u0131n Yar\u0131mada Belediyeler Birli\u011fi Ba\u015fkan\u0131 oldu\u011funun tespit edildi\u011fi, birlik arac\u0131l\u0131\u011f\u0131yla belediyelerin mal varl\u0131klar\u0131 \u00fczerinden 3,5 milyon lira kamu zarar\u0131na yol a\u00e7abilecek usuls\u00fcz harcama yap\u0131ld\u0131\u011f\u0131na ili\u015fkin bilirki\u015fi tespitlerinin bulundu\u011fu kaydedildi.<\/p>\n\n\n\n<figure class=\"wp-block-image\"><img decoding=\"async\" src=\"https:\/\/foto.sondakika.com\/haber\/2026\/05\/26\/guzelbahce-belediye-baskani-mu-19886149-2764_1_m.jpg\" alt=\"G\u00fczelbah\u00e7e Belediye Ba\u015fkan\u0131 Mustafa G\u00fcnay tutukland\u0131\"\/><\/figure>\n","protected":false},"excerpt":{"rendered":"<p>R\u00fc\u015fvet operasyonunda g\u00f6zalt\u0131na al\u0131nan G\u00fczelbah\u00e7e Belediye Ba\u015fkan\u0131 Mustafa G\u00fcnay mahkemeye sevk edildi. Ba\u015fkan\u0131 oldu\u011fu Yar\u0131mada<\/p>\n","protected":false},"author":1,"featured_media":2511,"comment_status":"open","ping_status":"open","sticky":false,"template":"","format":"standard","meta":{"_rtcl_gb_attr":"","footnotes":""},"categories":[43],"tags":[],"class_list":["post-2510","post","type-post","status-publish","format-standard","has-post-thumbnail","hentry","category-son-dakika"],"_links":{"self":[{"href":"https:\/\/turkiyemhaber.com\/index.php?rest_route=\/wp\/v2\/posts\/2510","targetHints":{"allow":["GET"]}}],"collection":[{"href":"https:\/\/turkiyemhaber.com\/index.php?rest_route=\/wp\/v2\/posts"}],"about":[{"href":"https:\/\/turkiyemhaber.com\/index.php?rest_route=\/wp\/v2\/types\/post"}],"author":[{"embeddable":true,"href":"https:\/\/turkiyemhaber.com\/index.php?rest_route=\/wp\/v2\/users\/1"}],"replies":[{"embeddable":true,"href":"https:\/\/turkiyemhaber.com\/index.php?rest_route=%2Fwp%2Fv2%2Fcomments&post=2510"}],"version-history":[{"count":1,"href":"https:\/\/turkiyemhaber.com\/index.php?rest_route=\/wp\/v2\/posts\/2510\/revisions"}],"predecessor-version":[{"id":2512,"href":"https:\/\/turkiyemhaber.com\/index.php?rest_route=\/wp\/v2\/posts\/2510\/revisions\/2512"}],"wp:featuredmedia":[{"embeddable":true,"href":"https:\/\/turkiyemhaber.com\/index.php?rest_route=\/wp\/v2\/media\/2511"}],"wp:attachment":[{"href":"https:\/\/turkiyemhaber.com\/index.php?rest_route=%2Fwp%2Fv2%2Fmedia&parent=2510"}],"wp:term":[{"taxonomy":"category","embeddable":true,"href":"https:\/\/turkiyemhaber.com\/index.php?rest_route=%2Fwp%2Fv2%2Fcategories&post=2510"},{"taxonomy":"post_tag","embeddable":true,"href":"https:\/\/turkiyemhaber.com\/index.php?rest_route=%2Fwp%2Fv2%2Ftags&post=2510"}],"curies":[{"name":"wp","href":"https:\/\/api.w.org\/{rel}","templated":true}]}}