{"id":2507,"date":"2026-05-26T22:27:02","date_gmt":"2026-05-26T22:27:02","guid":{"rendered":"https:\/\/turkiyemhaber.com\/?p=2507"},"modified":"2026-05-26T22:27:06","modified_gmt":"2026-05-26T22:27:06","slug":"kemal-kilicdaroglundan-kurban-bayrami-mesaji","status":"publish","type":"post","link":"https:\/\/turkiyemhaber.com\/?p=2507","title":{"rendered":"Kemal K\u0131l\u0131\u00e7daro\u011flu&#8217;ndan Kurban Bayram\u0131 mesaj\u0131"},"content":{"rendered":"\n<p class=\"wp-block-paragraph\">Mahkemenin CHP&#8217;nin 38. Ola\u011fan Kurultay\u0131&#8217;na y\u00f6nelik &#8220;mutlak butlan&#8221; karar\u0131n\u0131n ard\u0131ndan tedbiren Genel Ba\u015fkanl\u0131k g\u00f6revine d\u00f6nen Kemal K\u0131l\u0131\u00e7daro\u011flu Kurban Bayram\u0131 dolay\u0131s\u0131yla mesaj yay\u0131mlad\u0131. K\u0131l\u0131\u00e7daro\u011flu&#8217;nun mesaj\u0131ndaki, &#8220;Ne yalanlar ve iftiralar ne de aram\u0131za \u00f6r\u00fclmek istenen duvarlar, bu karde\u015fli\u011fi bozabilecektir. Bu Kurban Bayram\u0131; eksilmeyecek karde\u015fli\u011fimizin, b\u00fcy\u00fcyecek umudumuzun ve ortak m\u00fccadelemizin en g\u00fc\u00e7l\u00fc i\u015fareti olsun.&#8221; ifadeleri dikkat \u00e7ekti.<\/p>\n\n\n\n<p class=\"wp-block-paragraph\">Mahkemenin CHP\u2019nin 38. Ola\u011fan Kurultay\u0131 hakk\u0131nda verdi\u011fi &#8220;mutlak butlan&#8221; karar\u0131n\u0131n ard\u0131ndan, tedbiren genel ba\u015fkanl\u0131k g\u00f6revine geri d\u00f6nen&nbsp;<a href=\"https:\/\/www.sondakika.com\/kemal-kilicdaroglu\/\">Kemal K\u0131l\u0131\u00e7daro\u011flu<\/a>,&nbsp;<a href=\"https:\/\/www.sondakika.com\/kurban-bayrami\/\">Kurban Bayram\u0131<\/a>&nbsp;dolay\u0131s\u0131yla bir mesaj yay\u0131mlad\u0131. Hukuki s\u00fcrecin ard\u0131ndan yeniden liderlik koltu\u011funa oturan K\u0131l\u0131\u00e7daro\u011flu dikkat \u00e7eken mesajlar verdi.<\/p>\n\n\n\n<h3 class=\"wp-block-heading\">KILI\u00c7DARO\u011eLU: BAYRAMLAR HAK\u0130KATE SIMSIKI SARILMANIN G\u00dcNLER\u0130D\u0130R<\/h3>\n\n\n\n<p class=\"wp-block-paragraph\">Mesaj\u0131nda, birlik ve beraberlik vurgusu yapan K\u0131l\u0131\u00e7daro\u011flu \u015funlar\u0131 s\u00f6yledi:&nbsp;&#8220;Sevgili Karde\u015flerim, De\u011ferli Yol Arkada\u015flar\u0131m,<\/p>\n\n\n\n<p class=\"wp-block-paragraph\">Bir Kurban Bayram\u0131\u2019na daha haz\u0131rlan\u0131rken; i\u00e7imizde ge\u00e7mi\u015fin muhasebesini, y\u00fcre\u011fimizde ise gelece\u011fin umudunu ta\u015f\u0131yoruz.&nbsp;Bayramlar; hakikate s\u0131ms\u0131k\u0131 sar\u0131lman\u0131n, karde\u015fli\u011fin y\u0131k\u0131lmaz k\u00f6pr\u00fcs\u00fcnden y\u00fcr\u00fcyerek birbirimize yeniden ula\u015fman\u0131n g\u00fcnleridir.<\/p>\n\n\n\n<h3 class=\"wp-block-heading\">&#8220;YALANLAR VE \u0130FT\u0130RALAR KARDE\u015eL\u0130\u011e\u0130M\u0130Z\u0130 BOZAMAYACAK&#8221;<\/h3>\n\n\n\n<p class=\"wp-block-paragraph\">Bizler; tohumlar\u0131 ayn\u0131 topra\u011fa savrulmu\u015f, yorulanlar\u0131n g\u00f6lgesinde dinlendi\u011fi, her esen r\u00fczg\u00e2r\u0131 birlikte g\u00f6\u011f\u00fcsleyen ve k\u00f6kleri birbirine s\u0131ms\u0131k\u0131 ba\u011fl\u0131 b\u00fcy\u00fck bir \u00e7\u0131nar\u0131z.&nbsp;Ne yalanlar ve iftiralar ne de aram\u0131za \u00f6r\u00fclmek istenen duvarlar, bu karde\u015fli\u011fi bozabilecektir.<\/p>\n\n\n\n<p class=\"wp-block-paragraph\">Bizim en b\u00fcy\u00fck g\u00fcc\u00fcm\u00fcz; d\u00fcr\u00fcstl\u00fc\u011f\u00fcm\u00fcz, birbirimizin g\u00f6z\u00fcn\u00fcn i\u00e7ine bakarken saklamad\u0131\u011f\u0131m\u0131z o saf hakikat ve ayn\u0131 yola duydu\u011fumuz sars\u0131lmaz inan\u00e7t\u0131r.&nbsp;Bu Kurban Bayram\u0131; eksilmeyecek karde\u015fli\u011fimizin, b\u00fcy\u00fcyecek umudumuzun ve ortak m\u00fccadelemizin en g\u00fc\u00e7l\u00fc i\u015fareti olsun.&nbsp;Hepinize sa\u011fl\u0131k, huzur ve umut dolu bayramlar diliyorum.&#8221;<\/p>\n\n\n\n<figure class=\"wp-block-image\"><img decoding=\"async\" src=\"https:\/\/foto.sondakika.com\/haber\/2026\/05\/26\/kemal-kilicdaroglundan-kurban-19886200-1580_1_m.jpg\" alt=\"Kemal K\u0131l\u0131\u00e7daro\u011flu'ndan Kurban Bayram\u0131 mesaj\u0131\"\/><\/figure>\n\n\n\n<figure class=\"wp-block-image\"><img decoding=\"async\" src=\"https:\/\/foto.sondakika.com\/haber\/2026\/05\/26\/kemal-kilicdaroglundan-kurban-19886200-3184_1_m.jpg\" alt=\"Kemal K\u0131l\u0131\u00e7daro\u011flu'ndan Kurban Bayram\u0131 mesaj\u0131\"\/><\/figure>\n\n\n\n<figure class=\"wp-block-image\"><img decoding=\"async\" src=\"https:\/\/foto.sondakika.com\/haber\/2026\/05\/26\/kemal-kilicdaroglundan-kurban-19886200-2789_1_m.jpg\" alt=\"Kemal K\u0131l\u0131\u00e7daro\u011flu'ndan Kurban Bayram\u0131 mesaj\u0131\"\/><\/figure>\n","protected":false},"excerpt":{"rendered":"<p>Mahkemenin CHP&#8217;nin 38. Ola\u011fan Kurultay\u0131&#8217;na y\u00f6nelik &#8220;mutlak butlan&#8221; karar\u0131n\u0131n ard\u0131ndan tedbiren Genel Ba\u015fkanl\u0131k g\u00f6revine d\u00f6nen<\/p>\n","protected":false},"author":1,"featured_media":2508,"comment_status":"open","ping_status":"open","sticky":false,"template":"","format":"standard","meta":{"_rtcl_gb_attr":"","footnotes":""},"categories":[44],"tags":[],"class_list":["post-2507","post","type-post","status-publish","format-standard","has-post-thumbnail","hentry","category-politika"],"_links":{"self":[{"href":"https:\/\/turkiyemhaber.com\/index.php?rest_route=\/wp\/v2\/posts\/2507","targetHints":{"allow":["GET"]}}],"collection":[{"href":"https:\/\/turkiyemhaber.com\/index.php?rest_route=\/wp\/v2\/posts"}],"about":[{"href":"https:\/\/turkiyemhaber.com\/index.php?rest_route=\/wp\/v2\/types\/post"}],"author":[{"embeddable":true,"href":"https:\/\/turkiyemhaber.com\/index.php?rest_route=\/wp\/v2\/users\/1"}],"replies":[{"embeddable":true,"href":"https:\/\/turkiyemhaber.com\/index.php?rest_route=%2Fwp%2Fv2%2Fcomments&post=2507"}],"version-history":[{"count":1,"href":"https:\/\/turkiyemhaber.com\/index.php?rest_route=\/wp\/v2\/posts\/2507\/revisions"}],"predecessor-version":[{"id":2509,"href":"https:\/\/turkiyemhaber.com\/index.php?rest_route=\/wp\/v2\/posts\/2507\/revisions\/2509"}],"wp:featuredmedia":[{"embeddable":true,"href":"https:\/\/turkiyemhaber.com\/index.php?rest_route=\/wp\/v2\/media\/2508"}],"wp:attachment":[{"href":"https:\/\/turkiyemhaber.com\/index.php?rest_route=%2Fwp%2Fv2%2Fmedia&parent=2507"}],"wp:term":[{"taxonomy":"category","embeddable":true,"href":"https:\/\/turkiyemhaber.com\/index.php?rest_route=%2Fwp%2Fv2%2Fcategories&post=2507"},{"taxonomy":"post_tag","embeddable":true,"href":"https:\/\/turkiyemhaber.com\/index.php?rest_route=%2Fwp%2Fv2%2Ftags&post=2507"}],"curies":[{"name":"wp","href":"https:\/\/api.w.org\/{rel}","templated":true}]}}