{"id":2504,"date":"2026-05-26T22:22:46","date_gmt":"2026-05-26T22:22:46","guid":{"rendered":"https:\/\/turkiyemhaber.com\/?p=2504"},"modified":"2026-05-26T22:22:50","modified_gmt":"2026-05-26T22:22:50","slug":"gurcistanda-binlerce-kisinin-katilimiyla-hukumet-karsiti-gosteri-duzenlendi","status":"publish","type":"post","link":"https:\/\/turkiyemhaber.com\/?p=2504","title":{"rendered":"G\u00fcrcistan&#8217;da binlerce ki\u015finin kat\u0131l\u0131m\u0131yla h\u00fck\u00fcmet kar\u015f\u0131t\u0131 g\u00f6steri d\u00fczenlendi"},"content":{"rendered":"\n<h2 class=\"wp-block-heading\">G\u00fcrcistan&#8217;\u0131n ba\u015fkenti Tiflis&#8217;te muhalefet ittifak\u0131, h\u00fck\u00fcmeti AB entegrasyonunda etkisizlikle su\u00e7layarak binlerce ki\u015finin kat\u0131l\u0131m\u0131yla protesto d\u00fczenledi. G\u00f6stericiler, yeni se\u00e7im ve tutuklular\u0131n serbest b\u0131rak\u0131lmas\u0131n\u0131 talep etti.<\/h2>\n\n\n\n<p class=\"wp-block-paragraph\">https:\/\/imasdk.googleapis.com\/js\/core\/bridge3.765.0_en.html#deid=%22%22&#038;eventfe_experiment_ids=%5B%5D&#038;fid=%22goog_848881165%22&#038;genotype_experiment_data=%7B%22experimentStateProto%22%3A%22%5B%5B%5B45713128%2Cnull%2Cnull%2C%5B%5D%5D%2C%5Bnull%2C745150931%2Cnull%2C%5Bnull%2C1%5D%5D%2C%5Bnull%2C749060184%2Cnull%2C%5Bnull%2C128%5D%5D%2C%5B841585769%2Cnull%2Cnull%2C%5B1%5D%5D%2C%5B45761044%2Cnull%2Cnull%2C%5B%5D%5D%2C%5B45792550%2Cnull%2Cnull%2C%5B%5D%5D%2C%5B45722344%2Cnull%2Cnull%2C%5B%5D%5D%2C%5B45774999%2Cnull%2Cnull%2C%5B%5D%5D%2C%5B45784857%2Cnull%2Cnull%2C%5B%5D%5D%2C%5B45668885%2Cnull%2Cnull%2C%5B%5D%5D%2C%5B45685340%2Cnull%2Cnull%2C%5B%5D%5D%2C%5B45765927%2Cnull%2Cnull%2C%5B1%5D%5D%2C%5B45734716%2Cnull%2Cnull%2C%5B%5D%5D%2C%5B45735891%2Cnull%2Cnull%2C%5B%5D%5D%2C%5B45663239%2Cnull%2Cnull%2C%5B%5D%5D%2C%5B45661356%2Cnull%2Cnull%2C%5B%5D%5D%2C%5B839547366%2Cnull%2Cnull%2C%5B1%5D%5D%2C%5B45676441%2Cnull%2Cnull%2C%5B%5D%5D%2C%5Bnull%2C45645574%2Cnull%2C%5B%5D%5D%2C%5B45688859%2Cnull%2Cnull%2C%5B%5D%5D%2C%5B45685601%2Cnull%2Cnull%2C%5B%5D%5D%2C%5Bnull%2C45685602%2Cnull%2C%5Bnull%2C500%5D%5D%2C%5Bnull%2C45767902%2Cnull%2C%5Bnull%2C500%5D%5D%2C%5B45756824%2Cnull%2Cnull%2C%5B%5D%5D%2C%5B45747172%2Cnull%2Cnull%2C%5B%5D%5D%2C%5B775241416%2Cnull%2Cnull%2C%5B%5D%5D%2C%5B781107959%2Cnull%2Cnull%2C%5B%5D%5D%2C%5B781107958%2Cnull%2Cnull%2C%5B%5D%5D%2C%5B792614055%2Cnull%2Cnull%2C%5B%5D%5D%2C%5B781107957%2Cnull%2Cnull%2C%5B%5D%5D%2C%5B45729602%2Cnull%2Cnull%2C%5B%5D%5D%2C%5B45753603%2Cnull%2Cnull%2C%5B%5D%5D%2C%5B45753604%2Cnull%2Cnull%2C%5B%5D%5D%2C%5B45761216%2Cnull%2Cnull%2C%5B%5D%5D%5D%2C%5B%5B16%2C%5B%5B1%2C%5B%5B31089630%5D%2C%5B31089631%2C%5B%5B45668885%2Cnull%2Cnull%2C%5B1%5D%5D%5D%5D%5D%5D%2C%5B10%2C%5B%5B31097690%5D%2C%5B31097691%2C%5B%5B846355750%2Cnull%2Cnull%2C%5B1%5D%5D%5D%5D%5D%5D%2C%5B1000%2C%5B%5B95332046%5D%5D%5D%2C%5Bnull%2C%5B%5B95332047%5D%5D%5D%2C%5B10%2C%5B%5B95338769%2C%5B%5Bnull%2C45645574%2Cnull%2C%5Bnull%2C1%5D%5D%5D%5D%2C%5B95338770%2C%5B%5Bnull%2C45645574%2Cnull%2C%5Bnull%2C2%5D%5D%5D%5D%5D%5D%2C%5B50%2C%5B%5B95345206%5D%2C%5B95345207%2C%5B%5B45661356%2Cnull%2Cnull%2C%5B1%5D%5D%5D%5D%5D%5D%2C%5B1%2C%5B%5B95351425%5D%2C%5B95351426%2C%5B%5B45676441%2Cnull%2Cnull%2C%5B1%5D%5D%5D%5D%5D%5D%2C%5B20%2C%5B%5B95356068%5D%2C%5B95356069%2C%5B%5B45685601%2Cnull%2Cnull%2C%5B%5D%5D%2C%5Bnull%2C45685602%2Cnull%2C%5B%5D%5D%5D%5D%2C%5B95356070%2C%5B%5B45685601%2Cnull%2Cnull%2C%5B1%5D%5D%2C%5Bnull%2C45685602%2Cnull%2C%5B%5D%5D%5D%5D%2C%5B95356071%2C%5B%5B45685601%2Cnull%2Cnull%2C%5B1%5D%5D%2C%5Bnull%2C45685602%2Cnull%2C%5Bnull%2C100%5D%5D%5D%5D%5D%5D%2C%5B1%2C%5B%5B95373378%2C%5B%5B792614055%2Cnull%2Cnull%2C%5B1%5D%5D%5D%5D%2C%5B95373379%2C%5B%5B45747172%2Cnull%2Cnull%2C%5B1%5D%5D%2C%5B781107959%2Cnull%2Cnull%2C%5B1%5D%5D%2C%5B792614055%2Cnull%2Cnull%2C%5B1%5D%5D%2C%5B781107957%2Cnull%2Cnull%2C%5B1%5D%5D%5D%5D%5D%5D%2C%5B10%2C%5B%5B95378629%5D%2C%5B95378630%2C%5B%5B45729602%2Cnull%2Cnull%2C%5B1%5D%5D%5D%5D%2C%5B95381582%2C%5B%5B45729602%2Cnull%2Cnull%2C%5B1%5D%5D%2C%5B45753603%2Cnull%2Cnull%2C%5B1%5D%5D%5D%5D%2C%5B95381583%2C%5B%5B45729602%2Cnull%2Cnull%2C%5B1%5D%5D%2C%5B45753604%2Cnull%2Cnull%2C%5B1%5D%5D%5D%5D%5D%5D%2C%5B50%2C%5B%5B95382403%5D%2C%5B95386528%2C%5B%5Bnull%2C45767902%2Cnull%2C%5B%5D%5D%2C%5B45756824%2Cnull%2Cnull%2C%5B1%5D%5D%5D%5D%5D%5D%2C%5B100%2C%5B%5B95387816%5D%2C%5B95387817%2C%5B%5B45774999%2Cnull%2Cnull%2C%5B1%5D%5D%5D%5D%5D%5D%2C%5B10%2C%5B%5B95389581%5D%2C%5B95389582%2C%5B%5B635466687%2Cnull%2Cnull%2C%5B1%5D%5D%5D%5D%5D%5D%2C%5B10%2C%5B%5B95390088%5D%2C%5B95390089%2C%5B%5B45784857%2Cnull%2Cnull%2C%5B1%5D%5D%5D%5D%5D%5D%2C%5Bnull%2C%5B%5B95391694%5D%2C%5B95391695%2C%5B%5B45761216%2Cnull%2Cnull%2C%5B1%5D%5D%5D%5D%5D%5D%2C%5Bnull%2C%5B%5B95391735%5D%5D%5D%2C%5B10%2C%5B%5B95391958%5D%2C%5B95391959%2C%5B%5B45792550%2Cnull%2Cnull%2C%5B1%5D%5D%5D%5D%5D%5D%5D%5D%5D%2Cnull%2Cnull%2C%5Bnull%2C1000%2C1%2C1000%5D%5D%22%7D&#038;imalib_experiments=%5B95322027%2C95331589%2C95332046%5D&#038;is_eap_loader=false&#038;managed_js_experiment_id=0&#038;page_correlator=3600643018454226&#038;pvsid=3730296764204723&#038;top_accessible_page_url=%22https%3A%2F%2Fwww.sondakika.com%2Fguncel%2Fhaber-tiflis-te-hukumet-karsiti-protesto-19886250%2F%22<\/p>\n\n\n\n<p class=\"wp-block-paragraph\">Ad loading<\/p>\n\n\n\n<p class=\"wp-block-paragraph\"><a href=\"https:\/\/www.sondakika.com\/gurcistan\/\">G\u00fcrcistan<\/a>&#8216;\u0131n ba\u015fkenti&nbsp;<a href=\"https:\/\/www.sondakika.com\/tiflis\/\">Tiflis<\/a>&#8216;te, muhalefet partilerinin organize etti\u011fi h\u00fck\u00fcmet kar\u015f\u0131t\u0131 protesto g\u00f6sterisi d\u00fczenlendi.<\/p>\n\n\n\n<h3 class=\"wp-block-heading\">G\u00dcRC\u0130STAN&#8217;DA B\u0130NLERCE K\u0130\u015e\u0130 PARLAMENTO B\u0130NASINA Y\u00dcR\u00dcD\u00dc<\/h3>\n\n\n\n<p class=\"wp-block-paragraph\">G\u00fcrcistan&#8217;da kendilerini Avrupa Birli\u011fi (AB) yanl\u0131s\u0131 olarak tan\u0131mlayan baz\u0131 muhalefet partilerinden olu\u015fan &#8220;Muhalefet \u0130ttifak\u0131&#8221; taraf\u0131ndan organize edilen g\u00f6steri, ak\u015fam saatlerinde Tiflis \u0130vane Javakhi\u015fvili Devlet \u00dcniversitesi&#8217;nin \u00f6n\u00fcnde ba\u015flad\u0131.<\/p>\n\n\n\n<figure class=\"wp-block-image\"><img decoding=\"async\" src=\"https:\/\/foto.sondakika.com\/haber\/2026\/05\/26\/gurcistanda-binlerce-kisinin-k-19886226-5742_1_m.jpg\" alt=\"G\u00fcrcistan'da binlerce ki\u015finin kat\u0131l\u0131m\u0131yla h\u00fck\u00fcmet kar\u015f\u0131t\u0131 g\u00f6steri d\u00fczenlendi\"\/><\/figure>\n\n\n\n<p class=\"wp-block-paragraph\">H\u00fck\u00fcmeti, \u00fclkenin AB ile entegrasyonu s\u00fcrecinde etkisiz politika y\u00fcr\u00fctmekle su\u00e7layan binlerce ki\u015fi, parlamento binas\u0131na kadar y\u00fcr\u00fcd\u00fc.<\/p>\n\n\n\n<figure class=\"wp-block-image\"><img decoding=\"async\" src=\"https:\/\/foto.sondakika.com\/haber\/2026\/05\/26\/gurcistanda-binlerce-kisinin-k-19886226-5764_1_m.jpg\" alt=\"G\u00fcrcistan'da binlerce ki\u015finin kat\u0131l\u0131m\u0131yla h\u00fck\u00fcmet kar\u015f\u0131t\u0131 g\u00f6steri d\u00fczenlendi\"\/><\/figure>\n\n\n\n<p class=\"wp-block-paragraph\">Ellerinde G\u00fcrcistan, AB, ABD ve Ukrayna&#8217;n\u0131n bayraklar\u0131n\u0131 ta\u015f\u0131yan g\u00f6stericiler, h\u00fck\u00fcmet kar\u015f\u0131t\u0131 sloganlar att\u0131.<\/p>\n\n\n\n<figure class=\"wp-block-image\"><img decoding=\"async\" src=\"https:\/\/foto.sondakika.com\/haber\/2026\/05\/26\/gurcistanda-binlerce-kisinin-k-19886226-3059_1_m.jpg\" alt=\"G\u00fcrcistan'da binlerce ki\u015finin kat\u0131l\u0131m\u0131yla h\u00fck\u00fcmet kar\u015f\u0131t\u0131 g\u00f6steri d\u00fczenlendi\"\/><\/figure>\n\n\n\n<p class=\"wp-block-paragraph\">Protestocular, h\u00fck\u00fcmetin AB&#8217;ye kat\u0131l\u0131m m\u00fczakerelerinin ba\u015flat\u0131lmas\u0131 s\u00fcrecini 4 y\u0131ll\u0131\u011f\u0131na ask\u0131ya almas\u0131 karar\u0131na kar\u015f\u0131 28 Kas\u0131m 2024 tarihinde ba\u015flat\u0131lan ve aylarca s\u00fcren g\u00f6sterilerde g\u00f6zalt\u0131na al\u0131nan, sonras\u0131nda tutuklu olarak yarg\u0131lanan ki\u015filerin de serbest b\u0131rak\u0131lmas\u0131n\u0131 talep etti.<\/p>\n\n\n\n<figure class=\"wp-block-image\"><img decoding=\"async\" src=\"https:\/\/foto.sondakika.com\/haber\/2026\/05\/26\/gurcistanda-binlerce-kisinin-k-19886226-1621_1_m.jpg\" alt=\"G\u00fcrcistan'da binlerce ki\u015finin kat\u0131l\u0131m\u0131yla h\u00fck\u00fcmet kar\u015f\u0131t\u0131 g\u00f6steri d\u00fczenlendi\"\/><\/figure>\n\n\n\n<h3 class=\"wp-block-heading\">&#8220;AMACIMIZ YEN\u0130 PARLAMENTO S\u00c7E\u0130MLER\u0130 YAPMAK&#8221;<\/h3>\n\n\n\n<p class=\"wp-block-paragraph\">G\u00f6stericiler, Tiflis merkezindeki Petre Meliki\u015fvili ve \u015eota Rustaveli caddelerinden ge\u00e7erek parlamentonun \u00f6n\u00fcne geldi.<\/p>\n\n\n\n<figure class=\"wp-block-image\"><img decoding=\"async\" src=\"https:\/\/foto.sondakika.com\/haber\/2026\/05\/26\/gurcistanda-binlerce-kisinin-k-19886226-3561_1_m.jpg\" alt=\"G\u00fcrcistan'da binlerce ki\u015finin kat\u0131l\u0131m\u0131yla h\u00fck\u00fcmet kar\u015f\u0131t\u0131 g\u00f6steri d\u00fczenlendi\"\/><\/figure>\n\n\n\n<p class=\"wp-block-paragraph\">Muhalefet \u0130ttifak\u0131&#8217;n\u0131n liderlerinden Nika Gvaramia, burada yapt\u0131\u011f\u0131 konu\u015fmada ama\u00e7lar\u0131n\u0131n \u00fclkede yeni parlamento se\u00e7imleri yap\u0131lmas\u0131 oldu\u011funu ifade etti.<\/p>\n\n\n\n<figure class=\"wp-block-image\"><img decoding=\"async\" src=\"https:\/\/foto.sondakika.com\/haber\/2026\/05\/26\/gurcistanda-binlerce-kisinin-k-19886226-3907_1_m.jpg\" alt=\"G\u00fcrcistan'da binlerce ki\u015finin kat\u0131l\u0131m\u0131yla h\u00fck\u00fcmet kar\u015f\u0131t\u0131 g\u00f6steri d\u00fczenlendi\"\/><\/figure>\n\n\n\n<p class=\"wp-block-paragraph\">Gvaramia, &#8220;G\u00fcrcistan genelinde bir kampanya ba\u015flat\u0131yoruz, G\u00fcrcistan daha iyisini hak ediyor.&#8221; dedi.&nbsp;Protesto gece saatlerinde sona erdi.<\/p>\n\n\n\n<figure class=\"wp-block-image\"><img decoding=\"async\" src=\"https:\/\/foto.sondakika.com\/haber\/2026\/05\/26\/gurcistanda-binlerce-kisinin-k-19886226-6968_1_m.jpg\" alt=\"G\u00fcrcistan'da binlerce ki\u015finin kat\u0131l\u0131m\u0131yla h\u00fck\u00fcmet kar\u015f\u0131t\u0131 g\u00f6steri d\u00fczenlendi\"\/><\/figure>\n","protected":false},"excerpt":{"rendered":"<p>G\u00fcrcistan&#8217;\u0131n ba\u015fkenti Tiflis&#8217;te muhalefet ittifak\u0131, h\u00fck\u00fcmeti AB entegrasyonunda etkisizlikle su\u00e7layarak binlerce ki\u015finin kat\u0131l\u0131m\u0131yla protesto d\u00fczenledi.<\/p>\n","protected":false},"author":1,"featured_media":2505,"comment_status":"open","ping_status":"open","sticky":false,"template":"","format":"standard","meta":{"_rtcl_gb_attr":"","footnotes":""},"categories":[65],"tags":[],"class_list":["post-2504","post","type-post","status-publish","format-standard","has-post-thumbnail","hentry","category-dunya"],"_links":{"self":[{"href":"https:\/\/turkiyemhaber.com\/index.php?rest_route=\/wp\/v2\/posts\/2504","targetHints":{"allow":["GET"]}}],"collection":[{"href":"https:\/\/turkiyemhaber.com\/index.php?rest_route=\/wp\/v2\/posts"}],"about":[{"href":"https:\/\/turkiyemhaber.com\/index.php?rest_route=\/wp\/v2\/types\/post"}],"author":[{"embeddable":true,"href":"https:\/\/turkiyemhaber.com\/index.php?rest_route=\/wp\/v2\/users\/1"}],"replies":[{"embeddable":true,"href":"https:\/\/turkiyemhaber.com\/index.php?rest_route=%2Fwp%2Fv2%2Fcomments&post=2504"}],"version-history":[{"count":1,"href":"https:\/\/turkiyemhaber.com\/index.php?rest_route=\/wp\/v2\/posts\/2504\/revisions"}],"predecessor-version":[{"id":2506,"href":"https:\/\/turkiyemhaber.com\/index.php?rest_route=\/wp\/v2\/posts\/2504\/revisions\/2506"}],"wp:featuredmedia":[{"embeddable":true,"href":"https:\/\/turkiyemhaber.com\/index.php?rest_route=\/wp\/v2\/media\/2505"}],"wp:attachment":[{"href":"https:\/\/turkiyemhaber.com\/index.php?rest_route=%2Fwp%2Fv2%2Fmedia&parent=2504"}],"wp:term":[{"taxonomy":"category","embeddable":true,"href":"https:\/\/turkiyemhaber.com\/index.php?rest_route=%2Fwp%2Fv2%2Fcategories&post=2504"},{"taxonomy":"post_tag","embeddable":true,"href":"https:\/\/turkiyemhaber.com\/index.php?rest_route=%2Fwp%2Fv2%2Ftags&post=2504"}],"curies":[{"name":"wp","href":"https:\/\/api.w.org\/{rel}","templated":true}]}}