{"id":2501,"date":"2026-05-26T22:20:08","date_gmt":"2026-05-26T22:20:08","guid":{"rendered":"https:\/\/turkiyemhaber.com\/?p=2501"},"modified":"2026-05-26T22:20:12","modified_gmt":"2026-05-26T22:20:12","slug":"kilicdaroglu-icin-atilan-sloganlara-gursel-tekinden-sert-tepki","status":"publish","type":"post","link":"https:\/\/turkiyemhaber.com\/?p=2501","title":{"rendered":"K\u0131l\u0131\u00e7daro\u011flu i\u00e7in at\u0131lan sloganlara G\u00fcrsel Tekin&#8217;den sert tepki"},"content":{"rendered":"\n<h2 class=\"wp-block-heading\">CHP&#8217;li G\u00fcrsel Tekin, \u0130zmir mitinginde at\u0131lan at\u0131lan &#8220;Hain Kemal&#8221; sloganlar\u0131 nedeniyle \u00d6zg\u00fcr \u00d6zel&#8217;e tepki g\u00f6sterdi. Tekin, &#8220;Miting meydan\u0131nda, partimize y\u0131llarca emek vermi\u015f, genel ba\u015fkanl\u0131k yapm\u0131\u015f bir isme &#8216;Hain&#8217; diye ba\u011f\u0131r\u0131lmas\u0131na sessiz kalmak, o hakarete ortak olmakt\u0131r. Bir grup ba\u015fkan\u0131n\u0131n g\u00f6revi, kendisine yap\u0131lan methiyeleri toplamak de\u011fil, partisine ve ge\u00e7mi\u015fine y\u00f6nelik bu tarz seviyesiz sald\u0131r\u0131lara an\u0131nda ve en sert \u015fekilde set \u00e7ekmektir.&#8221; dedi.<\/h2>\n\n\n\n<p class=\"wp-block-paragraph\">Play Video<\/p>\n\n\n\n<ul class=\"wp-block-list\">\n<li>G\u00fcrsel Tekin, \u00d6zg\u00fcr \u00d6zel&#8217;in \u0130zmir mitinginde Kemal K\u0131l\u0131\u00e7daro\u011flu&#8217;na y\u00f6nelik &#8216;Hain Kemal&#8217; sloganlar\u0131na tepki g\u00f6sterdi.<\/li>\n\n\n\n<li>Tekin, K\u0131l\u0131\u00e7daro\u011flu&#8217;na yap\u0131lan hakarete sessiz kalman\u0131n bu hakarete ortak olmak anlam\u0131na geldi\u011fini savundu.<\/li>\n\n\n\n<li>Tekin, grup ba\u015fkan\u0131n\u0131n g\u00f6revinin partisine ve ge\u00e7mi\u015fine y\u00f6nelik sald\u0131r\u0131lara set \u00e7ekmek oldu\u011funu belirtti.<\/li>\n<\/ul>\n\n\n\n<p class=\"wp-block-paragraph\">CHP\u2019li G\u00fcrsel Tekin, \u00d6zg\u00fcr \u00d6zel&#8217;in \u0130zmir mitinginde Kemal K\u0131l\u0131\u00e7daro\u011flu\u2019na y\u00f6nelik at\u0131lan &#8220;Hain Kemal&#8221; sloganlar\u0131na ssert tepki g\u00f6sterdi. Partiye y\u0131llarca emek vermi\u015f bir isme yap\u0131lan bu hakarete sessiz kal\u0131nmas\u0131n\u0131n kabul edilemez oldu\u011funu belirten Tekin, sessiz kalman\u0131n bu hakarete ortak olmak anlam\u0131na geldi\u011fini savundu.<\/p>\n\n\n\n<h3 class=\"wp-block-heading\">&#8220;SESS\u0130Z KALMAK, HAKARETE ORTAK OLMAKTIR&#8221;<\/h3>\n\n\n\n<p class=\"wp-block-paragraph\">Tekin \u015funlar\u0131 s\u00f6yledi:&nbsp;&#8220;Say\u0131n \u00d6zg\u00fcr \u00d6zel,&nbsp;Bug\u00fcn meydanlarda yank\u0131lanan o \u00e7irkin sloganlar, sadece bir \u015fahsa de\u011fil, bizzat Cumhuriyet Halk Partisi\u2019nin kurumsal kimli\u011fine ve gelene\u011fine s\u0131k\u0131lm\u0131\u015f bir kur\u015fundur.<\/p>\n\n\n\n<p class=\"wp-block-paragraph\">Miting meydan\u0131nda, partimize y\u0131llarca emek vermi\u015f, genel ba\u015fkanl\u0131k yapm\u0131\u015f bir isme &#8216;Hain&#8217; diye ba\u011f\u0131r\u0131lmas\u0131na sessiz kalmak, o hakarete ortak olmakt\u0131r.<\/p>\n\n\n\n<h3 class=\"wp-block-heading\">&#8220;GRUP BA\u015eKANININ G\u00d6REV\u0130 SEV\u0130YES\u0130Z SALDIRILARA SET \u00c7EKMEKT\u0130R&#8221;<\/h3>\n\n\n\n<p class=\"wp-block-paragraph\">Siz, o k\u00fcrs\u00fcde susarak, genel ba\u015fkan\u0131 de\u011fil, CHP\u2019nin vefa k\u00fclt\u00fcr\u00fcn\u00fc de susturdunuz. Bir grup ba\u015fkan\u0131n\u0131n g\u00f6revi, kendisine yap\u0131lan methiyeleri toplamak de\u011fil, partisine ve ge\u00e7mi\u015fine y\u00f6nelik bu tarz seviyesiz sald\u0131r\u0131lara an\u0131nda ve en sert \u015fekilde set \u00e7ekmektir. Meydan\u0131 y\u00f6netemeyen, kendi de\u011ferlerine y\u00f6nelen sald\u0131r\u0131y\u0131 dindiremeyen bir iradenin, \u00fclkeyi y\u00f6netme iddias\u0131 da zaten olamaz.<\/p>\n\n\n\n<p class=\"wp-block-paragraph\">CHP, bir tabela partisi de\u011fildir. Bug\u00fcn o ismi korumayanlar, yar\u0131n kendi isimlerinin siyaset tarihindeki yerini de iyi d\u00fc\u015f\u00fcnmelidir. Siyasetin en b\u00fcy\u00fck kural\u0131 vefad\u0131r.&#8221;<\/p>\n\n\n\n<figure class=\"wp-block-image\"><img decoding=\"async\" src=\"https:\/\/foto.haberler.com\/haber\/2026\/05\/26\/kilicdaroglu-icin-atilan-sloga-19885825-5917_1_m.jpg\" alt=\"\"\/><\/figure>\n\n\n\n<figure class=\"wp-block-image\"><img decoding=\"async\" src=\"https:\/\/foto.haberler.com\/haber\/2026\/05\/26\/kilicdaroglu-icin-atilan-sloga-19885825-9854_1_m.jpg\" alt=\"\"\/><\/figure>\n","protected":false},"excerpt":{"rendered":"<p>CHP&#8217;li G\u00fcrsel Tekin, \u0130zmir mitinginde at\u0131lan at\u0131lan &#8220;Hain Kemal&#8221; sloganlar\u0131 nedeniyle \u00d6zg\u00fcr \u00d6zel&#8217;e tepki g\u00f6sterdi.<\/p>\n","protected":false},"author":1,"featured_media":2502,"comment_status":"open","ping_status":"open","sticky":false,"template":"","format":"standard","meta":{"_rtcl_gb_attr":"","footnotes":""},"categories":[44],"tags":[],"class_list":["post-2501","post","type-post","status-publish","format-standard","has-post-thumbnail","hentry","category-politika"],"_links":{"self":[{"href":"https:\/\/turkiyemhaber.com\/index.php?rest_route=\/wp\/v2\/posts\/2501","targetHints":{"allow":["GET"]}}],"collection":[{"href":"https:\/\/turkiyemhaber.com\/index.php?rest_route=\/wp\/v2\/posts"}],"about":[{"href":"https:\/\/turkiyemhaber.com\/index.php?rest_route=\/wp\/v2\/types\/post"}],"author":[{"embeddable":true,"href":"https:\/\/turkiyemhaber.com\/index.php?rest_route=\/wp\/v2\/users\/1"}],"replies":[{"embeddable":true,"href":"https:\/\/turkiyemhaber.com\/index.php?rest_route=%2Fwp%2Fv2%2Fcomments&post=2501"}],"version-history":[{"count":1,"href":"https:\/\/turkiyemhaber.com\/index.php?rest_route=\/wp\/v2\/posts\/2501\/revisions"}],"predecessor-version":[{"id":2503,"href":"https:\/\/turkiyemhaber.com\/index.php?rest_route=\/wp\/v2\/posts\/2501\/revisions\/2503"}],"wp:featuredmedia":[{"embeddable":true,"href":"https:\/\/turkiyemhaber.com\/index.php?rest_route=\/wp\/v2\/media\/2502"}],"wp:attachment":[{"href":"https:\/\/turkiyemhaber.com\/index.php?rest_route=%2Fwp%2Fv2%2Fmedia&parent=2501"}],"wp:term":[{"taxonomy":"category","embeddable":true,"href":"https:\/\/turkiyemhaber.com\/index.php?rest_route=%2Fwp%2Fv2%2Fcategories&post=2501"},{"taxonomy":"post_tag","embeddable":true,"href":"https:\/\/turkiyemhaber.com\/index.php?rest_route=%2Fwp%2Fv2%2Ftags&post=2501"}],"curies":[{"name":"wp","href":"https:\/\/api.w.org\/{rel}","templated":true}]}}