{"id":2498,"date":"2026-05-26T22:17:13","date_gmt":"2026-05-26T22:17:13","guid":{"rendered":"https:\/\/turkiyemhaber.com\/?p=2498"},"modified":"2026-05-26T22:17:17","modified_gmt":"2026-05-26T22:17:17","slug":"kilicdaroglu-ozelin-grup-baskanliginin-iptali-icin-tbmmye-basvurdu","status":"publish","type":"post","link":"https:\/\/turkiyemhaber.com\/?p=2498","title":{"rendered":"K\u0131l\u0131\u00e7daro\u011flu, \u00d6zel&#8217;in grup ba\u015fkanl\u0131\u011f\u0131n\u0131n iptali i\u00e7in TBMM&#8217;ye ba\u015fvurdu"},"content":{"rendered":"\n<p class=\"wp-block-paragraph\">CHP&#8217;nin 38. Ola\u011fan Kurultay\u0131 i\u00e7in a\u00e7\u0131lan davada mahkemenin mutlak butlan karar\u0131 vermesiyle genel ba\u015fkanl\u0131k g\u00f6revine d\u00f6nen Kemal K\u0131l\u0131\u00e7daro\u011flu, \u00d6zg\u00fcr \u00d6zel i\u00e7in harekete ge\u00e7ti. K\u0131l\u0131\u00e7daro\u011flu TBMM Ba\u015fkanl\u0131\u011f\u0131&#8217;na 3 sayfal\u0131k dilek\u00e7e vererek \u00d6zel&#8217;in TBMM Grup Ba\u015fkan\u0131 oldu\u011fu se\u00e7imin iptal edilmesini istedi.<\/p>\n\n\n\n<ul class=\"wp-block-list\">\n<li>\u00d6zg\u00fcr \u00d6zel, CHP kapal\u0131 grup toplant\u0131s\u0131nda 95 oyla yeniden CHP TBMM Grup Ba\u015fkan\u0131 se\u00e7ildi.<\/li>\n\n\n\n<li>K\u0131l\u0131\u00e7daro\u011flu&#8217;nun, \u00d6zg\u00fcr \u00d6zel ve ekibinin parti \u00fcyeli\u011fini ask\u0131ya alma yetkisi bulundu\u011fu iddia ediliyor.<\/li>\n<\/ul>\n\n\n\n<p class=\"wp-block-paragraph\">Mahkemenin &#8220;mutlak butlan&#8221; karar\u0131yla CHP Genel Ba\u015fkanl\u0131\u011f\u0131 g\u00f6revine geri d\u00f6nen Kemal K\u0131l\u0131\u00e7daro\u011flu, \u00d6zg\u00fcr \u00d6zel\u2019in TBMM Grup Ba\u015fkan\u0131 se\u00e7ilmesine kar\u015f\u0131 hamle ba\u015flatt\u0131. K\u0131l\u0131\u00e7daro\u011flu, TBMM Ba\u015fkanl\u0131\u011f\u0131\u2019na sundu\u011fu 3 sayfal\u0131k dilek\u00e7eyle belirterek \u00d6zg\u00fcr \u00d6zel\u2019in grup ba\u015fkanl\u0131\u011f\u0131 se\u00e7iminin iptal edilmesini talep etti.<\/p>\n\n\n\n<p class=\"wp-block-paragraph\">\u00d6te yandan \u00f6nceki K\u0131l\u0131\u00e7daro\u011flu ile g\u00f6r\u00fc\u015fen TGRT&nbsp;<a href=\"https:\/\/www.haberler.com\/\"><strong>Haber<\/strong><\/a>&nbsp;Ankara Temsilcisi Fatih Atik&#8217;in aktard\u0131klar\u0131na g\u00f6re, K\u0131l\u0131\u00e7daro\u011flu\u2019nun ekibi Meclis y\u00f6netimiyle g\u00f6r\u00fc\u015ferek \u00d6zg\u00fcr \u00d6zel\u2019in ge\u00e7ti\u011fimiz g\u00fcnlerde se\u00e7ildi\u011fi &#8220;grup ba\u015fkanl\u0131\u011f\u0131&#8221; unvan\u0131n\u0131n hukuken ge\u00e7ersiz oldu\u011funu iletmi\u015fti. Bu do\u011frultuda, \u00d6zel&#8217;in bayram sonras\u0131ndan itibaren bu unvan\u0131 ve yetkileri kullanamayaca\u011f\u0131 belirtiliyor.<\/p>\n\n\n\n<h3 class=\"wp-block-heading\">\u00d6ZG\u00dcR \u00d6ZEL GRUP BA\u015eKANI SE\u00c7\u0130LM\u0130\u015eT\u0130<\/h3>\n\n\n\n<p class=\"wp-block-paragraph\">CHP TBMM kapal\u0131 grup toplant\u0131s\u0131, mutlak butlan karar\u0131n\u0131n ard\u0131ndan CHP Genel Merkezi&#8217;nde \u00d6zg\u00fcr \u00d6zel ba\u015fkanl\u0131\u011f\u0131nda ger\u00e7ekle\u015ftirilmi\u015fti. Toplant\u0131ya 96 milletvekili kat\u0131lm\u0131\u015ft\u0131. Toplant\u0131da CHP TBMM Grup Ba\u015fkan\u0131 se\u00e7imi yap\u0131lm\u0131\u015ft\u0131. CHP&#8217;den yap\u0131lan yaz\u0131l\u0131 a\u00e7\u0131klamada, &#8220;\u00d6zg\u00fcr \u00d6zel, kapal\u0131 grup toplant\u0131s\u0131na kat\u0131lan 96 milletvekilinin 95&#8217;inin oyu ile CHP TBMM Grup Ba\u015fkan\u0131 olarak yeniden se\u00e7ildi. 1 oy ise ge\u00e7ersiz say\u0131ld\u0131. Toplant\u0131ya hastal\u0131k, cenaze ya da yurt d\u0131\u015f\u0131nda olma mazeretleri nedeniyle kat\u0131lamayan 15 milletvekili de \u00d6zel&#8217;e desteklerini bildirdi&#8221; denilmi\u015fti.<\/p>\n\n\n\n<h3 class=\"wp-block-heading\">&#8220;\u00d6ZG\u00dcR \u00d6ZEL VE EK\u0130B\u0130N\u0130N PART\u0130 \u00dcYEL\u0130\u011e\u0130 ASKIYA ALINAB\u0130L\u0130R&#8221;<\/h3>\n\n\n\n<p class=\"wp-block-paragraph\">Atik s\u00f6z konusu iddialarla ilgili \u015funlar\u0131 s\u00f6ylemi\u015fti: &#8220;K\u0131l\u0131\u00e7daro\u011flu&#8217;nun, partiyi kaosa s\u00fcr\u00fckleyen ve \u00f6ne \u00e7\u0131kan 10 milletvekili ile \u00d6zg\u00fcr \u00d6zel dahil bir\u00e7ok ismin parti \u00fcyeli\u011fini &#8220;ask\u0131ya alma&#8221; yetkisi bulunuyor. Herhangi bir disiplin s\u00fcreci veya rapor beklemeden uygulanabilecek bu tedbir benzeri yetki devreye girerse, \u00d6zg\u00fcr \u00d6zel ve ekibi hi\u00e7bir parti faaliyetine kat\u0131lamayacak, delegelik haklar\u0131n\u0131 kullanamayacak. Kulislerde K\u0131l\u0131\u00e7daro\u011flu&#8217;nun bu yetkiyi kullanma ihtimalinin olduk\u00e7a y\u00fcksek oldu\u011fu konu\u015fuluyor.<\/p>\n\n\n\n<h3 class=\"wp-block-heading\">&#8220;\u00d6ZEL&#8217;\u0130N GRUP BA\u015eKANLI\u011eI \u00dcNVANI DA EL\u0130NDEN ALINACAK&#8221;<\/h3>\n\n\n\n<p class=\"wp-block-paragraph\">K\u0131l\u0131\u00e7daro\u011flu ekibi, Meclis y\u00f6netimi ile g\u00f6r\u00fc\u015f\u00fcyorlar. Ba\u015fkanl\u0131k &#8216;bu grup ba\u015fkanl\u0131\u011f\u0131 ge\u00e7ersizdir&#8217; demi\u015f. Meclis&#8217;in \u0130nternet sitesindeki grup ba\u015fkan\u0131 ifadesiyle ilgili d\u00fczeltme yap\u0131lacak. Bayramdan sonra genel merkezden meclise yaz\u0131 g\u00f6nderilecek ve grup ba\u015fkan\u0131 unvan\u0131n\u0131 kullanamayacak. \u00d6zel, oday\u0131 bo\u015faltacak, arabalar\u0131 verecek. Grup Ba\u015fkan\u0131 tart\u0131\u015fmas\u0131 bitecek. Ya Meclis kald\u0131racak ya da K\u0131l\u0131\u00e7daro\u011flu imzal\u0131 yaz\u0131 gidecek.&#8221;<\/p>\n\n\n\n<figure class=\"wp-block-image\"><img decoding=\"async\" src=\"https:\/\/foto.haberler.com\/haber\/2026\/05\/26\/kilicdaroglu-ozelin-grup-baska-19886300-1975_1_m.jpg\" alt=\"\"\/><\/figure>\n","protected":false},"excerpt":{"rendered":"<p>CHP&#8217;nin 38. Ola\u011fan Kurultay\u0131 i\u00e7in a\u00e7\u0131lan davada mahkemenin mutlak butlan karar\u0131 vermesiyle genel ba\u015fkanl\u0131k g\u00f6revine<\/p>\n","protected":false},"author":1,"featured_media":2499,"comment_status":"open","ping_status":"open","sticky":false,"template":"","format":"standard","meta":{"_rtcl_gb_attr":"","footnotes":""},"categories":[44],"tags":[],"class_list":["post-2498","post","type-post","status-publish","format-standard","has-post-thumbnail","hentry","category-politika"],"_links":{"self":[{"href":"https:\/\/turkiyemhaber.com\/index.php?rest_route=\/wp\/v2\/posts\/2498","targetHints":{"allow":["GET"]}}],"collection":[{"href":"https:\/\/turkiyemhaber.com\/index.php?rest_route=\/wp\/v2\/posts"}],"about":[{"href":"https:\/\/turkiyemhaber.com\/index.php?rest_route=\/wp\/v2\/types\/post"}],"author":[{"embeddable":true,"href":"https:\/\/turkiyemhaber.com\/index.php?rest_route=\/wp\/v2\/users\/1"}],"replies":[{"embeddable":true,"href":"https:\/\/turkiyemhaber.com\/index.php?rest_route=%2Fwp%2Fv2%2Fcomments&post=2498"}],"version-history":[{"count":1,"href":"https:\/\/turkiyemhaber.com\/index.php?rest_route=\/wp\/v2\/posts\/2498\/revisions"}],"predecessor-version":[{"id":2500,"href":"https:\/\/turkiyemhaber.com\/index.php?rest_route=\/wp\/v2\/posts\/2498\/revisions\/2500"}],"wp:featuredmedia":[{"embeddable":true,"href":"https:\/\/turkiyemhaber.com\/index.php?rest_route=\/wp\/v2\/media\/2499"}],"wp:attachment":[{"href":"https:\/\/turkiyemhaber.com\/index.php?rest_route=%2Fwp%2Fv2%2Fmedia&parent=2498"}],"wp:term":[{"taxonomy":"category","embeddable":true,"href":"https:\/\/turkiyemhaber.com\/index.php?rest_route=%2Fwp%2Fv2%2Fcategories&post=2498"},{"taxonomy":"post_tag","embeddable":true,"href":"https:\/\/turkiyemhaber.com\/index.php?rest_route=%2Fwp%2Fv2%2Ftags&post=2498"}],"curies":[{"name":"wp","href":"https:\/\/api.w.org\/{rel}","templated":true}]}}