{"id":2495,"date":"2026-05-26T22:11:39","date_gmt":"2026-05-26T22:11:39","guid":{"rendered":"https:\/\/turkiyemhaber.com\/?p=2495"},"modified":"2026-05-26T22:11:44","modified_gmt":"2026-05-26T22:11:44","slug":"devlet-bahceli-ozgur-ozel-ve-kilicdaroglunu-telefonla-aradi","status":"publish","type":"post","link":"https:\/\/turkiyemhaber.com\/?p=2495","title":{"rendered":"Devlet Bah\u00e7eli, \u00d6zg\u00fcr \u00d6zel ve K\u0131l\u0131\u00e7daro\u011flu&#8217;nu telefonla arad\u0131"},"content":{"rendered":"\n<p class=\"wp-block-paragraph\">K\u0131l\u0131\u00e7daro\u011flu&#8217;na yapt\u0131\u011f\u0131, &#8220;genel ba\u015fkanl\u0131k g\u00f6revinden feragat etme&#8221; \u00e7a\u011fr\u0131s\u0131yla dikkat \u00e7eken MHP Genel Ba\u015fkan\u0131 Devlet Bah\u00e7eli, \u00d6zg\u00fcr \u00d6zel&#8217;i telefonla arad\u0131. \u00d6zel&#8217;i arayan ilk siyasi parti lideri olan Bah\u00e7eli, ard\u0131ndan Kemal K\u0131l\u0131\u00e7daro\u011flu ile de telefonda g\u00f6r\u00fc\u015ft\u00fc. Bah\u00e7eli, her iki ismin de Kurban Bayram\u0131&#8217;n\u0131 tebrik etti.<\/p>\n\n\n\n<ul class=\"wp-block-list\">\n<li>MHP Genel Ba\u015fkan\u0131 Devlet Bah\u00e7eli, CHP Genel Ba\u015fkan\u0131 \u00d6zg\u00fcr \u00d6zel&#8217;i ve eski genel ba\u015fkan Kemal K\u0131l\u0131\u00e7daro\u011flu&#8217;nu telefonla arayarak Kurban Bayram\u0131&#8217;n\u0131 tebrik etti.<\/li>\n\n\n\n<li>Bah\u00e7eli, \u00d6zg\u00fcr \u00d6zel&#8217;i bayram vesilesiyle arayan ilk siyasi parti lideri oldu.<\/li>\n\n\n\n<li>Bah\u00e7eli&#8217;nin telefon g\u00f6r\u00fc\u015fmeleri, daha \u00f6nce K\u0131l\u0131\u00e7daro\u011flu&#8217;na &#8216;genel ba\u015fkanl\u0131ktan feragat etme&#8217; \u00e7a\u011fr\u0131s\u0131 yapmas\u0131n\u0131n ard\u0131ndan ger\u00e7ekle\u015fti.<\/li>\n<\/ul>\n\n\n\n<p class=\"wp-block-paragraph\"><a href=\"https:\/\/www.haberler.com\/ozgur-ozel\/\"><strong>\u00d6zg\u00fcr \u00d6zel<\/strong><\/a>&#8216;e ilk &#8220;<a href=\"https:\/\/www.haberler.com\/kurban-bayrami\/\"><strong>Kurban Bayram\u0131<\/strong><\/a>&#8221; telefonu, MHP Genel Ba\u015fkan\u0131&nbsp;<a href=\"https:\/\/www.haberler.com\/devlet-bahceli\/\"><strong>Devlet Bah\u00e7eli<\/strong><\/a>&#8216;den geldi. Bah\u00e7eli,&nbsp;<a href=\"https:\/\/www.haberler.com\/ozgur-ozel\/\"><strong>\u00d6zg\u00fcr \u00d6zel<\/strong><\/a>&#8216;le g\u00f6r\u00fc\u015fmesinin ard\u0131ndan Kemal K\u0131l\u0131\u00e7daro\u011flu&#8217;nu da telefonla arayarak Kurban Bayram\u0131&#8217;n\u0131 tebrik etti.<\/p>\n\n\n\n<h3 class=\"wp-block-heading\">BAH\u00c7EL\u0130&#8217;DEN \u00d6ZG\u00dcR \u00d6ZEL&#8217;E TELEFON<\/h3>\n\n\n\n<p class=\"wp-block-paragraph\">MHP Genel Ba\u015fkan\u0131&nbsp;<a href=\"https:\/\/www.haberler.com\/devlet-bahceli\/\"><strong>Devlet Bah\u00e7eli<\/strong><\/a>, \u00d6zg\u00fcr \u00d6zel\u2019i telefonla arayarak Kurban Bayram\u0131\u2019n\u0131 tebrik etti. \u00d6zel&#8217;i bayram vesilesiyle arayan ilk siyasi parti lideri Devlet Bah\u00e7eli oldu. Samimi bir atmosferde ge\u00e7en g\u00f6r\u00fc\u015fmede liderler, kar\u015f\u0131l\u0131kl\u0131 iyi dileklerde bulundu.<\/p>\n\n\n\n<p class=\"wp-block-paragraph\">Bu telefon g\u00f6r\u00fc\u015fmesi, Bah\u00e7eli\u2019nin CHP Genel Ba\u015fkanl\u0131\u011f\u0131 g\u00f6revine mahkemenin mutlak butlan karar\u0131yla d\u00f6nen Kemal K\u0131l\u0131\u00e7daro\u011flu\u2019na yapt\u0131\u011f\u0131 &#8220;genel ba\u015fkanl\u0131ktan feragat etme&#8221; \u00e7a\u011fr\u0131s\u0131n\u0131n ard\u0131ndan gelmesiyle dikkat \u00e7ekti.<\/p>\n\n\n\n<h3 class=\"wp-block-heading\">KEMAL KILI\u00c7DARO\u011eLU&#8217;NU DA ARADI<\/h3>\n\n\n\n<p class=\"wp-block-paragraph\">Bah\u00e7eli, ard\u0131ndan Kemal K\u0131l\u0131\u00e7daro\u011flu&#8217;nu da telefonla arad\u0131. \u0130ki lider g\u00f6r\u00fc\u015fmede birbirlerinin Kurban Bayram\u0131&#8217;n\u0131 kutlad\u0131.<\/p>\n\n\n\n<h3 class=\"wp-block-heading\">BAH\u00c7EL\u0130, YARIN \u00c7A\u011eRIDA BULUNACAK<\/h3>\n\n\n\n<p class=\"wp-block-paragraph\">\u00d6te yandan Devlet Bah\u00e7eli&#8217;den dikkat \u00e7eken hamle geldi. MHP Genel Ba\u015fkan\u0131 Devlet Bah\u00e7eli\u2019nin, ya\u015fanan krizin ard\u0131ndan yar\u0131n hem Kemal K\u0131l\u0131\u00e7daro\u011flu\u2019na hem de \u00d6zg\u00fcr \u00d6zel\u2019e y\u00f6nelik \u00f6nemli bir \u00e7a\u011fr\u0131da bulunaca\u011f\u0131 a\u00e7\u0131kland\u0131.<\/p>\n\n\n\n<h3 class=\"wp-block-heading\">&#8220;KILI\u00c7DARO\u011eLU, \u00d6ZEL \u0130LE G\u00d6R\u00dc\u015eEREK FERAGAT ETT\u0130\u011e\u0130N\u0130 BEL\u0130RTMEL\u0130D\u0130R&#8221;<\/h3>\n\n\n\n<p class=\"wp-block-paragraph\">Ayr\u0131ca Bah\u00e7eli, ge\u00e7ti\u011fimiz g\u00fcnlerde CNN T\u00fcrk&#8217;e yapt\u0131\u011f\u0131 yaz\u0131l\u0131 a\u00e7\u0131klamas\u0131nda \u015fu ifadeleri kullanm\u0131\u015ft\u0131: &#8220;CHP\u2019de ortak ak\u0131l egemen h\u00e2le gelmelidir. Say\u0131n K\u0131l\u0131\u00e7daro\u011flu, kendisine yap\u0131lan haks\u0131zl\u0131\u011f\u0131n kabul edildi\u011fini, bununla birlikte 13 y\u0131l genel ba\u015fkan olarak g\u00f6rev yapt\u0131\u011f\u0131 bu k\u00f6kl\u00fc kurumu incitmemek, yaralamamak ve bir kaosa sebebiyet vermemek \u00fczere tarih\u00ee bir sorumluluk \u00fcstlenmelidir. Hukukun da cevaz verdi\u011fi \u00e7er\u00e7evede Say\u0131n \u00d6zg\u00fcr \u00d6zel ile g\u00f6r\u00fc\u015ferek CHP\u2019nin gelece\u011fine ili\u015fkin bir ortak form\u00fcl olu\u015fturmak amac\u0131yla feragat etti\u011fini belirtmelidir. Bu sonu\u00e7 hem CHP\u2019nin hem de \u00fclkemizin yarar\u0131na olacakt\u0131r. Ayn\u0131 zamanda da bu tarih\u00ee sorumlulukla Say\u0131n K\u0131l\u0131\u00e7daro\u011flu hem CHP\u2019nin kurumsal kimli\u011finin hem de CHP\u2019ye g\u00f6n\u00fcl vermi\u015f vatanda\u015flar\u0131m\u0131z\u0131n g\u00f6nl\u00fcnde m\u00fcstesna bir yer edinecektir.&#8221;<\/p>\n\n\n\n<h3 class=\"wp-block-heading\">&#8220;BU A\u015eAMADA TEK YOL UZLA\u015eMAKTIR&#8221;<\/h3>\n\n\n\n<p class=\"wp-block-paragraph\">Karar sonras\u0131 Say\u0131n Kemal K\u0131l\u0131\u00e7daro\u011flu&#8217;nun ve Say\u0131n \u00d6zg\u00fcr \u00d6zel&#8217;in yapt\u0131\u011f\u0131 a\u00e7\u0131klamalar birlik \u00e7er\u00e7evesindedir. Ancak bunun CHP ortak iradesine d\u00f6n\u00fc\u015ft\u00fcr\u00fclmesi bu \u00e7abalar\u0131 yap\u0131c\u0131 k\u0131lacakt\u0131r. Temennimiz, kalabal\u0131klar olu\u015fturarak kar\u015f\u0131l\u0131kl\u0131 meydan okumalar yerine her iki genel ba\u015fkan\u0131n bir araya gelerek kanunlar\u0131n, parti t\u00fcz\u00fc\u011f\u00fcn\u00fcn ve mahkeme karar\u0131n\u0131n verdi\u011fi imk\u00e2n \u00e7er\u00e7evesinde gerekli fedak\u00e2rl\u0131klar\u0131 g\u00f6stermek suretiyle CHP menfaatlerini esas alan ortak bir yol bulmalar\u0131d\u0131r. Bunu da geciktirmeden, toplumsal veya parti i\u00e7i bir kar\u0131\u015f\u0131kl\u0131\u011fa yol a\u00e7madan yapmalar\u0131d\u0131r. Unutulmamal\u0131d\u0131r ki, CHP\u2019nin kurumsal kimli\u011fine, miras\u0131na ve taban\u0131na kar\u015f\u0131 ihanet noktas\u0131na evrilebilecek bir tav\u0131r, CHP\u2019ye hizmet etmi\u015f insanlar i\u00e7in a\u011f\u0131r bir y\u00fck olacakt\u0131r. Bu a\u015famada tek yol uzla\u015fmak; uzla\u015fman\u0131n temel unsuru da tahriklerden ka\u00e7\u0131nmak, feragat ve sorumluluk duygusuyla hareket etmektir.<\/p>\n\n\n\n<p class=\"wp-block-paragraph\">T\u00fcrkiye demokratik bir hukuk devletidir. G\u00fc\u00e7l\u00fc bir siyasi k\u00fclt\u00fcre sahiptir. Anayasam\u0131za g\u00f6re yarg\u0131 tarafs\u0131z ve ba\u011f\u0131ms\u0131zd\u0131r. T\u00fcrkiye hepimizindir. Bu anlay\u0131\u015fla; kurallar ve kurumlar \u00e7er\u00e7evesinde, sa\u011fduyuyla, birlik ve dayan\u0131\u015fmayla hareket edilmesi ve CHP\u2019nin gelece\u011finde uzla\u015f\u0131lmas\u0131 en hay\u0131rl\u0131 yol olacakt\u0131r.\u201d<\/p>\n\n\n\n<figure class=\"wp-block-image\"><img decoding=\"async\" src=\"https:\/\/foto.haberler.com\/haber\/2026\/05\/26\/devlet-bahceli-ozgur-ozeli-tel-19885969-8789_1_m.jpg\" alt=\"\"\/><\/figure>\n","protected":false},"excerpt":{"rendered":"<p>K\u0131l\u0131\u00e7daro\u011flu&#8217;na yapt\u0131\u011f\u0131, &#8220;genel ba\u015fkanl\u0131k g\u00f6revinden feragat etme&#8221; \u00e7a\u011fr\u0131s\u0131yla dikkat \u00e7eken MHP Genel Ba\u015fkan\u0131 Devlet Bah\u00e7eli,<\/p>\n","protected":false},"author":1,"featured_media":2496,"comment_status":"open","ping_status":"open","sticky":false,"template":"","format":"standard","meta":{"_rtcl_gb_attr":"","footnotes":""},"categories":[43],"tags":[],"class_list":["post-2495","post","type-post","status-publish","format-standard","has-post-thumbnail","hentry","category-son-dakika"],"_links":{"self":[{"href":"https:\/\/turkiyemhaber.com\/index.php?rest_route=\/wp\/v2\/posts\/2495","targetHints":{"allow":["GET"]}}],"collection":[{"href":"https:\/\/turkiyemhaber.com\/index.php?rest_route=\/wp\/v2\/posts"}],"about":[{"href":"https:\/\/turkiyemhaber.com\/index.php?rest_route=\/wp\/v2\/types\/post"}],"author":[{"embeddable":true,"href":"https:\/\/turkiyemhaber.com\/index.php?rest_route=\/wp\/v2\/users\/1"}],"replies":[{"embeddable":true,"href":"https:\/\/turkiyemhaber.com\/index.php?rest_route=%2Fwp%2Fv2%2Fcomments&post=2495"}],"version-history":[{"count":1,"href":"https:\/\/turkiyemhaber.com\/index.php?rest_route=\/wp\/v2\/posts\/2495\/revisions"}],"predecessor-version":[{"id":2497,"href":"https:\/\/turkiyemhaber.com\/index.php?rest_route=\/wp\/v2\/posts\/2495\/revisions\/2497"}],"wp:featuredmedia":[{"embeddable":true,"href":"https:\/\/turkiyemhaber.com\/index.php?rest_route=\/wp\/v2\/media\/2496"}],"wp:attachment":[{"href":"https:\/\/turkiyemhaber.com\/index.php?rest_route=%2Fwp%2Fv2%2Fmedia&parent=2495"}],"wp:term":[{"taxonomy":"category","embeddable":true,"href":"https:\/\/turkiyemhaber.com\/index.php?rest_route=%2Fwp%2Fv2%2Fcategories&post=2495"},{"taxonomy":"post_tag","embeddable":true,"href":"https:\/\/turkiyemhaber.com\/index.php?rest_route=%2Fwp%2Fv2%2Ftags&post=2495"}],"curies":[{"name":"wp","href":"https:\/\/api.w.org\/{rel}","templated":true}]}}