{"id":2492,"date":"2026-05-26T22:01:15","date_gmt":"2026-05-26T22:01:15","guid":{"rendered":"https:\/\/turkiyemhaber.com\/?p=2492"},"modified":"2026-05-26T22:01:20","modified_gmt":"2026-05-26T22:01:20","slug":"uefa-konferans-liginde-kupa-sahibini-buluyor","status":"publish","type":"post","link":"https:\/\/turkiyemhaber.com\/?p=2492","title":{"rendered":"UEFA Konferans Ligi&#8217;nde kupa sahibini buluyor"},"content":{"rendered":"\n<p class=\"wp-block-paragraph\">UEFA Konferans Ligi finalinde \u0130ngiliz temsilcisi Crystal Palace ile \u0130spanyol ekibi Rayo Vallecano, yar\u0131n Avrupa&#8217;n\u0131n \u00fc\u00e7 numaral\u0131 kupas\u0131n\u0131 kazanmak i\u00e7in kozlar\u0131n\u0131 payla\u015facak. Her iki tak\u0131m da tarihinde ilk kez Avrupa finaline \u00e7\u0131kacak.<\/p>\n\n\n\n<p class=\"wp-block-paragraph\">Avrupa futbolunun kul\u00fcp d\u00fczeyindeki en \u00f6nemli \u00fc\u00e7\u00fcnc\u00fc organizasyonu olan&nbsp;<a href=\"https:\/\/www.sondakika.com\/uefa-konferans-ligi\/\">UEFA Konferans Ligi<\/a>&#8216;nde final heyecan\u0131 yar\u0131n ya\u015fanacak.&nbsp;<\/p>\n\n\n\n<h3 class=\"wp-block-heading\">KONFERANS L\u0130G\u0130&#8217;NDE \u015eAMP\u0130YON BELL\u0130 OLUYOR<\/h3>\n\n\n\n<p class=\"wp-block-paragraph\">\u0130ngiliz temsilcisi Crystal Palace ile \u0130spanyol ekibi&nbsp;<a href=\"https:\/\/www.sondakika.com\/rayo-vallecano\/\">Rayo Vallecano<\/a>, Almanya&#8217;da \u015fehir ile ayn\u0131 ismi ta\u015f\u0131yan Leipzig Stad\u0131&#8217;n\u0131n ev sahipli\u011fi yapaca\u011f\u0131 final m\u00fcsabakas\u0131nda kar\u015f\u0131 kar\u015f\u0131ya gelecek. TS\u0130 22.00&#8217;de ba\u015flayacak kar\u015f\u0131la\u015fmay\u0131 \u0130talya&nbsp;<a href=\"https:\/\/www.sondakika.com\/futbol\/\">Futbol<\/a>&nbsp;Federasyonundan Maurizio Mariani y\u00f6netecek. Mariani&#8217;nin yard\u0131mc\u0131l\u0131klar\u0131n\u0131 Daniele Bindoni ve Alberto Tegoni yapacak. Ma\u00e7\u0131n d\u00f6rd\u00fcnc\u00fc hakemi \u0130sve\u00e7&#8217;ten Glenn Nyberg olacak. VAR koltu\u011funda ise \u0130talyan Marco Di Bello oturacak.<\/p>\n\n\n\n<h3 class=\"wp-block-heading\">\u0130LK AVRUPA F\u0130NALLER\u0130NE \u00c7IKACAKLAR<\/h3>\n\n\n\n<p class=\"wp-block-paragraph\">Her iki tak\u0131m da kul\u00fcp tarihinde ilk kez Avrupa kupalar\u0131nda finale y\u00fckselme ba\u015far\u0131s\u0131 g\u00f6sterdi. Ayr\u0131ca Crystal Palace ile Rayo Vallecano, resmi ma\u00e7larda ilk kez kar\u015f\u0131 kar\u015f\u0131ya gelecek.<\/p>\n","protected":false},"excerpt":{"rendered":"<p>UEFA Konferans Ligi finalinde \u0130ngiliz temsilcisi Crystal Palace ile \u0130spanyol ekibi Rayo Vallecano, yar\u0131n Avrupa&#8217;n\u0131n<\/p>\n","protected":false},"author":1,"featured_media":2493,"comment_status":"open","ping_status":"open","sticky":false,"template":"","format":"standard","meta":{"_rtcl_gb_attr":"","footnotes":""},"categories":[3],"tags":[],"class_list":["post-2492","post","type-post","status-publish","format-standard","has-post-thumbnail","hentry","category-spor"],"_links":{"self":[{"href":"https:\/\/turkiyemhaber.com\/index.php?rest_route=\/wp\/v2\/posts\/2492","targetHints":{"allow":["GET"]}}],"collection":[{"href":"https:\/\/turkiyemhaber.com\/index.php?rest_route=\/wp\/v2\/posts"}],"about":[{"href":"https:\/\/turkiyemhaber.com\/index.php?rest_route=\/wp\/v2\/types\/post"}],"author":[{"embeddable":true,"href":"https:\/\/turkiyemhaber.com\/index.php?rest_route=\/wp\/v2\/users\/1"}],"replies":[{"embeddable":true,"href":"https:\/\/turkiyemhaber.com\/index.php?rest_route=%2Fwp%2Fv2%2Fcomments&post=2492"}],"version-history":[{"count":1,"href":"https:\/\/turkiyemhaber.com\/index.php?rest_route=\/wp\/v2\/posts\/2492\/revisions"}],"predecessor-version":[{"id":2494,"href":"https:\/\/turkiyemhaber.com\/index.php?rest_route=\/wp\/v2\/posts\/2492\/revisions\/2494"}],"wp:featuredmedia":[{"embeddable":true,"href":"https:\/\/turkiyemhaber.com\/index.php?rest_route=\/wp\/v2\/media\/2493"}],"wp:attachment":[{"href":"https:\/\/turkiyemhaber.com\/index.php?rest_route=%2Fwp%2Fv2%2Fmedia&parent=2492"}],"wp:term":[{"taxonomy":"category","embeddable":true,"href":"https:\/\/turkiyemhaber.com\/index.php?rest_route=%2Fwp%2Fv2%2Fcategories&post=2492"},{"taxonomy":"post_tag","embeddable":true,"href":"https:\/\/turkiyemhaber.com\/index.php?rest_route=%2Fwp%2Fv2%2Ftags&post=2492"}],"curies":[{"name":"wp","href":"https:\/\/api.w.org\/{rel}","templated":true}]}}