{"id":2489,"date":"2026-05-26T21:58:02","date_gmt":"2026-05-26T21:58:02","guid":{"rendered":"https:\/\/turkiyemhaber.com\/?p=2489"},"modified":"2026-05-26T21:58:06","modified_gmt":"2026-05-26T21:58:06","slug":"afra-saracoglu-ile-poyraz-yosmaoglu-cifti-daha-fazla-kacamadi-madridde-goruntulendiler","status":"publish","type":"post","link":"https:\/\/turkiyemhaber.com\/?p=2489","title":{"rendered":"Afra Sara\u00e7o\u011flu ile Poyraz Yosmao\u011flu \u00e7ifti daha fazla ka\u00e7amad\u0131! Madrid&#8217;de g\u00f6r\u00fcnt\u00fclendiler"},"content":{"rendered":"\n<p class=\"wp-block-paragraph\">Haklar\u0131nda uzun s\u00fcredir a\u015fk ya\u015fad\u0131klar\u0131 iddia edilen Afra Sara\u00e7o\u011flu ve Poyraz Yosmao\u011flu, Madrid tatilinde birlikte g\u00f6r\u00fcnt\u00fclendi.<\/p>\n\n\n\n<p class=\"wp-block-paragraph\">Son d\u00f6nemin en pop\u00fcler oyuncular\u0131ndan Afra Sara\u00e7o\u011flu\u2019nun, bir s\u00fcredir ad\u0131n\u0131n birlikte an\u0131ld\u0131\u011f\u0131 Poyraz Yosmao\u011flu ile ya\u015fad\u0131\u011f\u0131 a\u015fk sonunda kan\u0131tland\u0131.&nbsp;<\/p>\n\n\n\n<h3 class=\"wp-block-heading\">MADRID&#8217;DE G\u00d6R\u00dcNT\u00dcLEND\u0130LER<\/h3>\n\n\n\n<p class=\"wp-block-paragraph\">\u0130spanya&#8217;n\u0131n ba\u015fkenti&nbsp;<a href=\"https:\/\/www.sondakika.com\/madrid\/\">Madrid<\/a>&#8216;de tatil yapan \u00e7ift, bir restoranda ba\u015f ba\u015fa yemek yerken objektiflere yakaland\u0131. \u0130kilinin net \u015fekilde y\u00fczlerinin g\u00f6r\u00fcnd\u00fc\u011f\u00fc bu kareler, sosyal medyada k\u0131sa s\u00fcrede b\u00fcy\u00fck yank\u0131 uyand\u0131rd\u0131.<\/p>\n\n\n\n<h3 class=\"wp-block-heading\">A\u015eK \u0130DD\u0130ALARI KAR\u015eISINDA SESS\u0130Z KALMI\u015eLARDI<\/h3>\n\n\n\n<p class=\"wp-block-paragraph\">Daha \u00f6nce Danimarka&#8217;n\u0131n Kopenhag \u015fehrinde de birlikte tatil yapt\u0131klar\u0131 \u00f6ne s\u00fcr\u00fclen ikili, a\u015fk iddialar\u0131 kar\u015f\u0131s\u0131nda sessiz kalmay\u0131 tercih etmi\u015fti. Mert Yaz\u0131c\u0131o\u011flu ve Mert Ramazan Demir ile ya\u015fad\u0131\u011f\u0131 ge\u00e7mi\u015f ili\u015fkileriyle de \u00e7ok konu\u015fulan g\u00fczel oyuncu Sara\u00e7o\u011flu&#8217;nun, Poyraz Yosmao\u011flu ile yakalanmas\u0131&nbsp;<a href=\"https:\/\/www.sondakika.com\/magazin\/\">magazin<\/a>&nbsp;d\u00fcnyas\u0131na bomba gibi d\u00fc\u015ft\u00fc.<\/p>\n","protected":false},"excerpt":{"rendered":"<p>Haklar\u0131nda uzun s\u00fcredir a\u015fk ya\u015fad\u0131klar\u0131 iddia edilen Afra Sara\u00e7o\u011flu ve Poyraz Yosmao\u011flu, Madrid tatilinde birlikte<\/p>\n","protected":false},"author":1,"featured_media":2490,"comment_status":"open","ping_status":"open","sticky":false,"template":"","format":"standard","meta":{"_rtcl_gb_attr":"","footnotes":""},"categories":[41],"tags":[],"class_list":["post-2489","post","type-post","status-publish","format-standard","has-post-thumbnail","hentry","category-magazin"],"_links":{"self":[{"href":"https:\/\/turkiyemhaber.com\/index.php?rest_route=\/wp\/v2\/posts\/2489","targetHints":{"allow":["GET"]}}],"collection":[{"href":"https:\/\/turkiyemhaber.com\/index.php?rest_route=\/wp\/v2\/posts"}],"about":[{"href":"https:\/\/turkiyemhaber.com\/index.php?rest_route=\/wp\/v2\/types\/post"}],"author":[{"embeddable":true,"href":"https:\/\/turkiyemhaber.com\/index.php?rest_route=\/wp\/v2\/users\/1"}],"replies":[{"embeddable":true,"href":"https:\/\/turkiyemhaber.com\/index.php?rest_route=%2Fwp%2Fv2%2Fcomments&post=2489"}],"version-history":[{"count":1,"href":"https:\/\/turkiyemhaber.com\/index.php?rest_route=\/wp\/v2\/posts\/2489\/revisions"}],"predecessor-version":[{"id":2491,"href":"https:\/\/turkiyemhaber.com\/index.php?rest_route=\/wp\/v2\/posts\/2489\/revisions\/2491"}],"wp:featuredmedia":[{"embeddable":true,"href":"https:\/\/turkiyemhaber.com\/index.php?rest_route=\/wp\/v2\/media\/2490"}],"wp:attachment":[{"href":"https:\/\/turkiyemhaber.com\/index.php?rest_route=%2Fwp%2Fv2%2Fmedia&parent=2489"}],"wp:term":[{"taxonomy":"category","embeddable":true,"href":"https:\/\/turkiyemhaber.com\/index.php?rest_route=%2Fwp%2Fv2%2Fcategories&post=2489"},{"taxonomy":"post_tag","embeddable":true,"href":"https:\/\/turkiyemhaber.com\/index.php?rest_route=%2Fwp%2Fv2%2Ftags&post=2489"}],"curies":[{"name":"wp","href":"https:\/\/api.w.org\/{rel}","templated":true}]}}