{"id":2486,"date":"2026-05-26T21:54:17","date_gmt":"2026-05-26T21:54:17","guid":{"rendered":"https:\/\/turkiyemhaber.com\/?p=2486"},"modified":"2026-05-26T21:54:21","modified_gmt":"2026-05-26T21:54:21","slug":"besiktasin-gundemindeydi-amedspora-hoca-oluyor","status":"publish","type":"post","link":"https:\/\/turkiyemhaber.com\/?p=2486","title":{"rendered":"Be\u015fikta\u015f&#8217;\u0131n g\u00fcndemindeydi! Amedspor&#8217;a hoca oluyor"},"content":{"rendered":"\n<p class=\"wp-block-paragraph\">S\u00fcper Lig&#8217;in yeni ekibi Amedspor, yeni sezonda iddial\u0131 bir kadro kurmak i\u00e7in Be\u015fikta\u015f&#8217;\u0131n da g\u00fcndeminde olan Samsunspor&#8217;un eski teknik direkt\u00f6r\u00fc Thomas Reis ile anla\u015fma a\u015famas\u0131nda. Diyarbak\u0131r ekibi, Alman hocaya resmi teklif g\u00f6t\u00fcrerek kul\u00fcb\u00fcn vizyonunu ve yeni sezon projelerini aktard\u0131\u011f\u0131 belirtildi. \u0130lk g\u00f6r\u00fc\u015fmenin olumlu ge\u00e7ti\u011fi \u00f6\u011frenildi.<\/p>\n\n\n\n<p class=\"wp-block-paragraph\">Yeni sezonda Trendyol S\u00fcper Lig\u2019de kal\u0131c\u0131 ve iddial\u0131 bir kadro kurmak isteyen Amedspor, teknik direkt\u00f6r aray\u0131\u015flar\u0131nda b\u00fcy\u00fck bir s\u00fcrprize imza att\u0131.&nbsp;<\/p>\n\n\n\n<h3 class=\"wp-block-heading\">BE\u015e\u0130KTA\u015e&#8217;IN G\u00dcNDEM\u0130NDEYD\u0130, AMEDSPOR HAREKETE GE\u00c7T\u0130<\/h3>\n\n\n\n<p class=\"wp-block-paragraph\">Diyarbak\u0131r temsilcisi, son olarak Samsunspor\u2019u \u00e7al\u0131\u015ft\u0131ran ve Karadeniz ekibinden ayr\u0131ld\u0131ktan sonra bo\u015fa \u00e7\u0131kan deneyimli \u00e7al\u0131\u015ft\u0131r\u0131c\u0131 Thomas Reis\u2019\u0131 tak\u0131m\u0131n ba\u015f\u0131na getirmek i\u00e7in harekete ge\u00e7ti.&nbsp;Sergen Yal\u00e7\u0131n ile yollar\u0131n\u0131 ay\u0131rd\u0131ktan sonra yeni teknik adam aray\u0131\u015flar\u0131n\u0131 s\u00fcrd\u00fcren Be\u015fikta\u015f\u2019\u0131n da yak\u0131ndan takip etti\u011fi 52 ya\u015f\u0131ndaki Alman hocaya, Amedspor y\u00f6netiminin resmi teklif g\u00f6t\u00fcrd\u00fc\u011f\u00fc \u00f6\u011frenildi.&nbsp;<\/p>\n\n\n\n<figure class=\"wp-block-image\"><img decoding=\"async\" src=\"https:\/\/foto.sondakika.com\/haber\/2026\/05\/26\/besiktasin-gundemindeydi-ameds-11381860-9739_1_m.jpg\" alt=\"Be\u015fikta\u015f'\u0131n g\u00fcndemindeydi! Amedspor'a hoca oluyor\"\/><\/figure>\n\n\n\n<h3 class=\"wp-block-heading\">\u0130LK G\u00d6R\u00dc\u015eME OLUMLU<\/h3>\n\n\n\n<p class=\"wp-block-paragraph\">G\u00fc\u00e7l\u00fc bir teknik kadro yap\u0131lanmas\u0131 hedefleyen ye\u015fil-k\u0131rm\u0131z\u0131l\u0131 idarecilerin, tecr\u00fcbeli \u00e7al\u0131\u015ft\u0131r\u0131c\u0131 ile g\u00f6r\u00fcnt\u00fcl\u00fc bir toplant\u0131 ger\u00e7ekle\u015ftirerek kul\u00fcb\u00fcn vizyonunu ve yeni sezon projelerini aktard\u0131\u011f\u0131 belirtildi. \u0130lk g\u00f6r\u00fc\u015fmenin olumlu ge\u00e7ti\u011fi \u00f6\u011frenildi.&nbsp;<\/p>\n\n\n\n<figure class=\"wp-block-image\"><img decoding=\"async\" src=\"https:\/\/foto.sondakika.com\/haber\/2026\/05\/26\/besiktasin-gundemindeydi-ameds-89198654-9305_1_m.jpg\" alt=\"Be\u015fikta\u015f'\u0131n g\u00fcndemindeydi! Amedspor'a hoca oluyor\"\/><\/figure>\n\n\n\n<h3 class=\"wp-block-heading\">SAMSUNSPOR&#8217;U AVRUPA&#8217;YA TA\u015eIMI\u015eTI<\/h3>\n\n\n\n<p class=\"wp-block-paragraph\">S\u00fcper Lig\u2019i yak\u0131ndan tan\u0131yan Thomas Reis, Samsunspor\u2019un ba\u015f\u0131nda g\u00f6sterdi\u011fi performansla b\u00fcy\u00fck takdir toplam\u0131\u015ft\u0131. Karadeniz ekibini puan rekoru k\u0131rarak ligde 3. s\u0131raya kadar y\u00fckselten Alman teknik adam, kul\u00fcbe y\u0131llar sonra Avrupa heyecan\u0131 ya\u015fatm\u0131\u015ft\u0131.<\/p>\n\n\n\n<h3 class=\"wp-block-heading\">1.63 PUAN ORTALAMASI<\/h3>\n\n\n\n<p class=\"wp-block-paragraph\">Samsunspor kariyerinde toplam 72 resmi kar\u015f\u0131la\u015fmaya \u00e7\u0131kan tecr\u00fcbeli teknik adam, bu ma\u00e7larda 33 galibiyet, 18 beraberlik ve 21 ma\u011flubiyet alarak 1.63\u2019l\u00fck bir puan ortalamas\u0131 yakalad\u0131.<\/p>\n","protected":false},"excerpt":{"rendered":"<p>S\u00fcper Lig&#8217;in yeni ekibi Amedspor, yeni sezonda iddial\u0131 bir kadro kurmak i\u00e7in Be\u015fikta\u015f&#8217;\u0131n da g\u00fcndeminde<\/p>\n","protected":false},"author":1,"featured_media":2487,"comment_status":"open","ping_status":"open","sticky":false,"template":"","format":"standard","meta":{"_rtcl_gb_attr":"","footnotes":""},"categories":[3],"tags":[],"class_list":["post-2486","post","type-post","status-publish","format-standard","has-post-thumbnail","hentry","category-spor"],"_links":{"self":[{"href":"https:\/\/turkiyemhaber.com\/index.php?rest_route=\/wp\/v2\/posts\/2486","targetHints":{"allow":["GET"]}}],"collection":[{"href":"https:\/\/turkiyemhaber.com\/index.php?rest_route=\/wp\/v2\/posts"}],"about":[{"href":"https:\/\/turkiyemhaber.com\/index.php?rest_route=\/wp\/v2\/types\/post"}],"author":[{"embeddable":true,"href":"https:\/\/turkiyemhaber.com\/index.php?rest_route=\/wp\/v2\/users\/1"}],"replies":[{"embeddable":true,"href":"https:\/\/turkiyemhaber.com\/index.php?rest_route=%2Fwp%2Fv2%2Fcomments&post=2486"}],"version-history":[{"count":1,"href":"https:\/\/turkiyemhaber.com\/index.php?rest_route=\/wp\/v2\/posts\/2486\/revisions"}],"predecessor-version":[{"id":2488,"href":"https:\/\/turkiyemhaber.com\/index.php?rest_route=\/wp\/v2\/posts\/2486\/revisions\/2488"}],"wp:featuredmedia":[{"embeddable":true,"href":"https:\/\/turkiyemhaber.com\/index.php?rest_route=\/wp\/v2\/media\/2487"}],"wp:attachment":[{"href":"https:\/\/turkiyemhaber.com\/index.php?rest_route=%2Fwp%2Fv2%2Fmedia&parent=2486"}],"wp:term":[{"taxonomy":"category","embeddable":true,"href":"https:\/\/turkiyemhaber.com\/index.php?rest_route=%2Fwp%2Fv2%2Fcategories&post=2486"},{"taxonomy":"post_tag","embeddable":true,"href":"https:\/\/turkiyemhaber.com\/index.php?rest_route=%2Fwp%2Fv2%2Ftags&post=2486"}],"curies":[{"name":"wp","href":"https:\/\/api.w.org\/{rel}","templated":true}]}}