{"id":2483,"date":"2026-05-26T21:50:17","date_gmt":"2026-05-26T21:50:17","guid":{"rendered":"https:\/\/turkiyemhaber.com\/?p=2483"},"modified":"2026-05-26T21:50:23","modified_gmt":"2026-05-26T21:50:23","slug":"acun-ilicali-9-ay-once-soylediklerinde-hakli-cikti","status":"publish","type":"post","link":"https:\/\/turkiyemhaber.com\/?p=2483","title":{"rendered":"Acun Il\u0131cal\u0131 9 ay \u00f6nce s\u00f6ylediklerinde hakl\u0131 \u00e7\u0131kt\u0131"},"content":{"rendered":"\n<p class=\"wp-block-paragraph\">Hull City\u2019yi 90+5&#8217;te att\u0131\u011f\u0131 golle \u0130ngiltere Premier Lig\u2019e u\u00e7uran Oli McBurnie, kul\u00fcb\u00fcn sahibi Acun Il\u0131cal\u0131\u2019n\u0131n daha \u00f6nce kendisi hakk\u0131nda yapt\u0131\u011f\u0131 \u00e7arp\u0131c\u0131 a\u00e7\u0131klamalar\u0131 yeniden g\u00fcndeme ta\u015f\u0131d\u0131. l\u0131cal\u0131, y\u0131ld\u0131z golc\u00fc i\u00e7in &#8220;Bir forvet ald\u0131m yeni. Seyretmen laz\u0131m. \u0130nan\u0131lmaz bir \u015fey. \u2018McBurnie\u2019 bak bu ismi unutma. Bak s\u00f6yl\u00fcyorum 15 \u00fczeri gol atacak.&#8221; demi\u015fti. Sezonu 18 golle tamamlayan ve Acun Il\u0131cal\u0131&#8217;y\u0131 hakl\u0131 \u00e7\u0131karan \u0130sko\u00e7 oyuncuya \u015fu ana kadar 3 farkl\u0131 kul\u00fcpten teklif geldi\u011fi belirtildi.<\/p>\n\n\n\n<p class=\"wp-block-paragraph\">\u0130ngiltere Championship\u2019te m\u00fccadele eden&nbsp;<a href=\"https:\/\/www.sondakika.com\/acun-ilicali\/\">Acun Il\u0131cal\u0131<\/a>&#8216;n\u0131n sahibi oldu\u011fu&nbsp;<a href=\"https:\/\/www.sondakika.com\/hull-city\/\">Hull City<\/a>, Premier Lig\u2019e y\u00fckselme m\u00fccadelesinde Oli McBurnie&#8217;nin 90+5&#8217;te att\u0131\u011f\u0131 golle rakibini 1-0 yenmi\u015f ve Premier Lig&#8217;e \u00e7\u0131km\u0131\u015ft\u0131.<\/p>\n\n\n\n<h3 class=\"wp-block-heading\">ACUN ILICALI HAKLI \u00c7IKTI<\/h3>\n\n\n\n<p class=\"wp-block-paragraph\">\u0130sko\u00e7 oyuncunun bu tarihi gol\u00fc, ak\u0131llara Hull City&#8217;nin sahibi Acun Il\u0131cal\u0131\u2019n\u0131n a\u011fustos ay\u0131nda iddial\u0131 bir dille yapt\u0131\u011f\u0131 o a\u00e7\u0131klamalar\u0131 getirdi.<\/p>\n\n\n\n<figure class=\"wp-block-image\"><img decoding=\"async\" src=\"https:\/\/foto.sondakika.com\/haber\/2026\/05\/26\/acun-ilicali-9-ay-once-soyledi-19886188-7577_1_m.jpg\" alt=\"Acun Il\u0131cal\u0131 9 ay \u00f6nce s\u00f6ylediklerinde hakl\u0131 \u00e7\u0131kt\u0131\"\/><\/figure>\n\n\n\n<h3 class=\"wp-block-heading\">&#8221;BU \u0130SM\u0130 UNUTMA&#8221;<\/h3>\n\n\n\n<p class=\"wp-block-paragraph\">Acun Il\u0131cal\u0131, McBurnie transfer edildi\u011finde \u00e7ok \u00f6nemli bir golc\u00fcy\u00fc transfer ettiklerini belirterek,&nbsp;&#8220;Bir forvet ald\u0131m yeni. Seyretmen laz\u0131m. \u0130nan\u0131lmaz bir \u015fey. \u2018McBurnie\u2019 bak bu ismi unutma. Bak s\u00f6yl\u00fcyorum 15 \u00fczeri gol atacak.&#8221; demi\u015fti.&nbsp;<\/p>\n\n\n\n<figure class=\"wp-block-image\"><img decoding=\"async\" src=\"https:\/\/foto.sondakika.com\/haber\/2026\/05\/26\/acun-ilicali-9-ay-once-soyledi-19886188-6096_1_m.jpg\" alt=\"Acun Il\u0131cal\u0131 9 ay \u00f6nce s\u00f6ylediklerinde hakl\u0131 \u00e7\u0131kt\u0131\"\/><\/figure>\n\n\n\n<h3 class=\"wp-block-heading\">SEZONU 18 GOLLE TAMAMLADI&nbsp;<\/h3>\n\n\n\n<p class=\"wp-block-paragraph\">Il\u0131cal\u0131\u2019n\u0131n bu s\u00f6zleri, \u0130sko\u00e7 golc\u00fcn\u00fcn sergiledi\u011fi performansla adeta bir kehanete d\u00f6n\u00fc\u015ft\u00fc. Sezon boyunca rakip fileleri tam 18 kez havaland\u0131ran y\u0131ld\u0131z oyuncu, hem ba\u015fkan\u0131n\u0131n g\u00fcvenini bo\u015fa \u00e7\u0131karmad\u0131 hem de Hull City\u2019yi Premier Lig hayaline ula\u015ft\u0131ran ba\u015frol oyuncusu oldu.<\/p>\n\n\n\n<figure class=\"wp-block-image\"><img decoding=\"async\" src=\"https:\/\/foto.sondakika.com\/haber\/2026\/05\/26\/acun-ilicali-9-ay-once-soyledi-19886188-6365_1_m.jpg\" alt=\"Acun Il\u0131cal\u0131 9 ay \u00f6nce s\u00f6ylediklerinde hakl\u0131 \u00e7\u0131kt\u0131\"\/><\/figure>\n\n\n\n<h3 class=\"wp-block-heading\">3 FARKLI K\u00dcL\u00dcPTEN TEKL\u0130F<\/h3>\n\n\n\n<p class=\"wp-block-paragraph\">Premier Lig biletiyle birlikte piyasa de\u011ferini katlayan Oli McBurnie, \u015fimdiden transfer d\u00f6neminin de en \u00e7ok konu\u015fulan isimlerinden biri haline geldi. G\u00f6sterdi\u011fi performansla dikkat \u00e7eken 29 ya\u015f\u0131ndaki golc\u00fc i\u00e7in \u015fimdiden 3 farkl\u0131 kul\u00fcb\u00fcn resmi teklifte bulundu\u011fu dile getirildi.&nbsp;<\/p>\n","protected":false},"excerpt":{"rendered":"<p>Hull City\u2019yi 90+5&#8217;te att\u0131\u011f\u0131 golle \u0130ngiltere Premier Lig\u2019e u\u00e7uran Oli McBurnie, kul\u00fcb\u00fcn sahibi Acun Il\u0131cal\u0131\u2019n\u0131n<\/p>\n","protected":false},"author":1,"featured_media":2484,"comment_status":"open","ping_status":"open","sticky":false,"template":"","format":"standard","meta":{"_rtcl_gb_attr":"","footnotes":""},"categories":[3],"tags":[],"class_list":["post-2483","post","type-post","status-publish","format-standard","has-post-thumbnail","hentry","category-spor"],"_links":{"self":[{"href":"https:\/\/turkiyemhaber.com\/index.php?rest_route=\/wp\/v2\/posts\/2483","targetHints":{"allow":["GET"]}}],"collection":[{"href":"https:\/\/turkiyemhaber.com\/index.php?rest_route=\/wp\/v2\/posts"}],"about":[{"href":"https:\/\/turkiyemhaber.com\/index.php?rest_route=\/wp\/v2\/types\/post"}],"author":[{"embeddable":true,"href":"https:\/\/turkiyemhaber.com\/index.php?rest_route=\/wp\/v2\/users\/1"}],"replies":[{"embeddable":true,"href":"https:\/\/turkiyemhaber.com\/index.php?rest_route=%2Fwp%2Fv2%2Fcomments&post=2483"}],"version-history":[{"count":1,"href":"https:\/\/turkiyemhaber.com\/index.php?rest_route=\/wp\/v2\/posts\/2483\/revisions"}],"predecessor-version":[{"id":2485,"href":"https:\/\/turkiyemhaber.com\/index.php?rest_route=\/wp\/v2\/posts\/2483\/revisions\/2485"}],"wp:featuredmedia":[{"embeddable":true,"href":"https:\/\/turkiyemhaber.com\/index.php?rest_route=\/wp\/v2\/media\/2484"}],"wp:attachment":[{"href":"https:\/\/turkiyemhaber.com\/index.php?rest_route=%2Fwp%2Fv2%2Fmedia&parent=2483"}],"wp:term":[{"taxonomy":"category","embeddable":true,"href":"https:\/\/turkiyemhaber.com\/index.php?rest_route=%2Fwp%2Fv2%2Fcategories&post=2483"},{"taxonomy":"post_tag","embeddable":true,"href":"https:\/\/turkiyemhaber.com\/index.php?rest_route=%2Fwp%2Fv2%2Ftags&post=2483"}],"curies":[{"name":"wp","href":"https:\/\/api.w.org\/{rel}","templated":true}]}}