{"id":2474,"date":"2026-05-26T17:06:59","date_gmt":"2026-05-26T17:06:59","guid":{"rendered":"https:\/\/turkiyemhaber.com\/?p=2474"},"modified":"2026-05-26T17:07:03","modified_gmt":"2026-05-26T17:07:03","slug":"sirnakta-iki-aile-arasinda-tasli-sopali-ve-bicakli-kavga-8-yarali-17-gozalti","status":"publish","type":"post","link":"https:\/\/turkiyemhaber.com\/?p=2474","title":{"rendered":"\u015e\u0131rnak\u2019ta iki aile aras\u0131nda ta\u015fl\u0131, sopal\u0131 ve b\u0131\u00e7akl\u0131 kavga: 8 yaral\u0131, 17 g\u00f6zalt\u0131"},"content":{"rendered":"\n<p class=\"wp-block-paragraph\">Cizre&#8217;de akraba iki aile aras\u0131nda \u00e7\u0131kan kavgada 8 ki\u015fi yaraland\u0131, 17 ki\u015fi g\u00f6zalt\u0131na al\u0131nd\u0131.<\/p>\n\n\n\n<p class=\"wp-block-paragraph\"><a href=\"https:\/\/www.sondakika.com\/sirnak\/\">\u015e\u0131rnak<\/a>&#8216;\u0131n&nbsp;<a href=\"https:\/\/www.sondakika.com\/cizre\/\">Cizre<\/a>&nbsp;il\u00e7esinde akraba iki aile aras\u0131nda ta\u015f, sopa ve b\u0131\u00e7aklar\u0131n kullan\u0131ld\u0131\u011f\u0131 kavga \u00e7\u0131kt\u0131. Kavgada 8 ki\u015fi yaraland\u0131, 17 ki\u015fi g\u00f6zalt\u0131na al\u0131nd\u0131.<\/p>\n\n\n\n<h3 class=\"wp-block-heading\">AKRABALARIN KAVGASINDA 8 K\u0130\u015e\u0130 YARALANDI<\/h3>\n\n\n\n<p class=\"wp-block-paragraph\">Olay, \u00f6\u011fleden sonra Cizre il\u00e7esi Halk K\u00fct\u00fcphanesi \u00f6n\u00fcnde meydana geldi. Akraba iki aile aras\u0131nda hen\u00fcz bilinmeyen nedenle \u00e7\u0131kan tart\u0131\u015fma, k\u0131sa s\u00fcrede b\u00fcy\u00fcyerek ta\u015fl\u0131, sopal\u0131 ve b\u0131\u00e7akl\u0131 kavgaya d\u00f6n\u00fc\u015ft\u00fc. Olayda 8 ki\u015fi yaraland\u0131.<\/p>\n\n\n\n<figure class=\"wp-block-image\"><img decoding=\"async\" src=\"https:\/\/foto.sondakika.com\/haber\/2026\/05\/26\/sirnakta-iki-aile-arasinda-tas-19885424-9609_1_m.jpg\" alt=\"\u015e\u0131rnak\u2019ta iki aile aras\u0131nda ta\u015fl\u0131, sopal\u0131 ve b\u0131\u00e7akl\u0131 kavga: 8 yaral\u0131, 17 g\u00f6zalt\u0131\"\/><\/figure>\n\n\n\n<h3 class=\"wp-block-heading\">17 YARALI<\/h3>\n\n\n\n<p class=\"wp-block-paragraph\">\u0130hbarla olay yerine sa\u011fl\u0131k ve polis ekipleri sevk edildi. Polis, taraflar\u0131 biber gaz\u0131 kullanarak ay\u0131rd\u0131. Yaral\u0131lar, sa\u011fl\u0131k ekibinin m\u00fcdahalesinin ard\u0131ndan \u00e7evredeki hastanelere kald\u0131r\u0131larak tedaviye al\u0131nd\u0131. Olayla ilgili 17 \u015f\u00fcpheli g\u00f6zalt\u0131na al\u0131nd\u0131. \u015e\u00fcphelilerin emniyetteki i\u015flemleri s\u00fcr\u00fcyor.<\/p>\n\n\n\n<figure class=\"wp-block-image\"><img decoding=\"async\" src=\"https:\/\/foto.sondakika.com\/haber\/2026\/05\/26\/sirnakta-iki-aile-arasinda-tas-19885424-8862_1_m.jpg\" alt=\"\u015e\u0131rnak\u2019ta iki aile aras\u0131nda ta\u015fl\u0131, sopal\u0131 ve b\u0131\u00e7akl\u0131 kavga: 8 yaral\u0131, 17 g\u00f6zalt\u0131\"\/><\/figure>\n\n\n\n<h3 class=\"wp-block-heading\">KAVGA KAMERADA<\/h3>\n\n\n\n<p class=\"wp-block-paragraph\">\u00d6te yandan kavga an\u0131, \u00e7evrede bulunan bir ki\u015finin cep telefonu kameras\u0131yla kayda al\u0131nd\u0131. G\u00f6r\u00fcnt\u00fclerde, kalabal\u0131k grubun birbirine sald\u0131rd\u0131klar\u0131, \u00e7evredekilerin de panik ya\u015fad\u0131\u011f\u0131 g\u00f6r\u00fcld\u00fc.<\/p>\n\n\n\n<figure class=\"wp-block-image\"><img decoding=\"async\" src=\"https:\/\/foto.sondakika.com\/haber\/2026\/05\/26\/sirnakta-iki-aile-arasinda-tas-19885424-4808_1_m.jpg\" alt=\"\u015e\u0131rnak\u2019ta iki aile aras\u0131nda ta\u015fl\u0131, sopal\u0131 ve b\u0131\u00e7akl\u0131 kavga: 8 yaral\u0131, 17 g\u00f6zalt\u0131\"\/><\/figure>\n\n\n\n<p class=\"wp-block-paragraph\"><\/p>\n","protected":false},"excerpt":{"rendered":"<p>Cizre&#8217;de akraba iki aile aras\u0131nda \u00e7\u0131kan kavgada 8 ki\u015fi yaraland\u0131, 17 ki\u015fi g\u00f6zalt\u0131na al\u0131nd\u0131. \u015e\u0131rnak&#8216;\u0131n&nbsp;Cizre&nbsp;il\u00e7esinde<\/p>\n","protected":false},"author":1,"featured_media":2475,"comment_status":"open","ping_status":"open","sticky":false,"template":"","format":"standard","meta":{"_rtcl_gb_attr":"","footnotes":""},"categories":[43],"tags":[],"class_list":["post-2474","post","type-post","status-publish","format-standard","has-post-thumbnail","hentry","category-son-dakika"],"_links":{"self":[{"href":"https:\/\/turkiyemhaber.com\/index.php?rest_route=\/wp\/v2\/posts\/2474","targetHints":{"allow":["GET"]}}],"collection":[{"href":"https:\/\/turkiyemhaber.com\/index.php?rest_route=\/wp\/v2\/posts"}],"about":[{"href":"https:\/\/turkiyemhaber.com\/index.php?rest_route=\/wp\/v2\/types\/post"}],"author":[{"embeddable":true,"href":"https:\/\/turkiyemhaber.com\/index.php?rest_route=\/wp\/v2\/users\/1"}],"replies":[{"embeddable":true,"href":"https:\/\/turkiyemhaber.com\/index.php?rest_route=%2Fwp%2Fv2%2Fcomments&post=2474"}],"version-history":[{"count":1,"href":"https:\/\/turkiyemhaber.com\/index.php?rest_route=\/wp\/v2\/posts\/2474\/revisions"}],"predecessor-version":[{"id":2476,"href":"https:\/\/turkiyemhaber.com\/index.php?rest_route=\/wp\/v2\/posts\/2474\/revisions\/2476"}],"wp:featuredmedia":[{"embeddable":true,"href":"https:\/\/turkiyemhaber.com\/index.php?rest_route=\/wp\/v2\/media\/2475"}],"wp:attachment":[{"href":"https:\/\/turkiyemhaber.com\/index.php?rest_route=%2Fwp%2Fv2%2Fmedia&parent=2474"}],"wp:term":[{"taxonomy":"category","embeddable":true,"href":"https:\/\/turkiyemhaber.com\/index.php?rest_route=%2Fwp%2Fv2%2Fcategories&post=2474"},{"taxonomy":"post_tag","embeddable":true,"href":"https:\/\/turkiyemhaber.com\/index.php?rest_route=%2Fwp%2Fv2%2Ftags&post=2474"}],"curies":[{"name":"wp","href":"https:\/\/api.w.org\/{rel}","templated":true}]}}