{"id":2471,"date":"2026-05-26T17:04:56","date_gmt":"2026-05-26T17:04:56","guid":{"rendered":"https:\/\/turkiyemhaber.com\/?p=2471"},"modified":"2026-05-26T17:05:00","modified_gmt":"2026-05-26T17:05:00","slug":"portekize-uctular-besiktas-yeni-hocasina-kavusmaya-hazirlaniyor","status":"publish","type":"post","link":"https:\/\/turkiyemhaber.com\/?p=2471","title":{"rendered":"Portekiz&#8217;e u\u00e7tular! Be\u015fikta\u015f yeni hocas\u0131na kavu\u015fmaya haz\u0131rlan\u0131yor"},"content":{"rendered":"\n<p class=\"wp-block-paragraph\">Be\u015fikta\u015f Asba\u015fkan\u0131 Murat K\u0131l\u0131\u00e7 ile Futbol Direkt\u00f6r\u00fc \u00d6nder \u00d6zen, teknik direkt\u00f6r aray\u0131\u015flar\u0131na h\u0131z verdi. \u00d6zen ve K\u0131l\u0131\u00e7&#8217;\u0131n Portekiz&#8217;e gitti\u011fi belirtilirken, teknik direkt\u00f6r adaylar\u0131ndan Filipe Luis&#8217;le y\u00fcz y\u00fcze g\u00f6r\u00fc\u015f\u00fclece\u011fi aktar\u0131ld\u0131.<\/p>\n\n\n\n<p class=\"wp-block-paragraph\">Yeni sezon \u00f6ncesinde teknik direkt\u00f6r aray\u0131\u015flar\u0131na b\u00fcy\u00fck bir gizlilik ve h\u0131zla devam eden&nbsp;<a href=\"https:\/\/www.sondakika.com\/besiktas\/\">Be\u015fikta\u015f<\/a>&#8216;ta s\u0131cak saatler ya\u015fan\u0131yor. Siyah-beyazl\u0131 y\u00f6netim, tak\u0131m\u0131n ba\u015f\u0131na getirmek istedi\u011fi yeni hoca i\u00e7in resmen d\u00fc\u011fmeye bast\u0131 ve rotay\u0131 Avrupa&#8217;ya \u00e7evirdi.<\/p>\n\n\n\n<h3 class=\"wp-block-heading\">FILIPE LUIS \u0130LE PORTEK\u0130Z&#8217;DE G\u00d6R\u00dc\u015e\u00dcLECEK<\/h3>\n\n\n\n<p class=\"wp-block-paragraph\">Be\u015fikta\u015f Asba\u015fkan\u0131 Murat K\u0131l\u0131\u00e7 ve yak\u0131n zamanda futbol direkt\u00f6rl\u00fc\u011f\u00fc g\u00f6revine getirilen&nbsp;<a href=\"https:\/\/www.sondakika.com\/onder-ozen\/\">\u00d6nder \u00d6zen<\/a>, teknik direkt\u00f6r i\u00e7in y\u00fcz y\u00fcze g\u00f6r\u00fc\u015fmeler ger\u00e7ekle\u015ftirmek \u00fczere &#8220;acil kodla&#8221; Portekiz\u2019e u\u00e7tu. Siyah-beyazl\u0131 kurmaylar\u0131n listesinin ilk s\u0131ralar\u0131nda yer alan ve son d\u00f6nemde G\u00fcney Amerika&#8217;da sergiledi\u011fi performansla dikkatleri \u00fczerine \u00e7eken 40 ya\u015f\u0131ndaki Brezilyal\u0131 teknik adam Filipe Luis ile masaya oturaca\u011f\u0131 \u00f6\u011frenildi.<\/p>\n\n\n\n<figure class=\"wp-block-image\"><img decoding=\"async\" src=\"https:\/\/foto.sondakika.com\/haber\/2026\/05\/26\/portekize-uctular-besiktas-yen-44491684-4048_1_m.jpg\" alt=\"Portekiz'e u\u00e7tular! Be\u015fikta\u015f yeni hocas\u0131na kavu\u015fmaya haz\u0131rlan\u0131yor\"\/><\/figure>\n\n\n\n<h3 class=\"wp-block-heading\">GEN\u00c7 HOCAYA YO\u011eUN MARKAJ<\/h3>\n\n\n\n<p class=\"wp-block-paragraph\">Be\u015fikta\u015f y\u00f6netiminin Avrupa devlerinin ve Premier Lig ekiplerinin de radar\u0131nda olan gen\u00e7 teknik adam\u0131, kul\u00fcb\u00fcn yeni yap\u0131lanma projesi ve gelecek vizyonuyla ikna etmeyi planlad\u0131\u011f\u0131 aktar\u0131ld\u0131. Portekiz&#8217;de yap\u0131lacak bu kritik g\u00f6r\u00fc\u015fmeden \u00e7\u0131kacak sonu\u00e7, siyah-beyazl\u0131 camiada merakla bekleniyor.<\/p>\n","protected":false},"excerpt":{"rendered":"<p>Be\u015fikta\u015f Asba\u015fkan\u0131 Murat K\u0131l\u0131\u00e7 ile Futbol Direkt\u00f6r\u00fc \u00d6nder \u00d6zen, teknik direkt\u00f6r aray\u0131\u015flar\u0131na h\u0131z verdi. \u00d6zen<\/p>\n","protected":false},"author":1,"featured_media":2472,"comment_status":"open","ping_status":"open","sticky":false,"template":"","format":"standard","meta":{"_rtcl_gb_attr":"","footnotes":""},"categories":[3],"tags":[],"class_list":["post-2471","post","type-post","status-publish","format-standard","has-post-thumbnail","hentry","category-spor"],"_links":{"self":[{"href":"https:\/\/turkiyemhaber.com\/index.php?rest_route=\/wp\/v2\/posts\/2471","targetHints":{"allow":["GET"]}}],"collection":[{"href":"https:\/\/turkiyemhaber.com\/index.php?rest_route=\/wp\/v2\/posts"}],"about":[{"href":"https:\/\/turkiyemhaber.com\/index.php?rest_route=\/wp\/v2\/types\/post"}],"author":[{"embeddable":true,"href":"https:\/\/turkiyemhaber.com\/index.php?rest_route=\/wp\/v2\/users\/1"}],"replies":[{"embeddable":true,"href":"https:\/\/turkiyemhaber.com\/index.php?rest_route=%2Fwp%2Fv2%2Fcomments&post=2471"}],"version-history":[{"count":1,"href":"https:\/\/turkiyemhaber.com\/index.php?rest_route=\/wp\/v2\/posts\/2471\/revisions"}],"predecessor-version":[{"id":2473,"href":"https:\/\/turkiyemhaber.com\/index.php?rest_route=\/wp\/v2\/posts\/2471\/revisions\/2473"}],"wp:featuredmedia":[{"embeddable":true,"href":"https:\/\/turkiyemhaber.com\/index.php?rest_route=\/wp\/v2\/media\/2472"}],"wp:attachment":[{"href":"https:\/\/turkiyemhaber.com\/index.php?rest_route=%2Fwp%2Fv2%2Fmedia&parent=2471"}],"wp:term":[{"taxonomy":"category","embeddable":true,"href":"https:\/\/turkiyemhaber.com\/index.php?rest_route=%2Fwp%2Fv2%2Fcategories&post=2471"},{"taxonomy":"post_tag","embeddable":true,"href":"https:\/\/turkiyemhaber.com\/index.php?rest_route=%2Fwp%2Fv2%2Ftags&post=2471"}],"curies":[{"name":"wp","href":"https:\/\/api.w.org\/{rel}","templated":true}]}}