{"id":2468,"date":"2026-05-26T17:01:21","date_gmt":"2026-05-26T17:01:21","guid":{"rendered":"https:\/\/turkiyemhaber.com\/?p=2468"},"modified":"2026-05-26T17:01:25","modified_gmt":"2026-05-26T17:01:25","slug":"mitingde-fenalasan-vatandasa-ilk-teshis-ozgur-ozelden-biraz-bilirim-bu-isleri","status":"publish","type":"post","link":"https:\/\/turkiyemhaber.com\/?p=2468","title":{"rendered":"Mitingde fenala\u015fan vatanda\u015fa ilk te\u015fhis \u00d6zg\u00fcr \u00d6zel&#8217;den: Biraz bilirim bu i\u015fleri"},"content":{"rendered":"\n<p class=\"wp-block-paragraph\">\u0130zmir\u2019deki olayl\u0131 mitingde konu\u015fan \u00d6zg\u00fcr \u00d6zel\u2019in, fenala\u015fan bir vatanda\u015fa verdi\u011fi tepki dikkat \u00e7ekti. Miting alan\u0131nda k\u0131sa s\u00fcreli panik ya\u015fan\u0131rken \u00d6zel\u2019in, \u201cAmbulansl\u0131k hali yok onun ben biraz bilirim bu i\u015fleri\u201d s\u00f6zleri kalabal\u0131\u011f\u0131 g\u00fcld\u00fcrd\u00fc.<\/p>\n\n\n\n<p class=\"wp-block-paragraph\">CHP\u2019nin \u0130zmir\u2019de d\u00fczenledi\u011fi miting \u00f6ncesi Cumhuriyet Meydan\u0131\u2019nda tansiyon y\u00fckselirken, miting s\u0131ras\u0131nda ya\u015fanan bir an sosyal medyada g\u00fcndem oldu.<\/p>\n\n\n\n<p class=\"wp-block-paragraph\">\u0130zmir Valili\u011fi\u2019nin miting i\u00e7in G\u00fcndo\u011fdu Meydan\u0131\u2019n\u0131 i\u015faret etmesine ra\u011fmen Cumhuriyet Meydan\u0131\u2019nda toplanan kalabal\u0131\u011fa polis m\u00fcdahale etti. Ya\u015fanan arbede s\u0131ras\u0131nda 2 ki\u015fi g\u00f6zalt\u0131na al\u0131nd\u0131.<\/p>\n\n\n\n<figure class=\"wp-block-image\"><img decoding=\"async\" src=\"https:\/\/foto.sondakika.com\/haber\/2026\/05\/26\/mitingde-fenalasan-vatandasa-i-75291778-7289_1_m.jpg\" alt=\"Mitingde fenala\u015fan vatanda\u015fa ilk te\u015fhis &lt;a class='keyword-sd' href='\/ozgur-ozel\/' title='\u00d6zg\u00fcr \u00d6zel'&gt;\u00d6zg\u00fcr \u00d6zel&lt;\/a&gt;'den: Biraz bilirim bu i\u015fleri\"\/><\/figure>\n\n\n\n<h3 class=\"wp-block-heading\">\u00d6ZEL KALABALI\u011eA OTOB\u00dcS \u00dcZER\u0130NDEN SESLEND\u0130<\/h3>\n\n\n\n<p class=\"wp-block-paragraph\">CHP TBMM Grup Ba\u015fkan\u0131 \u00d6zg\u00fcr \u00d6zel, \u00fczerinde \u201c\u0130rademize, liderimize, partimize sahip \u00e7\u0131k\u0131yoruz\u201d yaz\u0131l\u0131 otob\u00fcsle alana geldi. Daha sonra otob\u00fcsten inen \u00d6zel, vatanda\u015flarla birlikte G\u00fcndo\u011fdu Meydan\u0131\u2019na y\u00fcr\u00fcd\u00fc.<\/p>\n\n\n\n<p class=\"wp-block-paragraph\">Cumhuriyet Bulvar\u0131 \u00fczerinde park eden otob\u00fcs\u00fcn \u00fczerine \u00e7\u0131kan \u00d6zel, burada kalabal\u0131\u011fa hitap etti.<\/p>\n\n\n\n<figure class=\"wp-block-image\"><img decoding=\"async\" src=\"https:\/\/foto.sondakika.com\/haber\/2026\/05\/26\/mitingde-fenalasan-vatandasa-i-13703857-9247_1_m.jpg\" alt=\"Mitingde fenala\u015fan vatanda\u015fa ilk te\u015fhis \u00d6zg\u00fcr \u00d6zel'den: Biraz bilirim bu i\u015fleri\"\/><\/figure>\n\n\n\n<h3 class=\"wp-block-heading\">KILI\u00c7DARO\u011eLU\u2019NA \u201cSE\u00c7\u0130M\u201d \u00c7A\u011eRISI<\/h3>\n\n\n\n<p class=\"wp-block-paragraph\">Konu\u015fmas\u0131nda Kemal K\u0131l\u0131\u00e7daro\u011flu\u2019na da \u00e7a\u011fr\u0131da bulunan \u00d6zel, CHP \u00fcyelerinin sand\u0131k ba\u015f\u0131na gitmesini istedi.<\/p>\n\n\n\n<p class=\"wp-block-paragraph\">\u00d6zel, \u201cKemal Bey\u2019e sesleniyorum. Gelsin bayramdan sonraki bir iki hafta i\u00e7inde 2 milyon \u00fcyemize genel ba\u015fkan\u0131m\u0131z\u0131 se\u00e7tirelim. E\u011fer 2 milyon CHP\u2019linin \u00f6n\u00fcne sand\u0131\u011f\u0131 koyarsan\u0131z ben aday\u0131m\u201d dedi.<\/p>\n\n\n\n<figure class=\"wp-block-image\"><img decoding=\"async\" src=\"https:\/\/foto.sondakika.com\/haber\/2026\/05\/26\/mitingde-fenalasan-vatandasa-i-55925669-9850_1_m.jpg\" alt=\"Mitingde fenala\u015fan vatanda\u015fa ilk te\u015fhis \u00d6zg\u00fcr \u00d6zel'den: Biraz bilirim bu i\u015fleri\"\/><\/figure>\n\n\n\n<h3 class=\"wp-block-heading\">FENALA\u015eAN VATANDA\u015eA TEPK\u0130S\u0130 G\u00dcL\u00dcMSETT\u0130<\/h3>\n\n\n\n<p class=\"wp-block-paragraph\">Miting s\u0131ras\u0131nda fenala\u015fan bir vatanda\u015f k\u0131sa s\u00fcreli pani\u011fe neden oldu. Durumu fark eden \u00d6zg\u00fcr \u00d6zel\u2019in verdi\u011fi tepki ise kalabal\u0131\u011f\u0131 g\u00fcld\u00fcrd\u00fc.<\/p>\n\n\n\n<p class=\"wp-block-paragraph\">\u00d6zel, \u201cAl\u0131n \u00f6ne do\u011fru. Ambulansl\u0131k hali yok onun ben biraz bilirim bu i\u015fleri&#8230;\u201d ifadelerini kulland\u0131.<\/p>\n\n\n\n<p class=\"wp-block-paragraph\">O anlar alandaki vatanda\u015flar taraf\u0131ndan cep telefonlar\u0131yla kaydedildi.<\/p>\n\n\n\n<figure class=\"wp-block-image\"><img decoding=\"async\" src=\"https:\/\/foto.sondakika.com\/haber\/2026\/05\/26\/mitingde-fenalasan-vatandasa-i-36539395-5709_1_m.jpg\" alt=\"Mitingde fenala\u015fan vatanda\u015fa ilk te\u015fhis \u00d6zg\u00fcr \u00d6zel'den: Biraz bilirim bu i\u015fleri\"\/><\/figure>\n\n\n\n<figure class=\"wp-block-image\"><img decoding=\"async\" src=\"https:\/\/foto.sondakika.com\/haber\/2026\/05\/26\/mitingde-fenalasan-vatandasa-i-77739921-5684_1_m.jpg\" alt=\"Mitingde fenala\u015fan vatanda\u015fa ilk te\u015fhis \u00d6zg\u00fcr \u00d6zel'den: Biraz bilirim bu i\u015fleri\"\/><\/figure>\n\n\n\n<figure class=\"wp-block-image\"><img decoding=\"async\" src=\"https:\/\/foto.sondakika.com\/haber\/2026\/05\/26\/mitingde-fenalasan-vatandasa-i-52188647-6586_1_m.jpg\" alt=\"Mitingde fenala\u015fan vatanda\u015fa ilk te\u015fhis \u00d6zg\u00fcr \u00d6zel'den: Biraz bilirim bu i\u015fleri\"\/><\/figure>\n\n\n\n<figure class=\"wp-block-image\"><img decoding=\"async\" src=\"https:\/\/foto.sondakika.com\/haber\/2026\/05\/26\/mitingde-fenalasan-vatandasa-i-43030462-3522_1_m.jpg\" alt=\"Mitingde fenala\u015fan vatanda\u015fa ilk te\u015fhis \u00d6zg\u00fcr \u00d6zel'den: Biraz bilirim bu i\u015fleri\"\/><\/figure>\n\n\n\n<figure class=\"wp-block-image\"><img decoding=\"async\" src=\"https:\/\/foto.sondakika.com\/haber\/2026\/05\/26\/mitingde-fenalasan-vatandasa-i-56926462-7737_1_m.jpg\" alt=\"Mitingde fenala\u015fan vatanda\u015fa ilk te\u015fhis \u00d6zg\u00fcr \u00d6zel'den: Biraz bilirim bu i\u015fleri\"\/><\/figure>\n","protected":false},"excerpt":{"rendered":"<p>\u0130zmir\u2019deki olayl\u0131 mitingde konu\u015fan \u00d6zg\u00fcr \u00d6zel\u2019in, fenala\u015fan bir vatanda\u015fa verdi\u011fi tepki dikkat \u00e7ekti. Miting alan\u0131nda<\/p>\n","protected":false},"author":1,"featured_media":2469,"comment_status":"open","ping_status":"open","sticky":false,"template":"","format":"standard","meta":{"_rtcl_gb_attr":"","footnotes":""},"categories":[44],"tags":[],"class_list":["post-2468","post","type-post","status-publish","format-standard","has-post-thumbnail","hentry","category-politika"],"_links":{"self":[{"href":"https:\/\/turkiyemhaber.com\/index.php?rest_route=\/wp\/v2\/posts\/2468","targetHints":{"allow":["GET"]}}],"collection":[{"href":"https:\/\/turkiyemhaber.com\/index.php?rest_route=\/wp\/v2\/posts"}],"about":[{"href":"https:\/\/turkiyemhaber.com\/index.php?rest_route=\/wp\/v2\/types\/post"}],"author":[{"embeddable":true,"href":"https:\/\/turkiyemhaber.com\/index.php?rest_route=\/wp\/v2\/users\/1"}],"replies":[{"embeddable":true,"href":"https:\/\/turkiyemhaber.com\/index.php?rest_route=%2Fwp%2Fv2%2Fcomments&post=2468"}],"version-history":[{"count":1,"href":"https:\/\/turkiyemhaber.com\/index.php?rest_route=\/wp\/v2\/posts\/2468\/revisions"}],"predecessor-version":[{"id":2470,"href":"https:\/\/turkiyemhaber.com\/index.php?rest_route=\/wp\/v2\/posts\/2468\/revisions\/2470"}],"wp:featuredmedia":[{"embeddable":true,"href":"https:\/\/turkiyemhaber.com\/index.php?rest_route=\/wp\/v2\/media\/2469"}],"wp:attachment":[{"href":"https:\/\/turkiyemhaber.com\/index.php?rest_route=%2Fwp%2Fv2%2Fmedia&parent=2468"}],"wp:term":[{"taxonomy":"category","embeddable":true,"href":"https:\/\/turkiyemhaber.com\/index.php?rest_route=%2Fwp%2Fv2%2Fcategories&post=2468"},{"taxonomy":"post_tag","embeddable":true,"href":"https:\/\/turkiyemhaber.com\/index.php?rest_route=%2Fwp%2Fv2%2Ftags&post=2468"}],"curies":[{"name":"wp","href":"https:\/\/api.w.org\/{rel}","templated":true}]}}