{"id":2465,"date":"2026-05-26T16:57:59","date_gmt":"2026-05-26T16:57:59","guid":{"rendered":"https:\/\/turkiyemhaber.com\/?p=2465"},"modified":"2026-05-26T16:58:03","modified_gmt":"2026-05-26T16:58:03","slug":"turkiyenin-en-buyuk-projelerinden-biri-diyerek-duyurdu-aziz-yildirimdan-1-milyar-liralik-hamle","status":"publish","type":"post","link":"https:\/\/turkiyemhaber.com\/?p=2465","title":{"rendered":"&#8221;T\u00fcrkiye&#8217;nin en b\u00fcy\u00fck projelerinden biri&#8221; diyerek duyurdu! Aziz Y\u0131ld\u0131r\u0131m&#8217;dan 1 milyar liral\u0131k hamle"},"content":{"rendered":"\n<p class=\"wp-block-paragraph\">Fenerbah\u00e7e&#8217;de ba\u015fkan adaylar\u0131ndan Aziz Y\u0131ld\u0131r\u0131m, sar\u0131-lacivertli kul\u00fcp i\u00e7in 1 milyar liral\u0131k \u00f6nemli bir projelerinin oldu\u011funu s\u00f6yledi. Y\u0131ld\u0131r\u0131m, &#8221;Bu proje T\u00fcrkiye&#8217;nin b\u00fcy\u00fck projelerinden biri. E\u011fer becerebilirsek, yapabilirsek&#8230; \u0130nan\u0131yorum yapaca\u011f\u0131z, \u00e7\u00f6zece\u011fiz&#8230; O zaman kul\u00fcbe 18-24 aydan sonra her ay 1 milyar girdi yaparlar. Bize yaramaz ama bizden sonra gelenlere yarayacak bir proje. \u0130n\u015fallah onu da hayata ge\u00e7irece\u011fiz&#8221; dedi.<\/p>\n\n\n\n<p class=\"wp-block-paragraph\"><a href=\"https:\/\/www.sondakika.com\/fenerbahce\/\">Fenerbah\u00e7e<\/a>&nbsp;ba\u015fkan adaylar\u0131ndan&nbsp;<a href=\"https:\/\/www.sondakika.com\/aziz-yildirim\/\">Aziz Y\u0131ld\u0131r\u0131m<\/a>, sar\u0131-lacivertli kul\u00fcp i\u00e7in \u00f6nemli bir proje haz\u0131rl\u0131\u011f\u0131nda olduklar\u0131n\u0131 a\u00e7\u0131klad\u0131.<\/p>\n\n\n\n<h3 class=\"wp-block-heading\">AZ\u0130Z YILDIRIM&#8217;DAN 1 M\u0130LYAR L\u0130RALIK PROJE<\/h3>\n\n\n\n<p class=\"wp-block-paragraph\">Sports Digitale YouTube kanal\u0131na konu\u015fan Aziz Y\u0131ld\u0131r\u0131m, Fenerbah\u00e7e&#8217;ye y\u0131lda 1 milyar TL gelir getirecek bir projeleri oldu\u011funu belirtti.<\/p>\n\n\n\n<h3 class=\"wp-block-heading\">&#8221;BU PROJE T\u00dcRK\u0130YE&#8217;N\u0130N EN B\u00dcY\u00dcK PROJELER\u0130NDEN B\u0130R\u0130&#8221;<\/h3>\n\n\n\n<p class=\"wp-block-paragraph\">Projeleri i\u00e7in \u00e7al\u0131\u015ft\u0131klar\u0131n\u0131 ifade eden Aziz Y\u0131ld\u0131r\u0131m, &#8221;Fenerbah\u00e7eliler bilsin, kendim i\u00e7in de\u011fil! Kul\u00fcp i\u00e7in projemiz var! Arkada\u015flar\u0131mla beraber bir proje \u00fcst\u00fcnde \u00e7al\u0131\u015f\u0131yoruz. Bu proje&nbsp;<a href=\"https:\/\/www.sondakika.com\/turkiye\/\">T\u00fcrkiye<\/a>&#8216;nin b\u00fcy\u00fck projelerinden biri. E\u011fer becerebilirsek, yapabilirsek&#8230; \u0130nan\u0131yorum yapaca\u011f\u0131z, \u00e7\u00f6zece\u011fiz&#8230; O zaman kul\u00fcbe 18-24 aydan sonra her ay 1 milyar girdi yaparlar. Bize yaramaz ama bizden sonra gelenlere yarayacak bir proje. \u0130n\u015fallah onu da hayata ge\u00e7irece\u011fiz.&#8221; dedi.&nbsp;<\/p>\n\n\n\n<figure class=\"wp-block-image\"><img decoding=\"async\" src=\"https:\/\/foto.sondakika.com\/haber\/2026\/05\/26\/aziz-yildirimdan-1-milyar-lira-94885327-7334_1_m.jpg\" alt=\"''T\u00fcrkiye'nin en b\u00fcy\u00fck projelerinden biri'' diyerek duyurdu! Aziz Y\u0131ld\u0131r\u0131m'dan 1 milyar liral\u0131k hamle\"\/><\/figure>\n\n\n\n<h3 class=\"wp-block-heading\">SE\u00c7\u0130MDEN \u00d6NCE A\u00c7IKLAYAB\u0130L\u0130R<\/h3>\n\n\n\n<p class=\"wp-block-paragraph\">Aziz Y\u0131ld\u0131r\u0131m ayr\u0131ca projeyi se\u00e7imden \u00f6nce a\u00e7\u0131klamayacaklar\u0131n\u0131, ancak gerekirse kamuoyuyla payla\u015fabileceklerini s\u00f6yledi.&nbsp;<\/p>\n","protected":false},"excerpt":{"rendered":"<p>Fenerbah\u00e7e&#8217;de ba\u015fkan adaylar\u0131ndan Aziz Y\u0131ld\u0131r\u0131m, sar\u0131-lacivertli kul\u00fcp i\u00e7in 1 milyar liral\u0131k \u00f6nemli bir projelerinin oldu\u011funu<\/p>\n","protected":false},"author":1,"featured_media":2466,"comment_status":"open","ping_status":"open","sticky":false,"template":"","format":"standard","meta":{"_rtcl_gb_attr":"","footnotes":""},"categories":[3],"tags":[],"class_list":["post-2465","post","type-post","status-publish","format-standard","has-post-thumbnail","hentry","category-spor"],"_links":{"self":[{"href":"https:\/\/turkiyemhaber.com\/index.php?rest_route=\/wp\/v2\/posts\/2465","targetHints":{"allow":["GET"]}}],"collection":[{"href":"https:\/\/turkiyemhaber.com\/index.php?rest_route=\/wp\/v2\/posts"}],"about":[{"href":"https:\/\/turkiyemhaber.com\/index.php?rest_route=\/wp\/v2\/types\/post"}],"author":[{"embeddable":true,"href":"https:\/\/turkiyemhaber.com\/index.php?rest_route=\/wp\/v2\/users\/1"}],"replies":[{"embeddable":true,"href":"https:\/\/turkiyemhaber.com\/index.php?rest_route=%2Fwp%2Fv2%2Fcomments&post=2465"}],"version-history":[{"count":1,"href":"https:\/\/turkiyemhaber.com\/index.php?rest_route=\/wp\/v2\/posts\/2465\/revisions"}],"predecessor-version":[{"id":2467,"href":"https:\/\/turkiyemhaber.com\/index.php?rest_route=\/wp\/v2\/posts\/2465\/revisions\/2467"}],"wp:featuredmedia":[{"embeddable":true,"href":"https:\/\/turkiyemhaber.com\/index.php?rest_route=\/wp\/v2\/media\/2466"}],"wp:attachment":[{"href":"https:\/\/turkiyemhaber.com\/index.php?rest_route=%2Fwp%2Fv2%2Fmedia&parent=2465"}],"wp:term":[{"taxonomy":"category","embeddable":true,"href":"https:\/\/turkiyemhaber.com\/index.php?rest_route=%2Fwp%2Fv2%2Fcategories&post=2465"},{"taxonomy":"post_tag","embeddable":true,"href":"https:\/\/turkiyemhaber.com\/index.php?rest_route=%2Fwp%2Fv2%2Ftags&post=2465"}],"curies":[{"name":"wp","href":"https:\/\/api.w.org\/{rel}","templated":true}]}}