{"id":2462,"date":"2026-05-26T16:55:27","date_gmt":"2026-05-26T16:55:27","guid":{"rendered":"https:\/\/turkiyemhaber.com\/?p=2462"},"modified":"2026-05-26T16:55:33","modified_gmt":"2026-05-26T16:55:33","slug":"mhp-genel-baskani-devlet-bahcelinin-kilicdaroglu-ve-ozele-yarin-bir-cagrida-bulunacagi-aciklandi","status":"publish","type":"post","link":"https:\/\/turkiyemhaber.com\/?p=2462","title":{"rendered":"MHP Genel Ba\u015fkan\u0131 Devlet Bah\u00e7eli&#8217;nin, K\u0131l\u0131\u00e7daro\u011flu ve \u00d6zel&#8217;e yar\u0131n bir \u00e7a\u011fr\u0131da bulunaca\u011f\u0131 a\u00e7\u0131kland\u0131."},"content":{"rendered":"\n<p class=\"wp-block-paragraph\">CHP&#8217;nin 38. Ola\u011fan Kurultay\u0131 i\u00e7in verilen mutlak butlan karar\u0131n\u0131n ard\u0131ndan \u00d6zg\u00fcr \u00d6zel&#8217;in g\u00f6revden al\u0131n\u0131p Kemal K\u0131l\u0131\u00e7daro\u011flu&#8217;nun genel ba\u015fkanl\u0131\u011f\u0131 d\u00f6nmesi, Ankara kulislerini de hareketlenirdi. Ya\u015fananlara ili\u015fkin tutumu merak edilen MHP Genel Ba\u015fkan\u0131 Devlet Bah\u00e7eli&#8217;nin ise, K\u0131l\u0131\u00e7daro\u011flu ve \u00d6zel&#8217;e yar\u0131n bir \u00e7a\u011fr\u0131da bulunaca\u011f\u0131 a\u00e7\u0131kland\u0131.<\/p>\n\n\n\n<p class=\"wp-block-paragraph\">Ankara B\u00f6lge Adliye Mahkemesi, CHP\u2019nin 38. Ola\u011fan Kurultay\u0131 i\u00e7in ge\u00e7ti\u011fimiz g\u00fcnlerde&#8221;mutlak butlan&#8221; karar\u0131 vererek kurultay\u0131 iptal etti. Bu tarihi karar\u0131n ard\u0131ndan&nbsp;<a href=\"https:\/\/www.sondakika.com\/ozgur-ozel\/\">\u00d6zg\u00fcr \u00d6zel<\/a>&nbsp;g\u00f6revden al\u0131n\u0131rken, partinin genel ba\u015fkanl\u0131\u011f\u0131 koltu\u011funa yeniden&nbsp;<a href=\"https:\/\/www.sondakika.com\/kemal-kilicdaroglu\/\">Kemal K\u0131l\u0131\u00e7daro\u011flu<\/a>&nbsp;d\u00f6nd\u00fc. Mahkemenin ana muhalefet partisinde Kas\u0131m 2023 \u00f6ncesindeki y\u00f6netimi ge\u00e7erli saymas\u0131, Ankara kulislerinde adeta deprem etkisi yaratt\u0131.<\/p>\n\n\n\n<h3 class=\"wp-block-heading\">BAH\u00c7EL\u0130, YARIN \u00c7A\u011eRIDA BULUNACAK<\/h3>\n\n\n\n<p class=\"wp-block-paragraph\">Siyasi liderlerin ya\u015fanan bu geli\u015fmeye kar\u015f\u0131 tak\u0131naca\u011f\u0131 tav\u0131r merakla beklenirken, MHP Genel Ba\u015fkan\u0131&nbsp;<a href=\"https:\/\/www.sondakika.com\/devlet-bahceli\/\">Devlet Bah\u00e7eli<\/a>&#8216;den dikkat \u00e7eken hamle geldi. MHP Genel Ba\u015fkan\u0131 Devlet Bah\u00e7eli\u2019nin, ya\u015fanan krizin ard\u0131ndan yar\u0131n hem Kemal K\u0131l\u0131\u00e7daro\u011flu\u2019na hem de \u00d6zg\u00fcr \u00d6zel\u2019e y\u00f6nelik \u00f6nemli bir \u00e7a\u011fr\u0131da bulunaca\u011f\u0131 a\u00e7\u0131kland\u0131.&nbsp;<\/p>\n\n\n\n<h3 class=\"wp-block-heading\">&#8220;KILI\u00c7DARO\u011eLU, \u00d6ZEL \u0130LE G\u00d6R\u00dc\u015eEREK FERAGAT ETT\u0130\u011e\u0130N\u0130 BEL\u0130RTMEL\u0130D\u0130R&#8221;<\/h3>\n\n\n\n<p class=\"wp-block-paragraph\">\u00d6te yandan Bah\u00e7eli, ge\u00e7ti\u011fimiz g\u00fcnlerde CNN T\u00fcrk&#8217;e yapt\u0131\u011f\u0131 yaz\u0131l\u0131 a\u00e7\u0131klamas\u0131nda \u015fu ifadeleri kullanm\u0131\u015ft\u0131: &#8220;CHP\u2019de ortak ak\u0131l egemen h\u00e2le gelmelidir. Say\u0131n K\u0131l\u0131\u00e7daro\u011flu, kendisine yap\u0131lan haks\u0131zl\u0131\u011f\u0131n kabul edildi\u011fini, bununla birlikte 13 y\u0131l genel ba\u015fkan olarak g\u00f6rev yapt\u0131\u011f\u0131 bu k\u00f6kl\u00fc kurumu incitmemek, yaralamamak ve bir kaosa sebebiyet vermemek \u00fczere tarih\u00ee bir sorumluluk \u00fcstlenmelidir. Hukukun da cevaz verdi\u011fi \u00e7er\u00e7evede Say\u0131n \u00d6zg\u00fcr \u00d6zel ile g\u00f6r\u00fc\u015ferek CHP\u2019nin gelece\u011fine ili\u015fkin bir ortak form\u00fcl olu\u015fturmak amac\u0131yla feragat etti\u011fini belirtmelidir. Bu sonu\u00e7 hem CHP\u2019nin hem de \u00fclkemizin yarar\u0131na olacakt\u0131r. Ayn\u0131 zamanda da bu tarih\u00ee sorumlulukla Say\u0131n K\u0131l\u0131\u00e7daro\u011flu hem CHP\u2019nin kurumsal kimli\u011finin hem de CHP\u2019ye g\u00f6n\u00fcl vermi\u015f vatanda\u015flar\u0131m\u0131z\u0131n g\u00f6nl\u00fcnde m\u00fcstesna bir yer edinecektir.&#8221;<\/p>\n\n\n\n<h3 class=\"wp-block-heading\">&#8220;BU A\u015eAMADA TEK YOL UZLA\u015eMAKTIR&#8221;<\/h3>\n\n\n\n<p class=\"wp-block-paragraph\">Karar sonras\u0131 Say\u0131n Kemal K\u0131l\u0131\u00e7daro\u011flu&#8217;nun ve Say\u0131n \u00d6zg\u00fcr \u00d6zel&#8217;in yapt\u0131\u011f\u0131 a\u00e7\u0131klamalar birlik \u00e7er\u00e7evesindedir. Ancak bunun CHP ortak iradesine d\u00f6n\u00fc\u015ft\u00fcr\u00fclmesi bu \u00e7abalar\u0131 yap\u0131c\u0131 k\u0131lacakt\u0131r. Temennimiz, kalabal\u0131klar olu\u015fturarak kar\u015f\u0131l\u0131kl\u0131 meydan okumalar yerine her iki genel ba\u015fkan\u0131n bir araya gelerek kanunlar\u0131n, parti t\u00fcz\u00fc\u011f\u00fcn\u00fcn ve mahkeme karar\u0131n\u0131n verdi\u011fi imk\u00e2n \u00e7er\u00e7evesinde gerekli fedak\u00e2rl\u0131klar\u0131 g\u00f6stermek suretiyle CHP menfaatlerini esas alan ortak bir yol bulmalar\u0131d\u0131r. Bunu da geciktirmeden, toplumsal veya parti i\u00e7i bir kar\u0131\u015f\u0131kl\u0131\u011fa yol a\u00e7madan yapmalar\u0131d\u0131r. Unutulmamal\u0131d\u0131r ki, CHP\u2019nin kurumsal kimli\u011fine, miras\u0131na ve taban\u0131na kar\u015f\u0131 ihanet noktas\u0131na evrilebilecek bir tav\u0131r, CHP\u2019ye hizmet etmi\u015f insanlar i\u00e7in a\u011f\u0131r bir y\u00fck olacakt\u0131r. Bu a\u015famada tek yol uzla\u015fmak; uzla\u015fman\u0131n temel unsuru da tahriklerden ka\u00e7\u0131nmak, feragat ve sorumluluk duygusuyla hareket etmektir.<\/p>\n\n\n\n<p class=\"wp-block-paragraph\">T\u00fcrkiye demokratik bir hukuk devletidir. G\u00fc\u00e7l\u00fc bir siyasi k\u00fclt\u00fcre sahiptir. Anayasam\u0131za g\u00f6re yarg\u0131 tarafs\u0131z ve ba\u011f\u0131ms\u0131zd\u0131r. T\u00fcrkiye hepimizindir. Bu anlay\u0131\u015fla; kurallar ve kurumlar \u00e7er\u00e7evesinde, sa\u011fduyuyla, birlik ve dayan\u0131\u015fmayla hareket edilmesi ve CHP\u2019nin gelece\u011finde uzla\u015f\u0131lmas\u0131 en hay\u0131rl\u0131 yol olacakt\u0131r.\u201d<\/p>\n\n\n\n<figure class=\"wp-block-image\"><img decoding=\"async\" src=\"https:\/\/foto.sondakika.com\/haber\/2026\/05\/26\/bahceli-yarin-ozel-ve-kilicdar-19885645-7837_1_m.jpg\" alt=\"bulunacak\"\/><\/figure>\n","protected":false},"excerpt":{"rendered":"<p>CHP&#8217;nin 38. Ola\u011fan Kurultay\u0131 i\u00e7in verilen mutlak butlan karar\u0131n\u0131n ard\u0131ndan \u00d6zg\u00fcr \u00d6zel&#8217;in g\u00f6revden al\u0131n\u0131p Kemal<\/p>\n","protected":false},"author":1,"featured_media":2463,"comment_status":"open","ping_status":"open","sticky":false,"template":"","format":"standard","meta":{"_rtcl_gb_attr":"","footnotes":""},"categories":[43],"tags":[],"class_list":["post-2462","post","type-post","status-publish","format-standard","has-post-thumbnail","hentry","category-son-dakika"],"_links":{"self":[{"href":"https:\/\/turkiyemhaber.com\/index.php?rest_route=\/wp\/v2\/posts\/2462","targetHints":{"allow":["GET"]}}],"collection":[{"href":"https:\/\/turkiyemhaber.com\/index.php?rest_route=\/wp\/v2\/posts"}],"about":[{"href":"https:\/\/turkiyemhaber.com\/index.php?rest_route=\/wp\/v2\/types\/post"}],"author":[{"embeddable":true,"href":"https:\/\/turkiyemhaber.com\/index.php?rest_route=\/wp\/v2\/users\/1"}],"replies":[{"embeddable":true,"href":"https:\/\/turkiyemhaber.com\/index.php?rest_route=%2Fwp%2Fv2%2Fcomments&post=2462"}],"version-history":[{"count":1,"href":"https:\/\/turkiyemhaber.com\/index.php?rest_route=\/wp\/v2\/posts\/2462\/revisions"}],"predecessor-version":[{"id":2464,"href":"https:\/\/turkiyemhaber.com\/index.php?rest_route=\/wp\/v2\/posts\/2462\/revisions\/2464"}],"wp:featuredmedia":[{"embeddable":true,"href":"https:\/\/turkiyemhaber.com\/index.php?rest_route=\/wp\/v2\/media\/2463"}],"wp:attachment":[{"href":"https:\/\/turkiyemhaber.com\/index.php?rest_route=%2Fwp%2Fv2%2Fmedia&parent=2462"}],"wp:term":[{"taxonomy":"category","embeddable":true,"href":"https:\/\/turkiyemhaber.com\/index.php?rest_route=%2Fwp%2Fv2%2Fcategories&post=2462"},{"taxonomy":"post_tag","embeddable":true,"href":"https:\/\/turkiyemhaber.com\/index.php?rest_route=%2Fwp%2Fv2%2Ftags&post=2462"}],"curies":[{"name":"wp","href":"https:\/\/api.w.org\/{rel}","templated":true}]}}