{"id":2459,"date":"2026-05-26T16:50:21","date_gmt":"2026-05-26T16:50:21","guid":{"rendered":"https:\/\/turkiyemhaber.com\/?p=2459"},"modified":"2026-05-26T16:50:26","modified_gmt":"2026-05-26T16:50:26","slug":"fenerbahce-ile-anilan-rafael-leaodan-milana-veda-gibi-aciklama","status":"publish","type":"post","link":"https:\/\/turkiyemhaber.com\/?p=2459","title":{"rendered":"Fenerbah\u00e7e ile an\u0131lan Rafael Leao&#8217;dan Milan&#8217;a veda gibi a\u00e7\u0131klama"},"content":{"rendered":"\n<p class=\"wp-block-paragraph\">\u0130smi Fenerbah\u00e7e ile an\u0131lan Portekizli sol kanat oyuncusu Rafael Leao, Milan&#8217;a veda edercesine bir payla\u015f\u0131m yapt\u0131. Leao, yapt\u0131\u011f\u0131 a\u00e7\u0131klamada &#8221;Umar\u0131m Milan gelecek sezon yeniden zaferlere imza atar&#8221; s\u00f6zlerini sarf etti.<\/p>\n\n\n\n<p class=\"wp-block-paragraph\">\u0130talya Serie A ekiplerinden&nbsp;<a href=\"https:\/\/www.sondakika.com\/milan\/\">Milan<\/a>&#8216;da gelece\u011fi uzun s\u00fcredir belirsizli\u011fini koruyan Rafael Leao, sosyal medya hesab\u0131 \u00fczerinden yapt\u0131\u011f\u0131 dikkat \u00e7ekici payla\u015f\u0131mla g\u00fcndeme oturdu.&nbsp;<\/p>\n\n\n\n<h3 class=\"wp-block-heading\">LEAO&#8217;DAN VEDA G\u0130B\u0130 A\u00c7IKLAMA<\/h3>\n\n\n\n<p class=\"wp-block-paragraph\">Tak\u0131mdaki gelece\u011fi tart\u0131\u015f\u0131lan ve taraftarlarla ya\u015fad\u0131\u011f\u0131 gerilimler nedeniyle ayr\u0131l\u0131k iddialar\u0131n\u0131n merkezinde yer alan 26 ya\u015f\u0131ndaki Portekizli sol kanat, Milan&#8217;a veda edercesine bir payla\u015f\u0131m yapt\u0131.<\/p>\n\n\n\n<h3 class=\"wp-block-heading\">&#8221;UMARIM GELECEK SEZON YEN\u0130DEN ZAFERLERE \u0130MZA ATAR&#8221;<\/h3>\n\n\n\n<p class=\"wp-block-paragraph\">Leao yapt\u0131\u011f\u0131 payla\u015f\u0131mda,&nbsp;&#8220;Bu d\u00f6nem, fiziksel ve psikolojik dayan\u0131kl\u0131l\u0131\u011f\u0131m\u0131 sonuna kadar s\u0131nad\u0131 ve bunu benimle yak\u0131ndan ya\u015fayanlar, bunun benim i\u00e7in ne kadar zor oldu\u011funu bilirler.&nbsp;Bu nedenle, bu sezonun bizim ya\u015fad\u0131\u011f\u0131m\u0131zdan tamamen farkl\u0131 bir y\u00f6ne gitmesi i\u00e7in elimden gelenin en iyisini yapan herkese te\u015fekk\u00fcr etmek istiyorum.&nbsp;Umar\u0131m Milan gelecek sezon yeniden zaferlere imza atar.&#8221; ifadelerine yer verdi.&nbsp;<\/p>\n\n\n\n<h3 class=\"wp-block-heading\">FENERBAH\u00c7E \u0130LE ANILIYOR<\/h3>\n\n\n\n<p class=\"wp-block-paragraph\">Leao&#8217;nun ismi uzun s\u00fcredir&nbsp;<a href=\"https:\/\/www.sondakika.com\/fenerbahce\/\">Fenerbah\u00e7e<\/a>&nbsp;Ba\u015fkan Aday\u0131 Hakan Safi&#8217;nin g\u00f6r\u00fc\u015ft\u00fc\u011f\u00fc isimler aras\u0131nda yer al\u0131yor. Portekizli oyuncu, son olarak sosyal medya hesab\u0131ndan Hakan Safi&#8217;nin Maldini ile \u00e7ekilmi\u015f foto\u011fraf\u0131na yorum yaparak &#8221;Efsane&#8221; notunu d\u00fc\u015ft\u00fc.<\/p>\n\n\n\n<h3 class=\"wp-block-heading\">S\u00d6ZLE\u015eMES\u0130 DEVAM ED\u0130YOR<\/h3>\n\n\n\n<p class=\"wp-block-paragraph\">Milano temsilcisiyle 2028 y\u0131l\u0131na kadar ge\u00e7erli bir s\u00f6zle\u015fmesi bulunan Portekizli oyuncu geride b\u0131rakt\u0131\u011f\u0131m\u0131z sezonda Milan formas\u0131yla 31 resmi kar\u015f\u0131la\u015fmada g\u00f6rev ald\u0131 ve 10 gol, 3 asistlik bir skor katk\u0131s\u0131 sa\u011flad\u0131.<\/p>\n","protected":false},"excerpt":{"rendered":"<p>\u0130smi Fenerbah\u00e7e ile an\u0131lan Portekizli sol kanat oyuncusu Rafael Leao, Milan&#8217;a veda edercesine bir payla\u015f\u0131m<\/p>\n","protected":false},"author":1,"featured_media":2460,"comment_status":"open","ping_status":"open","sticky":false,"template":"","format":"standard","meta":{"_rtcl_gb_attr":"","footnotes":""},"categories":[3],"tags":[],"class_list":["post-2459","post","type-post","status-publish","format-standard","has-post-thumbnail","hentry","category-spor"],"_links":{"self":[{"href":"https:\/\/turkiyemhaber.com\/index.php?rest_route=\/wp\/v2\/posts\/2459","targetHints":{"allow":["GET"]}}],"collection":[{"href":"https:\/\/turkiyemhaber.com\/index.php?rest_route=\/wp\/v2\/posts"}],"about":[{"href":"https:\/\/turkiyemhaber.com\/index.php?rest_route=\/wp\/v2\/types\/post"}],"author":[{"embeddable":true,"href":"https:\/\/turkiyemhaber.com\/index.php?rest_route=\/wp\/v2\/users\/1"}],"replies":[{"embeddable":true,"href":"https:\/\/turkiyemhaber.com\/index.php?rest_route=%2Fwp%2Fv2%2Fcomments&post=2459"}],"version-history":[{"count":1,"href":"https:\/\/turkiyemhaber.com\/index.php?rest_route=\/wp\/v2\/posts\/2459\/revisions"}],"predecessor-version":[{"id":2461,"href":"https:\/\/turkiyemhaber.com\/index.php?rest_route=\/wp\/v2\/posts\/2459\/revisions\/2461"}],"wp:featuredmedia":[{"embeddable":true,"href":"https:\/\/turkiyemhaber.com\/index.php?rest_route=\/wp\/v2\/media\/2460"}],"wp:attachment":[{"href":"https:\/\/turkiyemhaber.com\/index.php?rest_route=%2Fwp%2Fv2%2Fmedia&parent=2459"}],"wp:term":[{"taxonomy":"category","embeddable":true,"href":"https:\/\/turkiyemhaber.com\/index.php?rest_route=%2Fwp%2Fv2%2Fcategories&post=2459"},{"taxonomy":"post_tag","embeddable":true,"href":"https:\/\/turkiyemhaber.com\/index.php?rest_route=%2Fwp%2Fv2%2Ftags&post=2459"}],"curies":[{"name":"wp","href":"https:\/\/api.w.org\/{rel}","templated":true}]}}