{"id":2452,"date":"2026-05-26T16:43:38","date_gmt":"2026-05-26T16:43:38","guid":{"rendered":"https:\/\/turkiyemhaber.com\/?p=2452"},"modified":"2026-05-26T16:43:42","modified_gmt":"2026-05-26T16:43:42","slug":"iran-abdyi-ateskes-ihlaliyle-sucladi","status":"publish","type":"post","link":"https:\/\/turkiyemhaber.com\/?p=2452","title":{"rendered":"\u0130ran, ABD&#8217;yi Ate\u015fkes \u0130hlaliyle Su\u00e7lad\u0131"},"content":{"rendered":"\n<p class=\"wp-block-paragraph\">ABD&#8217;nin \u0130ran&#8217;\u0131n g\u00fcneyinde f\u00fcze \u00fcslerine ve may\u0131n d\u00f6\u015feyen askeri teknelere sald\u0131r\u0131lar\u0131n\u0131n ard\u0131ndan Tahran&#8217;dan yan\u0131t geldi. ABD&#8217;nin H\u00fcrm\u00fcz Bo\u011faz\u0131 \u00e7evresinde ge\u00e7ici ate\u015fkesi bariz \u015fekilde ihlal etti\u011fini belirten \u0130ran D\u0131\u015fi\u015fleri Bakanl\u0131\u011f\u0131, sald\u0131r\u0131lara cevap verilece\u011fini belirtildi.<\/p>\n\n\n\n<p class=\"wp-block-paragraph\"><a href=\"https:\/\/www.sondakika.com\/iran\/\">\u0130ran<\/a>&nbsp;<a href=\"https:\/\/www.sondakika.com\/disisleri-bakanligi\/\">D\u0131\u015fi\u015fleri Bakanl\u0131\u011f\u0131<\/a>, ABD&#8217;nin&nbsp;<a href=\"https:\/\/www.sondakika.com\/hurmuz-bogazi\/\">H\u00fcrm\u00fcz Bo\u011faz\u0131<\/a>&nbsp;\u00e7evresinde ge\u00e7ici ate\u015fkesi bariz \u015fekilde ihlal etti\u011fini duyurdu. \u0130ran, sald\u0131rganl\u0131\u011fa cevaps\u0131z kalmayaca\u011f\u0131n\u0131 ve kendini savunaca\u011f\u0131n\u0131 a\u00e7\u0131klad\u0131.<\/p>\n\n\n\n<h3 class=\"wp-block-heading\">&#8220;ABD&#8217;N\u0130N SALDIRILARI CEVAPSIZ KALMAYACAKTIR&#8221;<\/h3>\n\n\n\n<p class=\"wp-block-paragraph\">\u0130ran D\u0131\u015fi\u015fleri Bakanl\u0131\u011f\u0131ndan, son iki g\u00fcnd\u00fcr \u0130ran ve ABD g\u00fc\u00e7leri aras\u0131nda H\u00fcrm\u00fcz Bo\u011faz\u0131 \u00e7evresinde ya\u015fanan \u00e7at\u0131\u015fmalara ili\u015fkin yaz\u0131l\u0131 a\u00e7\u0131klama yap\u0131ld\u0131.<\/p>\n\n\n\n<p class=\"wp-block-paragraph\">A\u00e7\u0131klamada, &#8220;ABD&#8217;nin ter\u00f6rist ordusu son 48 saat i\u00e7inde H\u00fcrm\u00fczgan b\u00f6lgesinde bariz bir ate\u015fkes ihlali ger\u00e7ekle\u015ftirdi.&#8221; ifadelerine yer verildi.&nbsp;\u0130ran&#8217;\u0131n, &#8220;hi\u00e7bir sald\u0131rganl\u0131\u011f\u0131 cevaps\u0131z b\u0131rakmayaca\u011f\u0131 ve kendini savunmakta teredd\u00fct etmeyece\u011fi&#8221; belirtildi.<\/p>\n\n\n\n<h3 class=\"wp-block-heading\">ABD&#8217;N\u0130N \u0130RAN&#8217;A SALDIRILARI<\/h3>\n\n\n\n<p class=\"wp-block-paragraph\">\u0130ran bas\u0131n\u0131 d\u00fcn gece \u00fclkenin farkl\u0131 b\u00f6lgelerinde nedeni hen\u00fcz kesin olarak bilinmeyen patlama seslerinin duyuldu\u011funu bildirmi\u015fti. Fars Haber Ajans\u0131, Bender Abbas \u015fehrinde ya\u015fayan b\u00f6lge sakinlerinin birka\u00e7 patlama sesi duydu\u011funu, ancak b\u00f6lgede durumun kontrol alt\u0131nda oldu\u011funu duyurmu\u015ftu. Basra K\u00f6rfezi yak\u0131nlar\u0131ndaki Cask ve Sirik \u015fehirlerinde de benzer patlama seslerinin bildirildi\u011fi kaydedilmi\u015fti. Ayr\u0131ca, Basra K\u00f6rfezi b\u00f6lgesinde bir d\u00fc\u015fman insans\u0131z hava arac\u0131n\u0131n (\u0130HA) \u0130ran Silahl\u0131 Kuvvetleri taraf\u0131ndan imha edildi\u011fi aktar\u0131lm\u0131\u015ft\u0131.<\/p>\n\n\n\n<h3 class=\"wp-block-heading\">ABD: SAVUNMA AMA\u00c7LI SALDIRILAR D\u00dcZENLED\u0130K<\/h3>\n\n\n\n<p class=\"wp-block-paragraph\">ABD\u2019den konuyla ilgili a\u00e7\u0131klama geldi. ABD merkezli Fox News televizyonunun haberine g\u00f6re; CENTCOM S\u00f6zc\u00fcs\u00fc Tim Hawkins, &#8220;ABD kuvvetleri, birliklerimizi \u0130ran g\u00fc\u00e7lerinin olu\u015fturdu\u011fu tehditlerden korumak i\u00e7in bug\u00fcn g\u00fcney \u0130ran&#8217;daki hedeflere kendini savunma ama\u00e7l\u0131 sald\u0131r\u0131lar d\u00fczenledi&#8221; a\u00e7\u0131klamas\u0131nda bulundu. Hawkins, &#8220;Hedefler aras\u0131nda f\u00fcze \u00fcsleri ve may\u0131n d\u00f6\u015femeye \u00e7al\u0131\u015fan \u0130ran tekneleri vard\u0131. CENTCOM, devam eden ate\u015fkes s\u0131ras\u0131nda itidalli davranarak g\u00fc\u00e7lerini savunmaya devam ediyor&#8221; ifadelerini kulland\u0131.<\/p>\n\n\n\n<h3 class=\"wp-block-heading\">&#8220;ATE\u015eKES\u0130N SONA ERD\u0130\u011e\u0130 ANLAMINA GELM\u0130YOR&#8221;<\/h3>\n\n\n\n<p class=\"wp-block-paragraph\">\u0130smini gizli tutan \u00fcst d\u00fczey bir ABD&#8217;li yetkili ise, H\u00fcrm\u00fcz Bo\u011faz\u0131&#8217;na may\u0131n d\u00f6\u015feyen \u0130ran Devrim Muhaf\u0131zlar\u0131 Ordusu\u2019na (DMO) ait 2 askeri tekne ile Bender Abbas \u015fehrindeki bir f\u00fcze \u00fcss\u00fcn\u00fcn hedef al\u0131nd\u0131\u011f\u0131 bilgisini payla\u015ft\u0131. S\u00f6z konusu yetkili, sald\u0131r\u0131lar\u0131n &#8220;savunma ama\u00e7l\u0131&#8221; oldu\u011funu yinelerken, iki farkl\u0131 kaynak da ya\u015fanan geli\u015fmelerin &#8220;ate\u015fkesin sona erdi\u011fi anlam\u0131na gelmedi\u011fini&#8221; ifade etti. Ayr\u0131ca sald\u0131r\u0131lar\u0131n \u015fimdilik sona erdi\u011fi aktar\u0131ld\u0131.<\/p>\n\n\n\n<figure class=\"wp-block-image\"><img decoding=\"async\" src=\"https:\/\/foto.sondakika.com\/haber\/2026\/05\/26\/abdnin-saldirilariyla-ilgili-i-19885051-1782_1_m.jpg\" alt=\"\u0130ran, ABD'yi Ate\u015fkes \u0130hlaliyle Su\u00e7lad\u0131\"\/><\/figure>\n\n\n\n<p class=\"wp-block-paragraph\"><\/p>\n","protected":false},"excerpt":{"rendered":"<p>ABD&#8217;nin \u0130ran&#8217;\u0131n g\u00fcneyinde f\u00fcze \u00fcslerine ve may\u0131n d\u00f6\u015feyen askeri teknelere sald\u0131r\u0131lar\u0131n\u0131n ard\u0131ndan Tahran&#8217;dan yan\u0131t geldi.<\/p>\n","protected":false},"author":1,"featured_media":2453,"comment_status":"open","ping_status":"open","sticky":false,"template":"","format":"standard","meta":{"_rtcl_gb_attr":"","footnotes":""},"categories":[65],"tags":[],"class_list":["post-2452","post","type-post","status-publish","format-standard","has-post-thumbnail","hentry","category-dunya"],"_links":{"self":[{"href":"https:\/\/turkiyemhaber.com\/index.php?rest_route=\/wp\/v2\/posts\/2452","targetHints":{"allow":["GET"]}}],"collection":[{"href":"https:\/\/turkiyemhaber.com\/index.php?rest_route=\/wp\/v2\/posts"}],"about":[{"href":"https:\/\/turkiyemhaber.com\/index.php?rest_route=\/wp\/v2\/types\/post"}],"author":[{"embeddable":true,"href":"https:\/\/turkiyemhaber.com\/index.php?rest_route=\/wp\/v2\/users\/1"}],"replies":[{"embeddable":true,"href":"https:\/\/turkiyemhaber.com\/index.php?rest_route=%2Fwp%2Fv2%2Fcomments&post=2452"}],"version-history":[{"count":1,"href":"https:\/\/turkiyemhaber.com\/index.php?rest_route=\/wp\/v2\/posts\/2452\/revisions"}],"predecessor-version":[{"id":2454,"href":"https:\/\/turkiyemhaber.com\/index.php?rest_route=\/wp\/v2\/posts\/2452\/revisions\/2454"}],"wp:featuredmedia":[{"embeddable":true,"href":"https:\/\/turkiyemhaber.com\/index.php?rest_route=\/wp\/v2\/media\/2453"}],"wp:attachment":[{"href":"https:\/\/turkiyemhaber.com\/index.php?rest_route=%2Fwp%2Fv2%2Fmedia&parent=2452"}],"wp:term":[{"taxonomy":"category","embeddable":true,"href":"https:\/\/turkiyemhaber.com\/index.php?rest_route=%2Fwp%2Fv2%2Fcategories&post=2452"},{"taxonomy":"post_tag","embeddable":true,"href":"https:\/\/turkiyemhaber.com\/index.php?rest_route=%2Fwp%2Fv2%2Ftags&post=2452"}],"curies":[{"name":"wp","href":"https:\/\/api.w.org\/{rel}","templated":true}]}}