{"id":2446,"date":"2026-05-26T16:36:01","date_gmt":"2026-05-26T16:36:01","guid":{"rendered":"https:\/\/turkiyemhaber.com\/?p=2446"},"modified":"2026-05-26T16:36:05","modified_gmt":"2026-05-26T16:36:05","slug":"ozelin-secim-teklifine-kilicdaroglu-cephesinden-yanit-siyasi-polemiktir","status":"publish","type":"post","link":"https:\/\/turkiyemhaber.com\/?p=2446","title":{"rendered":"\u00d6zel&#8217;in &#8220;se\u00e7im&#8221; teklifine K\u0131l\u0131\u00e7daro\u011flu cephesinden yan\u0131t: Siyasi polemiktir"},"content":{"rendered":"\n<p class=\"wp-block-paragraph\">\u00d6zg\u00fcr \u00d6zel&#8217;in \u0130zmir mitinden yapt\u0131\u011f\u0131, &#8220;Kemal Bey&#8217;e sesleniyorum. Gelsin bayramdan sonraki bir iki hafta i\u00e7inde 2 milyon \u00fcyemize genel ba\u015fkan\u0131m\u0131z\u0131 se\u00e7tirelim.&#8221; \u00e7a\u011fr\u0131s\u0131na K\u0131l\u0131\u00e7daro\u011flu cephesinden yan\u0131t geldi. Eski CHP \u0130stanbul Milletvekili M\u00fcslim Sar\u0131, &#8220;Diyalog kap\u0131lar\u0131n\u0131 kapatm\u0131\u015flard\u0131. Bundan sonras\u0131n\u0131 ben siyasi polemik olarak g\u00f6r\u00fcyorum. Yol bellidir, yol haritas\u0131 bellidir, yap\u0131lacaklar bellidir. Bu \u00e7er\u00e7evede ilerleyece\u011fiz biz.&#8221; dedi.<\/p>\n\n\n\n<p class=\"wp-block-paragraph\">Eski CHP&nbsp;<a href=\"https:\/\/www.sondakika.com\/istanbul\/\">\u0130stanbul<\/a>&nbsp;<a href=\"https:\/\/www.sondakika.com\/milletvekili\/\">Milletvekili<\/a>&nbsp;<a href=\"https:\/\/www.sondakika.com\/muslim-sari\/\">M\u00fcslim Sar\u0131<\/a>, mahkeme karar\u0131yla CHP Genel Ba\u015fkanl\u0131\u011f\u0131&#8217;na d\u00f6nen&nbsp;<a href=\"https:\/\/www.sondakika.com\/kemal-kilicdaroglu\/\">Kemal K\u0131l\u0131\u00e7daro\u011flu<\/a>&#8216;nu ziyaretinin ard\u0131ndan&nbsp;<a href=\"https:\/\/www.sondakika.com\/ozgur-ozel\/\">\u00d6zg\u00fcr \u00d6zel<\/a>&#8216;in \u00f6n se\u00e7im \u00e7a\u011fr\u0131s\u0131na ili\u015fkin, &#8220;Diyalog kap\u0131lar\u0131n\u0131 kapatm\u0131\u015flard\u0131. Bundan sonras\u0131n\u0131 ben siyasi polemik olarak g\u00f6r\u00fcyorum&#8221; dedi.<\/p>\n\n\n\n<h3 class=\"wp-block-heading\">M\u00dcSL\u0130M SARI&#8217;DAN \u00d6ZG\u00dcR \u00d6ZEL&#8217;\u0130N \u00c7A\u011eRISINA YANIT<\/h3>\n\n\n\n<p class=\"wp-block-paragraph\">M\u00fcslim Sar\u0131, K\u0131l\u0131\u00e7daro\u011flu&#8217;nu konutunda ziyaret etti. Sar\u0131, yakla\u015f\u0131k 1 saat s\u00fcren g\u00f6r\u00fc\u015fmenin ard\u0131ndan gazetecilere a\u00e7\u0131klama yapt\u0131. M\u00fcslim Sar\u0131, parti genel merkezinin haz\u0131rlanmas\u0131na y\u00f6nelik \u00e7al\u0131\u015fmalar\u0131n devam etti\u011fini belirterek, &#8220;Kitlesel bir toplant\u0131m\u0131z olacak cumartesi g\u00fcn\u00fc. Haz\u0131rl\u0131klar\u0131m\u0131z devam ediyor. Partinin kendi g\u00fcndelik i\u015fleriyle ilgili s\u00fcre\u00e7leri takip ediyoruz&#8221; dedi.<\/p>\n","protected":false},"excerpt":{"rendered":"<p>\u00d6zg\u00fcr \u00d6zel&#8217;in \u0130zmir mitinden yapt\u0131\u011f\u0131, &#8220;Kemal Bey&#8217;e sesleniyorum. Gelsin bayramdan sonraki bir iki hafta i\u00e7inde<\/p>\n","protected":false},"author":1,"featured_media":2447,"comment_status":"open","ping_status":"open","sticky":false,"template":"","format":"standard","meta":{"_rtcl_gb_attr":"","footnotes":""},"categories":[44],"tags":[],"class_list":["post-2446","post","type-post","status-publish","format-standard","has-post-thumbnail","hentry","category-politika"],"_links":{"self":[{"href":"https:\/\/turkiyemhaber.com\/index.php?rest_route=\/wp\/v2\/posts\/2446","targetHints":{"allow":["GET"]}}],"collection":[{"href":"https:\/\/turkiyemhaber.com\/index.php?rest_route=\/wp\/v2\/posts"}],"about":[{"href":"https:\/\/turkiyemhaber.com\/index.php?rest_route=\/wp\/v2\/types\/post"}],"author":[{"embeddable":true,"href":"https:\/\/turkiyemhaber.com\/index.php?rest_route=\/wp\/v2\/users\/1"}],"replies":[{"embeddable":true,"href":"https:\/\/turkiyemhaber.com\/index.php?rest_route=%2Fwp%2Fv2%2Fcomments&post=2446"}],"version-history":[{"count":1,"href":"https:\/\/turkiyemhaber.com\/index.php?rest_route=\/wp\/v2\/posts\/2446\/revisions"}],"predecessor-version":[{"id":2448,"href":"https:\/\/turkiyemhaber.com\/index.php?rest_route=\/wp\/v2\/posts\/2446\/revisions\/2448"}],"wp:featuredmedia":[{"embeddable":true,"href":"https:\/\/turkiyemhaber.com\/index.php?rest_route=\/wp\/v2\/media\/2447"}],"wp:attachment":[{"href":"https:\/\/turkiyemhaber.com\/index.php?rest_route=%2Fwp%2Fv2%2Fmedia&parent=2446"}],"wp:term":[{"taxonomy":"category","embeddable":true,"href":"https:\/\/turkiyemhaber.com\/index.php?rest_route=%2Fwp%2Fv2%2Fcategories&post=2446"},{"taxonomy":"post_tag","embeddable":true,"href":"https:\/\/turkiyemhaber.com\/index.php?rest_route=%2Fwp%2Fv2%2Ftags&post=2446"}],"curies":[{"name":"wp","href":"https:\/\/api.w.org\/{rel}","templated":true}]}}