{"id":2443,"date":"2026-05-26T16:31:17","date_gmt":"2026-05-26T16:31:17","guid":{"rendered":"https:\/\/turkiyemhaber.com\/?p=2443"},"modified":"2026-05-26T16:31:21","modified_gmt":"2026-05-26T16:31:21","slug":"yillarca-fenerbahcede-oynamisti-galatasarayla-anlasmaya-vardi","status":"publish","type":"post","link":"https:\/\/turkiyemhaber.com\/?p=2443","title":{"rendered":"Y\u0131llarca Fenerbah\u00e7e&#8217;de oynam\u0131\u015ft\u0131: Galatasaray&#8217;la anla\u015fmaya vard\u0131"},"content":{"rendered":"\n<p class=\"wp-block-paragraph\">Fenerbah\u00e7e Beko&#8217;da 5 y\u0131l forma giyen Dyshawn Pierre, Galatasaray MCT Technic&#8217;e transfer oldu. Sar\u0131-k\u0131rm\u0131z\u0131l\u0131lar, Dyshawn Pierre ile anla\u015fmaya vard\u0131.<\/p>\n\n\n\n<p class=\"wp-block-paragraph\"><a href=\"https:\/\/www.sondakika.com\/basketbol\/\">Basketbol<\/a>&nbsp;S\u00fcper Ligi ve Avrupa arenas\u0131ndaki iddias\u0131n\u0131 art\u0131rmak isteyen&nbsp;<a href=\"https:\/\/www.sondakika.com\/galatasaray\/\">Galatasaray<\/a>&nbsp;MCT Technic, s\u00fcrpriz bir transfere haz\u0131rlan\u0131yor.&nbsp;<\/p>\n\n\n\n<h3 class=\"wp-block-heading\">DYSHAWN PIERRE GALATASARAY&#8217;DA<\/h3>\n\n\n\n<p class=\"wp-block-paragraph\">Sar\u0131-k\u0131rm\u0131z\u0131l\u0131lar, ezeli rakibi&nbsp;<a href=\"https:\/\/www.sondakika.com\/fenerbahce\/\">Fenerbah\u00e7e<\/a>&nbsp;Beko\u2019da tam 5 sezon boyunca ba\u015far\u0131yla ter d\u00f6ken deneyimli forvet Dyshawn Pierre&#8217;i kadrosuna katt\u0131.<\/p>\n\n\n\n<figure class=\"wp-block-image\"><img decoding=\"async\" src=\"https:\/\/foto.sondakika.com\/haber\/2026\/05\/26\/yillarca-fenerbahcede-oynamist-70118613-9009_1_m.jpg\" alt=\"Y\u0131llarca Fenerbah\u00e7e'de oynam\u0131\u015ft\u0131: Galatasaray'la anla\u015fmaya vard\u0131\"\/><\/figure>\n\n\n\n<h3 class=\"wp-block-heading\">RESM\u0130 A\u00c7IKLAMA BEKLEN\u0130YOR<\/h3>\n\n\n\n<p class=\"wp-block-paragraph\">Eurohoops&#8217;un haberine g\u00f6re; Yeni sezonda \u00e7ok daha g\u00fc\u00e7l\u00fc ve iddial\u0131 bir kadro kurmay\u0131 hedefleyen Galatasaray y\u00f6netimi, 32 ya\u015f\u0131ndaki Kanadal\u0131 basketbolcu ile y\u00fcr\u00fctt\u00fc\u011f\u00fc g\u00f6r\u00fc\u015fmelerde her konuda tam anla\u015fma sa\u011flad\u0131. Taraflar aras\u0131nda imzalar\u0131n at\u0131ld\u0131\u011f\u0131 ve k\u0131sa s\u00fcre i\u00e7erisinde resmi a\u00e7\u0131klaman\u0131n gelece\u011fi belirtildi.&nbsp;<\/p>\n\n\n\n<figure class=\"wp-block-image\"><img decoding=\"async\" src=\"https:\/\/foto.sondakika.com\/haber\/2026\/05\/26\/yillarca-fenerbahcede-oynamist-61379255-2408_1_m.jpg\" alt=\"Y\u0131llarca Fenerbah\u00e7e'de oynam\u0131\u015ft\u0131: Galatasaray'la anla\u015fmaya vard\u0131\"\/><\/figure>\n\n\n\n<h3 class=\"wp-block-heading\">KUPALARA AMBARGO KOYDU<\/h3>\n\n\n\n<p class=\"wp-block-paragraph\">2020-2021 sezonunun ba\u015f\u0131nda Fenerbah\u00e7e Beko\u2019ya transfer olan ve sar\u0131-lacivertli formayla 5 y\u0131l boyunca parkede sava\u015f\u00e7\u0131 kimli\u011fi, savunma g\u00fcc\u00fc ve kritik anlarda sahneye \u00e7\u0131kmas\u0131yla taraftar\u0131n sevgilisi haline gelen Dyshawn Pierre, ge\u00e7ti\u011fimiz sezonun ard\u0131ndan kul\u00fcb\u00fcyle yollar\u0131n\u0131 ay\u0131rm\u0131\u015ft\u0131.&nbsp;T\u00fcrkiye kariyerine \u00e7ok iyi hakim olan ve ligi yak\u0131ndan tan\u0131yan tecr\u00fcbeli forvet, sar\u0131-lacivertlilerin kazand\u0131\u011f\u0131 bir\u00e7ok kupada \u00f6n plana \u00e7\u0131kan isimlerden biriydi.<\/p>\n","protected":false},"excerpt":{"rendered":"<p>Fenerbah\u00e7e Beko&#8217;da 5 y\u0131l forma giyen Dyshawn Pierre, Galatasaray MCT Technic&#8217;e transfer oldu. Sar\u0131-k\u0131rm\u0131z\u0131l\u0131lar, Dyshawn<\/p>\n","protected":false},"author":1,"featured_media":2444,"comment_status":"open","ping_status":"open","sticky":false,"template":"","format":"standard","meta":{"_rtcl_gb_attr":"","footnotes":""},"categories":[3],"tags":[],"class_list":["post-2443","post","type-post","status-publish","format-standard","has-post-thumbnail","hentry","category-spor"],"_links":{"self":[{"href":"https:\/\/turkiyemhaber.com\/index.php?rest_route=\/wp\/v2\/posts\/2443","targetHints":{"allow":["GET"]}}],"collection":[{"href":"https:\/\/turkiyemhaber.com\/index.php?rest_route=\/wp\/v2\/posts"}],"about":[{"href":"https:\/\/turkiyemhaber.com\/index.php?rest_route=\/wp\/v2\/types\/post"}],"author":[{"embeddable":true,"href":"https:\/\/turkiyemhaber.com\/index.php?rest_route=\/wp\/v2\/users\/1"}],"replies":[{"embeddable":true,"href":"https:\/\/turkiyemhaber.com\/index.php?rest_route=%2Fwp%2Fv2%2Fcomments&post=2443"}],"version-history":[{"count":1,"href":"https:\/\/turkiyemhaber.com\/index.php?rest_route=\/wp\/v2\/posts\/2443\/revisions"}],"predecessor-version":[{"id":2445,"href":"https:\/\/turkiyemhaber.com\/index.php?rest_route=\/wp\/v2\/posts\/2443\/revisions\/2445"}],"wp:featuredmedia":[{"embeddable":true,"href":"https:\/\/turkiyemhaber.com\/index.php?rest_route=\/wp\/v2\/media\/2444"}],"wp:attachment":[{"href":"https:\/\/turkiyemhaber.com\/index.php?rest_route=%2Fwp%2Fv2%2Fmedia&parent=2443"}],"wp:term":[{"taxonomy":"category","embeddable":true,"href":"https:\/\/turkiyemhaber.com\/index.php?rest_route=%2Fwp%2Fv2%2Fcategories&post=2443"},{"taxonomy":"post_tag","embeddable":true,"href":"https:\/\/turkiyemhaber.com\/index.php?rest_route=%2Fwp%2Fv2%2Ftags&post=2443"}],"curies":[{"name":"wp","href":"https:\/\/api.w.org\/{rel}","templated":true}]}}