{"id":2437,"date":"2026-05-26T16:24:27","date_gmt":"2026-05-26T16:24:27","guid":{"rendered":"https:\/\/turkiyemhaber.com\/?p=2437"},"modified":"2026-05-26T16:24:31","modified_gmt":"2026-05-26T16:24:31","slug":"ugurcan-cakirdan-fenerbahce-itirafi","status":"publish","type":"post","link":"https:\/\/turkiyemhaber.com\/?p=2437","title":{"rendered":"U\u011furcan \u00c7ak\u0131r&#8217;dan Fenerbah\u00e7e itiraf\u0131"},"content":{"rendered":"\n<p class=\"wp-block-paragraph\">Galatasaray formas\u0131yla ilk sezonun \u015fampiyonluk ya\u015fayan U\u011furcan \u00c7ak\u0131r, Fenerbah\u00e7e ma\u00e7\u0131yla ilgili itirafta bulunarak &#8221;K\u0131r\u0131lma ma\u00e7\u0131 Gen\u00e7lerbirli\u011fi ile ba\u015flad\u0131 asl\u0131nda. Gen\u00e7lerbirli\u011fi. Sonra i\u00e7eride Fenerbah\u00e7e&#8217;yi yendik yanl\u0131\u015f hat\u0131rlam\u0131yorsam. O ma\u00e7 sonras\u0131 kesin \u015fampiyon oluyoruz dedim. \u0130\u00e7erideki Fenerbah\u00e7e ma\u00e7\u0131 k\u0131r\u0131lma ma\u00e7\u0131yd\u0131&#8221; dedi.<\/p>\n\n\n\n<p class=\"wp-block-paragraph\"><a href=\"https:\/\/www.sondakika.com\/galatasaray\/\">Galatasaray<\/a>&#8216;\u0131n elde etti\u011fi 26. \u015fampiyonlukta kalesinde devle\u015ferek b\u00fcy\u00fck pay sahibi olan milli eldiven&nbsp;<a href=\"https:\/\/www.sondakika.com\/ugurcan-cakir\/\">U\u011furcan \u00c7ak\u0131r<\/a>, \u00e7arp\u0131c\u0131 a\u00e7\u0131klamalarda bulundu. Deneyimli kaleci, sar\u0131-k\u0131rm\u0131z\u0131l\u0131 formayla ge\u00e7irdi\u011fi ilk sezona, transfer s\u00fcrecine ve unutamad\u0131\u011f\u0131 ma\u00e7lara dair Milliyet&#8217;e konu\u015ftu.&nbsp;<\/p>\n\n\n\n<h3 class=\"wp-block-heading\">&#8220;BEN\u0130 BURADA G\u00d6RMEK \u0130\u00c7\u0130N \u00c7OK \u00c7ABA SARF ETT\u0130&#8221;<\/h3>\n\n\n\n<p class=\"wp-block-paragraph\">Galatasaray gibi k\u00f6kl\u00fc bir camiada oynaman\u0131n kendisi i\u00e7in b\u00fcy\u00fck bir gurur oldu\u011funu belirten 30 ya\u015f\u0131ndaki file bek\u00e7isi,&nbsp;&#8220;Galatasaray \u00e7ok b\u00fcy\u00fck bir kul\u00fcp. Beni kadrolar\u0131nda g\u00f6rmek istemeleri gurur vericiydi. Transferim d\u00f6nemin sonlar\u0131na do\u011fru, ciddi bir bonservis bedeliyle ger\u00e7ekle\u015fti. Ba\u015fkan\u0131m\u0131z Dursun \u00d6zbek ve y\u00f6neticilerimiz bu s\u00fcre\u00e7te beni burada g\u00f6rmek i\u00e7in \u00e7ok \u00e7aba sarf etti. Onlara te\u015fekk\u00fcr ediyorum, burada oldu\u011fum i\u00e7in \u00e7ok mutluyum.&#8221; dedi.<\/p>\n\n\n\n<figure class=\"wp-block-image\"><img decoding=\"async\" src=\"https:\/\/foto.sondakika.com\/haber\/2026\/05\/26\/ugurcan-cakirdan-fenerbahce-it-10581870-5429_1_m.jpg\" alt=\"U\u011furcan \u00c7ak\u0131r'dan &lt;a class='keyword-sd' href='\/fenerbahce\/' title='Fenerbah\u00e7e'&gt;Fenerbah\u00e7e&lt;\/a&gt; itiraf\u0131\"\/><\/figure>\n\n\n\n<h3 class=\"wp-block-heading\">&#8221;O MA\u00c7LARI UNUTAMIYORUM&#8221;<\/h3>\n\n\n\n<p class=\"wp-block-paragraph\">Sar\u0131-k\u0131rm\u0131z\u0131l\u0131 tak\u0131mdaki kariyerinde iz b\u0131rakan kar\u015f\u0131la\u015fmalara de\u011finen \u00c7ak\u0131r,&nbsp;&#8220;Avrupa&#8217;da deplasmandaki Juventus ma\u00e7\u0131 ve son 16&#8217;ya kald\u0131\u011f\u0131m\u0131z anlar benim i\u00e7in unutulmazd\u0131. \u0130\u00e7 sahada 1-0 kazand\u0131\u011f\u0131m\u0131z ilk Liverpool m\u00fccadelesini de sayabilirim. Ligde ise deplasmandaki Be\u015fikta\u015f galibiyeti ile 3-0&#8217;l\u0131k Fenerbah\u00e7e derbisi haf\u0131zamda \u00e7ok g\u00fczel bir yer edindi. O ma\u00e7lar\u0131 unutam\u0131yorum. G\u00fczel ma\u00e7lard\u0131.&#8221; ifadelerini kulland\u0131.&nbsp;<\/p>\n\n\n\n<figure class=\"wp-block-image\"><img decoding=\"async\" src=\"https:\/\/foto.sondakika.com\/haber\/2026\/05\/26\/ugurcan-cakirdan-fenerbahce-it-75901072-7095_1_m.jpg\" alt=\"U\u011furcan \u00c7ak\u0131r'dan Fenerbah\u00e7e itiraf\u0131\"\/><\/figure>\n\n\n\n<h3 class=\"wp-block-heading\">&#8221;KES\u0130N \u015eAMP\u0130YON OLUYORUZ DED\u0130M&#8221;<\/h3>\n\n\n\n<p class=\"wp-block-paragraph\">\u015eampiyonluk inanc\u0131n\u0131n tam olarak ne zaman peki\u015fti\u011fi sorusuna da i\u00e7tenlikle yan\u0131t veren ba\u015far\u0131l\u0131 kaleci,&nbsp;&#8221;K\u0131r\u0131lma ma\u00e7\u0131&nbsp;<a href=\"https:\/\/www.sondakika.com\/genclerbirligi\/\">Gen\u00e7lerbirli\u011fi<\/a>&nbsp;ile ba\u015flad\u0131 asl\u0131nda. Gen\u00e7lerbirli\u011fi. Sonra i\u00e7eride Fenerbah\u00e7e&#8217;yi yendik yanl\u0131\u015f hat\u0131rlam\u0131yorsam. O ma\u00e7 sonras\u0131 kesin \u015fampiyon oluyoruz dedim. \u0130\u00e7erideki Fenerbah\u00e7e ma\u00e7\u0131 k\u0131r\u0131lma ma\u00e7\u0131yd\u0131.&#8221; s\u00f6zlerini sarf etti.&nbsp;<\/p>\n","protected":false},"excerpt":{"rendered":"<p>Galatasaray formas\u0131yla ilk sezonun \u015fampiyonluk ya\u015fayan U\u011furcan \u00c7ak\u0131r, Fenerbah\u00e7e ma\u00e7\u0131yla ilgili itirafta bulunarak &#8221;K\u0131r\u0131lma ma\u00e7\u0131<\/p>\n","protected":false},"author":1,"featured_media":2438,"comment_status":"open","ping_status":"open","sticky":false,"template":"","format":"standard","meta":{"_rtcl_gb_attr":"","footnotes":""},"categories":[3],"tags":[],"class_list":["post-2437","post","type-post","status-publish","format-standard","has-post-thumbnail","hentry","category-spor"],"_links":{"self":[{"href":"https:\/\/turkiyemhaber.com\/index.php?rest_route=\/wp\/v2\/posts\/2437","targetHints":{"allow":["GET"]}}],"collection":[{"href":"https:\/\/turkiyemhaber.com\/index.php?rest_route=\/wp\/v2\/posts"}],"about":[{"href":"https:\/\/turkiyemhaber.com\/index.php?rest_route=\/wp\/v2\/types\/post"}],"author":[{"embeddable":true,"href":"https:\/\/turkiyemhaber.com\/index.php?rest_route=\/wp\/v2\/users\/1"}],"replies":[{"embeddable":true,"href":"https:\/\/turkiyemhaber.com\/index.php?rest_route=%2Fwp%2Fv2%2Fcomments&post=2437"}],"version-history":[{"count":1,"href":"https:\/\/turkiyemhaber.com\/index.php?rest_route=\/wp\/v2\/posts\/2437\/revisions"}],"predecessor-version":[{"id":2439,"href":"https:\/\/turkiyemhaber.com\/index.php?rest_route=\/wp\/v2\/posts\/2437\/revisions\/2439"}],"wp:featuredmedia":[{"embeddable":true,"href":"https:\/\/turkiyemhaber.com\/index.php?rest_route=\/wp\/v2\/media\/2438"}],"wp:attachment":[{"href":"https:\/\/turkiyemhaber.com\/index.php?rest_route=%2Fwp%2Fv2%2Fmedia&parent=2437"}],"wp:term":[{"taxonomy":"category","embeddable":true,"href":"https:\/\/turkiyemhaber.com\/index.php?rest_route=%2Fwp%2Fv2%2Fcategories&post=2437"},{"taxonomy":"post_tag","embeddable":true,"href":"https:\/\/turkiyemhaber.com\/index.php?rest_route=%2Fwp%2Fv2%2Ftags&post=2437"}],"curies":[{"name":"wp","href":"https:\/\/api.w.org\/{rel}","templated":true}]}}