{"id":2430,"date":"2026-05-26T16:15:33","date_gmt":"2026-05-26T16:15:33","guid":{"rendered":"https:\/\/turkiyemhaber.com\/?p=2430"},"modified":"2026-05-26T16:15:38","modified_gmt":"2026-05-26T16:15:38","slug":"real-madride-imza-atmaya-hazirlanan-jose-mourinhoya-beklemedigi-bir-sok","status":"publish","type":"post","link":"https:\/\/turkiyemhaber.com\/?p=2430","title":{"rendered":"Real Madrid&#8217;e imza atmaya haz\u0131rlanan Jose Mourinho&#8217;ya beklemedi\u011fi bir \u015fok"},"content":{"rendered":"\n<p class=\"wp-block-paragraph\">Real Madrid&#8217;de teknik direkt\u00f6rl\u00fck g\u00f6revine getirilmesi beklenen Jose Mourinho, Enrique Riquelme&#8217;nin ba\u015fkan adayl\u0131\u011f\u0131 kabul\u00fc sonras\u0131 beklemeye al\u0131nd\u0131. Florentino Perez&#8217;in Mourinho ile anla\u015fma sa\u011flad\u0131\u011f\u0131 ancak yeni aday\u0131n gelmesiyle a\u00e7\u0131klaman\u0131n rafa kald\u0131r\u0131ld\u0131\u011f\u0131 belirtildi.<\/p>\n\n\n\n<p class=\"wp-block-paragraph\"><a href=\"https:\/\/www.sondakika.com\/real-madrid\/\">Real Madrid<\/a>&#8216;de Alvaro Arbeloa\u2019n\u0131n ard\u0131ndan teknik direkt\u00f6rl\u00fck koltu\u011funa oturmas\u0131na kesin g\u00f6z\u00fcyle bak\u0131lan d\u00fcnyaca \u00fcnl\u00fc \u00e7al\u0131\u015ft\u0131r\u0131c\u0131&nbsp;<a href=\"https:\/\/www.sondakika.com\/jose-mourinho\/\">Jose Mourinho<\/a>, kul\u00fcpten gelen son haberle b\u00fcy\u00fck bir hayal k\u0131r\u0131kl\u0131\u011f\u0131 ya\u015fad\u0131.<\/p>\n\n\n\n<h3 class=\"wp-block-heading\">ENRIQUE RIQUELME&#8217;N\u0130N ADAYLI\u011eI MOURINHO&#8217;YU ETK\u0130LED\u0130<\/h3>\n\n\n\n<p class=\"wp-block-paragraph\">AS&#8217;ta yer alan habere g\u00f6re; Enrique Riquelme&#8217;nin Real Madrid ba\u015fkanl\u0131\u011f\u0131 i\u00e7in resmi olarak adayl\u0131\u011f\u0131n\u0131 koymas\u0131, tecr\u00fcbeli teknik adam\u0131n planlar\u0131n\u0131 alt\u00fcst etti ve s\u00fcre\u00e7 belirsizli\u011fe girdi.<\/p>\n\n\n\n<h3 class=\"wp-block-heading\">\u0130MZALAR ATILMAK \u00dcZEREYD\u0130, S\u00dcRE\u00c7 UZADI<\/h3>\n\n\n\n<p class=\"wp-block-paragraph\">\u0130spanyol kaynaklara g\u00f6re; Riquelme\u2019nin adayl\u0131k s\u00fcrecinden \u00f6nce kul\u00fcb\u00fcn tek ba\u015fkan aday\u0131 konumunda olan&nbsp;<a href=\"https:\/\/www.sondakika.com\/florentino-perez\/\">Florentino Perez<\/a>, Portekizli teknik direkt\u00f6r Jose Mourinho ile her konuda el s\u0131k\u0131\u015fm\u0131\u015ft\u0131. Taraflar aras\u0131ndaki s\u00f6zl\u00fc anla\u015fman\u0131n bug\u00fcn resmiyet kazanmas\u0131 ve kul\u00fcp taraf\u0131ndan duyurulmas\u0131 planlan\u0131yordu. Ancak se\u00e7im yar\u0131\u015f\u0131na yeni bir aday\u0131n dahil olmas\u0131yla birlikte Madrid y\u00f6netimi, bu a\u00e7\u0131klamay\u0131 ileri bir tarihe erteleyerek bekleme karar\u0131 ald\u0131.<\/p>\n","protected":false},"excerpt":{"rendered":"<p>Real Madrid&#8217;de teknik direkt\u00f6rl\u00fck g\u00f6revine getirilmesi beklenen Jose Mourinho, Enrique Riquelme&#8217;nin ba\u015fkan adayl\u0131\u011f\u0131 kabul\u00fc sonras\u0131<\/p>\n","protected":false},"author":1,"featured_media":2431,"comment_status":"open","ping_status":"open","sticky":false,"template":"","format":"standard","meta":{"_rtcl_gb_attr":"","footnotes":""},"categories":[3],"tags":[],"class_list":["post-2430","post","type-post","status-publish","format-standard","has-post-thumbnail","hentry","category-spor"],"_links":{"self":[{"href":"https:\/\/turkiyemhaber.com\/index.php?rest_route=\/wp\/v2\/posts\/2430","targetHints":{"allow":["GET"]}}],"collection":[{"href":"https:\/\/turkiyemhaber.com\/index.php?rest_route=\/wp\/v2\/posts"}],"about":[{"href":"https:\/\/turkiyemhaber.com\/index.php?rest_route=\/wp\/v2\/types\/post"}],"author":[{"embeddable":true,"href":"https:\/\/turkiyemhaber.com\/index.php?rest_route=\/wp\/v2\/users\/1"}],"replies":[{"embeddable":true,"href":"https:\/\/turkiyemhaber.com\/index.php?rest_route=%2Fwp%2Fv2%2Fcomments&post=2430"}],"version-history":[{"count":1,"href":"https:\/\/turkiyemhaber.com\/index.php?rest_route=\/wp\/v2\/posts\/2430\/revisions"}],"predecessor-version":[{"id":2432,"href":"https:\/\/turkiyemhaber.com\/index.php?rest_route=\/wp\/v2\/posts\/2430\/revisions\/2432"}],"wp:featuredmedia":[{"embeddable":true,"href":"https:\/\/turkiyemhaber.com\/index.php?rest_route=\/wp\/v2\/media\/2431"}],"wp:attachment":[{"href":"https:\/\/turkiyemhaber.com\/index.php?rest_route=%2Fwp%2Fv2%2Fmedia&parent=2430"}],"wp:term":[{"taxonomy":"category","embeddable":true,"href":"https:\/\/turkiyemhaber.com\/index.php?rest_route=%2Fwp%2Fv2%2Fcategories&post=2430"},{"taxonomy":"post_tag","embeddable":true,"href":"https:\/\/turkiyemhaber.com\/index.php?rest_route=%2Fwp%2Fv2%2Ftags&post=2430"}],"curies":[{"name":"wp","href":"https:\/\/api.w.org\/{rel}","templated":true}]}}