{"id":2424,"date":"2026-05-26T16:08:53","date_gmt":"2026-05-26T16:08:53","guid":{"rendered":"https:\/\/turkiyemhaber.com\/?p=2424"},"modified":"2026-05-26T16:08:57","modified_gmt":"2026-05-26T16:08:57","slug":"galatasarayli-futbolcular-fenerbahce-gol-yiyince-sevincten-cildirmis-eline-sandalye-alip-kosan-bile-var","status":"publish","type":"post","link":"https:\/\/turkiyemhaber.com\/?p=2424","title":{"rendered":"Galatasarayl\u0131 futbolcular Fenerbah\u00e7e gol yiyince sevin\u00e7ten \u00e7\u0131ld\u0131rm\u0131\u015f! Eline sandalye al\u0131p ko\u015fan bile var"},"content":{"rendered":"\n<p class=\"wp-block-paragraph\">Galatasaray Kul\u00fcb\u00fc, Fenerbah\u00e7e\u2019nin \u00c7aykur Rizespor kar\u015f\u0131s\u0131nda uzatma anlar\u0131nda gol yiyerek 2-2 berabere kal\u0131p puan kaybetti\u011fi ma\u00e7 s\u0131ras\u0131nda futbolcular\u0131n\u0131n verdi\u011fi reaksiyonu taraftarlar\u0131yla payla\u015ft\u0131. Sar\u0131-k\u0131rm\u0131z\u0131l\u0131 oyuncular\u0131n b\u00fcy\u00fck bir sevin\u00e7 ya\u015fad\u0131\u011f\u0131 g\u00f6r\u00fcl\u00fcrken, U\u011furcan \u00c7ak\u0131r&#8217;\u0131n mutluluktan eline ald\u0131\u011f\u0131 sandalye ile bir s\u00fcre ko\u015fmas\u0131 dikkatlerden ka\u00e7mad\u0131.<\/p>\n\n\n\n<p class=\"wp-block-paragraph\">S\u00fcper Lig&#8217;de \u015fampiyonlu\u011fa ula\u015fan&nbsp;<a href=\"https:\/\/www.sondakika.com\/galatasaray\/\">Galatasaray<\/a>&nbsp;Kul\u00fcb\u00fc, zorlu ge\u00e7en maratondaki \u015fampiyonluk \u00f6yk\u00fcs\u00fcn\u00fc taraftarlar\u0131na sundu. Sar\u0131-k\u0131rm\u0131z\u0131l\u0131 ekip,&nbsp;Fenerbah\u00e7e\u2019nin S\u00fcper Lig&#8217;in 30. haftas\u0131ndaki \u00c7aykur&nbsp;<a href=\"https:\/\/www.sondakika.com\/rizespor\/\">Rizespor<\/a>&nbsp;ma\u00e7\u0131nda uzatma anlar\u0131nda gol yiyerek 2-2 berabere kal\u0131p puan kaybetti\u011fi ma\u00e7 s\u0131ras\u0131nda futbolcular\u0131n\u0131n verdi\u011fi reaksiyonu taraftarlar\u0131yla payla\u015ft\u0131.<\/p>\n\n\n\n<h3 class=\"wp-block-heading\">FENERBAH\u00c7E GOL YED\u0130, FUTBOLCULAR \u00c7ILGINA D\u00d6ND\u00dc<\/h3>\n\n\n\n<p class=\"wp-block-paragraph\">Payla\u015f\u0131lan videoda, ezeli rakiplerinin uzatma dakikalar\u0131nda gol yiyerek puan kaybetmesiyle sar\u0131-k\u0131rm\u0131z\u0131l\u0131 futbolcular\u0131n adeta \u00e7\u0131lg\u0131na d\u00f6nd\u00fc\u011f\u00fc g\u00f6r\u00fcld\u00fc. B\u00fcy\u00fck bir sevin\u00e7 f\u0131rt\u0131nas\u0131n\u0131n koptu\u011fu odada, oyuncular birbirlerine sar\u0131larak \u015fampiyonluk yolundaki bu kritik k\u0131r\u0131lma an\u0131n\u0131 kutlad\u0131. Galatasaray bu motivasyonla \u00e7\u0131kt\u0131\u011f\u0131 ma\u00e7ta Gen\u00e7lerbirli\u011fi&#8217;ni ma\u011flup ederek derbi \u00f6ncesi puan fark\u0131n\u0131 4&#8217;e y\u00fckseltmeyi ba\u015farm\u0131\u015ft\u0131.<\/p>\n\n\n\n<h3 class=\"wp-block-heading\">MUTLULUKTAN EL\u0130NE ALDI\u011eI SANDALYEYLE KO\u015eTU<\/h3>\n\n\n\n<p class=\"wp-block-paragraph\">Sevin\u00e7te en dikkat \u00e7eken isimlerden biri ise&nbsp;<a href=\"https:\/\/www.sondakika.com\/ugurcan-cakir\/\">U\u011furcan \u00c7ak\u0131r<\/a>&nbsp;oldu. Tak\u0131m\u0131n ba\u015far\u0131l\u0131 ismi U\u011furcan, ya\u015fanan b\u00fcy\u00fck sevin\u00e7 esnas\u0131nda adeta kendinden ge\u00e7erek eline ald\u0131\u011f\u0131 bir sandalyeyle salonun i\u00e7inde bir s\u00fcre ko\u015ftu. Milli kalecinin bu reaksiyonu sar\u0131-k\u0131rm\u0131z\u0131l\u0131 taraftarlar\u0131n dikkatinden ka\u00e7mazken, b\u00fcy\u00fck be\u011feni ald\u0131.&nbsp;<\/p>\n\n\n\n<h3 class=\"wp-block-heading\">O \u0130SM\u0130N SAK\u0130NL\u0130\u011e\u0130 D\u0130KKAT \u00c7EKT\u0130<\/h3>\n\n\n\n<p class=\"wp-block-paragraph\">K\u0131sa s\u00fcrede g\u00fcndem olan o g\u00f6r\u00fcnt\u00fclerde dikkat \u00e7eken bir ba\u015fka detay ise odadaki herkesin havaya f\u0131rlad\u0131\u011f\u0131 anlarda k\u00f6\u015fede olduk\u00e7a sakin bir \u015fekilde oturan bir ki\u015fi oldu. T\u00fcm tak\u0131m\u0131n b\u00fcy\u00fck bir co\u015fkuyla birbirine sar\u0131ld\u0131\u011f\u0131 dakikalarda, yerinden bile kalkmadan telefonla konu\u015fmaya devam eden bu ismin Okan Buruk oldu\u011fu \u00f6ne s\u00fcr\u00fcld\u00fc.&nbsp;<\/p>\n","protected":false},"excerpt":{"rendered":"<p>Galatasaray Kul\u00fcb\u00fc, Fenerbah\u00e7e\u2019nin \u00c7aykur Rizespor kar\u015f\u0131s\u0131nda uzatma anlar\u0131nda gol yiyerek 2-2 berabere kal\u0131p puan kaybetti\u011fi<\/p>\n","protected":false},"author":1,"featured_media":2425,"comment_status":"open","ping_status":"open","sticky":false,"template":"","format":"standard","meta":{"_rtcl_gb_attr":"","footnotes":""},"categories":[3],"tags":[],"class_list":["post-2424","post","type-post","status-publish","format-standard","has-post-thumbnail","hentry","category-spor"],"_links":{"self":[{"href":"https:\/\/turkiyemhaber.com\/index.php?rest_route=\/wp\/v2\/posts\/2424","targetHints":{"allow":["GET"]}}],"collection":[{"href":"https:\/\/turkiyemhaber.com\/index.php?rest_route=\/wp\/v2\/posts"}],"about":[{"href":"https:\/\/turkiyemhaber.com\/index.php?rest_route=\/wp\/v2\/types\/post"}],"author":[{"embeddable":true,"href":"https:\/\/turkiyemhaber.com\/index.php?rest_route=\/wp\/v2\/users\/1"}],"replies":[{"embeddable":true,"href":"https:\/\/turkiyemhaber.com\/index.php?rest_route=%2Fwp%2Fv2%2Fcomments&post=2424"}],"version-history":[{"count":1,"href":"https:\/\/turkiyemhaber.com\/index.php?rest_route=\/wp\/v2\/posts\/2424\/revisions"}],"predecessor-version":[{"id":2426,"href":"https:\/\/turkiyemhaber.com\/index.php?rest_route=\/wp\/v2\/posts\/2424\/revisions\/2426"}],"wp:featuredmedia":[{"embeddable":true,"href":"https:\/\/turkiyemhaber.com\/index.php?rest_route=\/wp\/v2\/media\/2425"}],"wp:attachment":[{"href":"https:\/\/turkiyemhaber.com\/index.php?rest_route=%2Fwp%2Fv2%2Fmedia&parent=2424"}],"wp:term":[{"taxonomy":"category","embeddable":true,"href":"https:\/\/turkiyemhaber.com\/index.php?rest_route=%2Fwp%2Fv2%2Fcategories&post=2424"},{"taxonomy":"post_tag","embeddable":true,"href":"https:\/\/turkiyemhaber.com\/index.php?rest_route=%2Fwp%2Fv2%2Ftags&post=2424"}],"curies":[{"name":"wp","href":"https:\/\/api.w.org\/{rel}","templated":true}]}}