{"id":2420,"date":"2026-05-26T16:01:59","date_gmt":"2026-05-26T16:01:59","guid":{"rendered":"https:\/\/turkiyemhaber.com\/?p=2420"},"modified":"2026-05-26T16:02:03","modified_gmt":"2026-05-26T16:02:03","slug":"ibrahim-tatlises-imaj-tazeledi-iste-buradayim","status":"publish","type":"post","link":"https:\/\/turkiyemhaber.com\/?p=2420","title":{"rendered":"\u0130brahim Tatl\u0131ses imaj tazeledi: \u0130\u015fte buraday\u0131m"},"content":{"rendered":"\n<p class=\"wp-block-paragraph\">Uzun s\u00fcredir sa\u011fl\u0131k sorunlar\u0131yla m\u00fccadele eden \u0130brahim Tatl\u0131ses, fizik tedavi s\u00fcrecinin ard\u0131ndan son haliyle yeniden g\u00fcndeme geldi. Hastane s\u00fcrecinde beyazlayan sa\u00e7 ve sakal\u0131yla dikkat \u00e7eken Tatl\u0131ses, balkonundan yapt\u0131\u011f\u0131 payla\u015f\u0131mla eski g\u00f6r\u00fcn\u00fcm\u00fcne d\u00f6nd\u00fc\u011f\u00fcn\u00fc g\u00f6sterdi. \u201cHerkes merak ediyormu\u015f, i\u015fte buraday\u0131m\u201d s\u00f6zleriyle payla\u015f\u0131m yapan \u00fcnl\u00fc t\u00fcrk\u00fcc\u00fc sevenlerine moral verdi.<\/p>\n\n\n\n<p class=\"wp-block-paragraph\">\u00dcnl\u00fc t\u00fcrk\u00fcc\u00fc&nbsp;<a href=\"https:\/\/www.sondakika.com\/ibrahim-tatlises\/\">\u0130brahim Tatl\u0131ses<\/a>, ge\u00e7irdi\u011fi sa\u011fl\u0131k sorunlar\u0131n\u0131n ard\u0131ndan yapt\u0131\u011f\u0131 son payla\u015f\u0131mla dikkat \u00e7ekti. Uzun s\u00fcredir fizik tedavi g\u00f6ren Tatl\u0131ses, son g\u00f6r\u00fcnt\u00fcs\u00fcyle eski g\u00f6r\u00fcn\u00fcm\u00fcne d\u00f6nd\u00fc\u011f\u00fcn\u00fc g\u00f6sterdi.<\/p>\n\n\n\n<h3 class=\"wp-block-heading\">HASTANE S\u00dcREC\u0130 SEVENLER\u0130N\u0130 KORKUTMU\u015eTU<\/h3>\n\n\n\n<p class=\"wp-block-paragraph\">74 ya\u015f\u0131ndaki \u00fcnl\u00fc sanat\u00e7\u0131, ge\u00e7ti\u011fimiz aylarda \u0130stanbul\u2019daki evinde rahats\u0131zlanarak hastaneye kald\u0131r\u0131lm\u0131\u015ft\u0131. A\u011f\u0131r enfeksiyon ge\u00e7iren Tatl\u0131ses\u2019in safra kesesinden de operasyon ge\u00e7irdi\u011fi a\u00e7\u0131klanm\u0131\u015ft\u0131.&nbsp;Ba\u015far\u0131l\u0131 ge\u00e7en ameliyat sonras\u0131 22 Nisan\u2019da doktorlar\u0131n\u0131n kontrol\u00fcnde taburcu edilen sanat\u00e7\u0131, bir s\u00fcre fizik tedavi g\u00f6rm\u00fc\u015ft\u00fc.<\/p>\n\n\n\n<figure class=\"wp-block-image\"><img decoding=\"async\" src=\"https:\/\/foto.sondakika.com\/haber\/2026\/05\/26\/ibrahim-tatlises-imaj-tazeledi-91913905-9022_1_m.jpg\" alt=\"\u0130brahim Tatl\u0131ses imaj tazeledi: \u0130\u015fte buraday\u0131m\"\/><\/figure>\n\n\n\n<h3 class=\"wp-block-heading\">SON G\u00d6R\u00dcNT\u00dcS\u00dc \u00c7OK KONU\u015eULMU\u015eTU<\/h3>\n\n\n\n<p class=\"wp-block-paragraph\">Tedavi s\u00fcrecinde yapt\u0131\u011f\u0131 payla\u015f\u0131mlarda kilo verdi\u011fi g\u00f6r\u00fclen Tatl\u0131ses\u2019in beyazlayan sa\u00e7 ve sakal\u0131 da dikkat \u00e7ekmi\u015fti. \u00dcnl\u00fc sanat\u00e7\u0131n\u0131n son hali hayranlar\u0131n\u0131 \u00fczerken, sosyal medyada \u00e7ok say\u0131da yorum yap\u0131lm\u0131\u015ft\u0131.&nbsp;Yak\u0131n dostu Mahmut Tuncer de Tatl\u0131ses\u2019in taburcu oldu\u011funu duyurarak, \u201c28 lahmacun ve 1 yumurtal\u0131 k\u00f6ftemizle hastane ser\u00fcveni sona erdi\u201d s\u00f6zleriyle dikkat \u00e7eken bir payla\u015f\u0131m yapm\u0131\u015ft\u0131.<\/p>\n\n\n\n<figure class=\"wp-block-image\"><img decoding=\"async\" src=\"https:\/\/foto.sondakika.com\/haber\/2026\/05\/26\/ibrahim-tatlises-imaj-tazeledi-31475330-9194_1_m.jpg\" alt=\"\u0130brahim Tatl\u0131ses imaj tazeledi: \u0130\u015fte buraday\u0131m\"\/><\/figure>\n\n\n\n<h3 class=\"wp-block-heading\">VAS\u0130YET S\u00d6ZLER\u0130 G\u00dcNDEM OLMU\u015eTU<\/h3>\n\n\n\n<p class=\"wp-block-paragraph\">Tatl\u0131ses, hastane \u00e7\u0131k\u0131\u015f\u0131nda yapt\u0131\u011f\u0131 miras ve vasiyet a\u00e7\u0131klamalar\u0131yla da uzun s\u00fcre konu\u015fulmu\u015ftu. K\u0131z\u0131 Dilan \u00c7\u0131tak ve o\u011flu Ahmet Tatl\u0131ses\u2019le ya\u015fad\u0131\u011f\u0131 sorunlarla g\u00fcndeme gelen sanat\u00e7\u0131, \u201cParay\u0131 ben kazand\u0131m, sa\u00e7ar\u0131m da\u011f\u0131t\u0131r\u0131m kime ne?\u201d s\u00f6zleriyle dikkat \u00e7ekmi\u015fti.<\/p>\n\n\n\n<h3 class=\"wp-block-heading\">&#8220;\u0130\u015eTE BURADAYIM, EV\u0130M\u0130N BALKONUNDA&#8221;<\/h3>\n\n\n\n<p class=\"wp-block-paragraph\">\u0130brahim Tatl\u0131ses, sa\u00e7\u0131n\u0131, sakal\u0131n\u0131 ve ka\u015flar\u0131n\u0131 bile boyatarak imaj tazeledi. \u00dcnl\u00fc t\u00fcrk\u00fcc\u00fc son payla\u015f\u0131m\u0131nda ise balkonundan \u00e7ekilen g\u00f6r\u00fcnt\u00fcs\u00fcn\u00fc payla\u015farak, \u201cHerkes merak ediyormu\u015f, i\u015fte buraday\u0131m evimizin balkonunday\u0131m\u201d ifadelerini kulland\u0131.&nbsp;Tatl\u0131ses\u2019in yeni g\u00f6r\u00fcnt\u00fcs\u00fc, hayranlar\u0131ndan k\u0131sa s\u00fcrede yo\u011fun ilgi g\u00f6rd\u00fc.<\/p>\n\n\n\n<figure class=\"wp-block-image\"><img decoding=\"async\" src=\"https:\/\/foto.sondakika.com\/haber\/2026\/05\/26\/ibrahim-tatlises-imaj-tazeledi-21793639-7832_1_m.jpg\" alt=\"\u0130brahim Tatl\u0131ses imaj tazeledi: \u0130\u015fte buraday\u0131m\"\/><\/figure>\n","protected":false},"excerpt":{"rendered":"<p>Uzun s\u00fcredir sa\u011fl\u0131k sorunlar\u0131yla m\u00fccadele eden \u0130brahim Tatl\u0131ses, fizik tedavi s\u00fcrecinin ard\u0131ndan son haliyle yeniden<\/p>\n","protected":false},"author":1,"featured_media":2421,"comment_status":"open","ping_status":"open","sticky":false,"template":"","format":"standard","meta":{"_rtcl_gb_attr":"","footnotes":""},"categories":[41],"tags":[],"class_list":["post-2420","post","type-post","status-publish","format-standard","has-post-thumbnail","hentry","category-magazin"],"_links":{"self":[{"href":"https:\/\/turkiyemhaber.com\/index.php?rest_route=\/wp\/v2\/posts\/2420","targetHints":{"allow":["GET"]}}],"collection":[{"href":"https:\/\/turkiyemhaber.com\/index.php?rest_route=\/wp\/v2\/posts"}],"about":[{"href":"https:\/\/turkiyemhaber.com\/index.php?rest_route=\/wp\/v2\/types\/post"}],"author":[{"embeddable":true,"href":"https:\/\/turkiyemhaber.com\/index.php?rest_route=\/wp\/v2\/users\/1"}],"replies":[{"embeddable":true,"href":"https:\/\/turkiyemhaber.com\/index.php?rest_route=%2Fwp%2Fv2%2Fcomments&post=2420"}],"version-history":[{"count":1,"href":"https:\/\/turkiyemhaber.com\/index.php?rest_route=\/wp\/v2\/posts\/2420\/revisions"}],"predecessor-version":[{"id":2422,"href":"https:\/\/turkiyemhaber.com\/index.php?rest_route=\/wp\/v2\/posts\/2420\/revisions\/2422"}],"wp:featuredmedia":[{"embeddable":true,"href":"https:\/\/turkiyemhaber.com\/index.php?rest_route=\/wp\/v2\/media\/2421"}],"wp:attachment":[{"href":"https:\/\/turkiyemhaber.com\/index.php?rest_route=%2Fwp%2Fv2%2Fmedia&parent=2420"}],"wp:term":[{"taxonomy":"category","embeddable":true,"href":"https:\/\/turkiyemhaber.com\/index.php?rest_route=%2Fwp%2Fv2%2Fcategories&post=2420"},{"taxonomy":"post_tag","embeddable":true,"href":"https:\/\/turkiyemhaber.com\/index.php?rest_route=%2Fwp%2Fv2%2Ftags&post=2420"}],"curies":[{"name":"wp","href":"https:\/\/api.w.org\/{rel}","templated":true}]}}