{"id":2405,"date":"2026-05-26T15:39:32","date_gmt":"2026-05-26T15:39:32","guid":{"rendered":"https:\/\/turkiyemhaber.com\/?p=2405"},"modified":"2026-05-26T15:39:37","modified_gmt":"2026-05-26T15:39:37","slug":"dem-parti-kilicdaroglu-ile-bayramlasmama-karari-aldi","status":"publish","type":"post","link":"https:\/\/turkiyemhaber.com\/?p=2405","title":{"rendered":"DEM Parti, K\u0131l\u0131\u00e7daro\u011flu ile bayramla\u015fmama karar\u0131 ald\u0131"},"content":{"rendered":"\n<p class=\"wp-block-paragraph\">DEM Parti\u2019nin Kurban Bayram\u0131 bayramla\u015fma program\u0131nda CHP\u2019ye yer verilmemesi dikkat \u00e7ekti. Programda AK Parti, MHP ve DEVA Partisi gibi partiler yer al\u0131rken, CHP\u2019nin listede olmamas\u0131 siyasi kulisleri hareketlendirdi. Karar\u0131n, Kemal K\u0131l\u0131\u00e7daro\u011flu\u2019nun mutlak butlan karar\u0131yla yeniden genel ba\u015fkanl\u0131k koltu\u011funa oturmas\u0131yla ba\u011flant\u0131l\u0131 oldu\u011fu tahmin edilirken, genel merkezin tahliyesi sonras\u0131nda DEM Parti heyeti \u00d6zg\u00fcr \u00d6zel&#8217;i Meclis&#8217;teki odas\u0131nda ziyaret etmi\u015fti.<\/p>\n\n\n\n<p class=\"wp-block-paragraph\"><a href=\"https:\/\/www.sondakika.com\/dem-parti\/\">DEM Parti<\/a>, Kurban Bayram\u0131\u2019n\u0131n ikinci g\u00fcn\u00fcnde siyasi partilerle ger\u00e7ekle\u015ftirece\u011fi bayramla\u015fma program\u0131n\u0131 duyurdu. A\u00e7\u0131klanan programda CHP\u2019nin yer almamas\u0131 siyasi kulislerde dikkat \u00e7ekti.<\/p>\n\n\n\n<p class=\"wp-block-paragraph\">Partiden yap\u0131lan a\u00e7\u0131klamada, siyasi partilere ziyaret ger\u00e7ekle\u015ftirecek heyetin E\u015f Genel Ba\u015fkan Yard\u0131mc\u0131s\u0131 Mahfuz G\u00fclery\u00fcz, Diyarbak\u0131r Milletvekili Adalet Kaya ve Parti Meclisi \u00dcyesi Zeyno Bayramo\u011flu\u2019ndan olu\u015faca\u011f\u0131 belirtildi.<\/p>\n\n\n\n<p class=\"wp-block-paragraph\">DEM Parti Genel Merkezi\u2019ne yap\u0131lacak ziyaretlerde ise E\u015f Genel Ba\u015fkan Yard\u0131mc\u0131s\u0131 Hatice Bet\u00fcl \u00c7elebi, Van Milletvekili Z\u00fclk\u00fcf U\u00e7ar ve Parti Meclisi \u00dcyesi Nuray \u00d6zdo\u011fan\u2019\u0131n heyetleri kar\u015f\u0131layaca\u011f\u0131 ifade edildi.<\/p>\n\n\n\n<h3 class=\"wp-block-heading\">CHP PROGRAMDA YER ALMADI<\/h3>\n\n\n\n<p class=\"wp-block-paragraph\">DEM Parti\u2019nin a\u00e7\u0131klad\u0131\u011f\u0131 bayramla\u015fma program\u0131nda MHP, Gelecek Partisi, DYP, Yeniden Refah Partisi,&nbsp;<a href=\"https:\/\/www.sondakika.com\/ak-parti\/\">AK Parti<\/a>, Saadet Partisi, Anavatan Partisi ve DEVA Partisi yer ald\u0131. Ancak CHP\u2019nin program d\u0131\u015f\u0131nda b\u0131rak\u0131lmas\u0131 dikkat \u00e7ekti.<\/p>\n\n\n\n<p class=\"wp-block-paragraph\"><strong>DEM Parti&#8217;nin bayramla\u015fma program\u0131 \u015f\u00f6yle:<\/strong><\/p>\n\n\n\n<p class=\"wp-block-paragraph\">09:25-09:40&nbsp;<a href=\"https:\/\/www.sondakika.com\/milliyetci-hareket-partisi\/\">Milliyet\u00e7i Hareket Partisi<\/a>&nbsp;(MHP)<\/p>\n\n\n\n<p class=\"wp-block-paragraph\">10.15-10.30 Gelecek Partisi<\/p>\n\n\n\n<p class=\"wp-block-paragraph\">11:00-11:15 Do\u011fru Yol Partisi (DYP)<\/p>\n\n\n\n<p class=\"wp-block-paragraph\">12:05-12:20 Yeniden Refah Partisi<\/p>\n\n\n\n<p class=\"wp-block-paragraph\">12.30-12-45 Adalet ve Kalk\u0131nma Partisi (AK PART\u0130)<\/p>\n\n\n\n<p class=\"wp-block-paragraph\">13.30-13.45 Saadet Partisi<\/p>\n\n\n\n<p class=\"wp-block-paragraph\">14:00-14:15 Anavatan Partisi<\/p>\n\n\n\n<p class=\"wp-block-paragraph\">15.30-15.45 DEVA Partisi<\/p>\n\n\n\n<h3 class=\"wp-block-heading\">\u00d6ZG\u00dcR \u00d6ZEL&#8217;E DESTEK Z\u0130YARET\u0130 YAPILMI\u015eTI<\/h3>\n\n\n\n<p class=\"wp-block-paragraph\">Karar\u0131n, istinaf mahkemesinin CHP kurultay\u0131na ili\u015fkin verdi\u011fi \u201cmutlak butlan\u201d karar\u0131 sonras\u0131 yeniden genel ba\u015fkanl\u0131k g\u00f6revine d\u00f6nen Kemal K\u0131l\u0131\u00e7daro\u011flu\u2019yla bayramla\u015fmama tercihi oldu\u011fu de\u011ferlendirildi. DEM Parti heyeti, CHP Genel Merkezi&#8217;nin tahliye edilmesi sonras\u0131nda&nbsp;<a href=\"https:\/\/www.sondakika.com\/ozgur-ozel\/\">\u00d6zg\u00fcr \u00d6zel<\/a>&#8216;i TBMM&#8217;de ziyaret etmi\u015f ve desteklerini sunmu\u015ftu.<\/p>\n\n\n\n<h3 class=\"wp-block-heading\">S\u0130YASET KUL\u0130SLER\u0130 HAREKETLEND\u0130<\/h3>\n\n\n\n<p class=\"wp-block-paragraph\">DEM Parti\u2019nin CHP\u2019yi bayramla\u015fma program\u0131na almamas\u0131 Ankara kulislerinde yeni tart\u0131\u015fmalar\u0131 beraberinde getirdi. \u00d6zellikle CHP\u2019de ya\u015fanan y\u00f6netim de\u011fi\u015fikli\u011fi sonras\u0131 muhalefet partileri aras\u0131ndaki ili\u015fkilerin nas\u0131l \u015fekillenece\u011fi merak konusu oldu.<\/p>\n","protected":false},"excerpt":{"rendered":"<p>DEM Parti\u2019nin Kurban Bayram\u0131 bayramla\u015fma program\u0131nda CHP\u2019ye yer verilmemesi dikkat \u00e7ekti. Programda AK Parti, MHP<\/p>\n","protected":false},"author":1,"featured_media":2406,"comment_status":"open","ping_status":"open","sticky":false,"template":"","format":"standard","meta":{"_rtcl_gb_attr":"","footnotes":""},"categories":[44],"tags":[],"class_list":["post-2405","post","type-post","status-publish","format-standard","has-post-thumbnail","hentry","category-politika"],"_links":{"self":[{"href":"https:\/\/turkiyemhaber.com\/index.php?rest_route=\/wp\/v2\/posts\/2405","targetHints":{"allow":["GET"]}}],"collection":[{"href":"https:\/\/turkiyemhaber.com\/index.php?rest_route=\/wp\/v2\/posts"}],"about":[{"href":"https:\/\/turkiyemhaber.com\/index.php?rest_route=\/wp\/v2\/types\/post"}],"author":[{"embeddable":true,"href":"https:\/\/turkiyemhaber.com\/index.php?rest_route=\/wp\/v2\/users\/1"}],"replies":[{"embeddable":true,"href":"https:\/\/turkiyemhaber.com\/index.php?rest_route=%2Fwp%2Fv2%2Fcomments&post=2405"}],"version-history":[{"count":1,"href":"https:\/\/turkiyemhaber.com\/index.php?rest_route=\/wp\/v2\/posts\/2405\/revisions"}],"predecessor-version":[{"id":2407,"href":"https:\/\/turkiyemhaber.com\/index.php?rest_route=\/wp\/v2\/posts\/2405\/revisions\/2407"}],"wp:featuredmedia":[{"embeddable":true,"href":"https:\/\/turkiyemhaber.com\/index.php?rest_route=\/wp\/v2\/media\/2406"}],"wp:attachment":[{"href":"https:\/\/turkiyemhaber.com\/index.php?rest_route=%2Fwp%2Fv2%2Fmedia&parent=2405"}],"wp:term":[{"taxonomy":"category","embeddable":true,"href":"https:\/\/turkiyemhaber.com\/index.php?rest_route=%2Fwp%2Fv2%2Fcategories&post=2405"},{"taxonomy":"post_tag","embeddable":true,"href":"https:\/\/turkiyemhaber.com\/index.php?rest_route=%2Fwp%2Fv2%2Ftags&post=2405"}],"curies":[{"name":"wp","href":"https:\/\/api.w.org\/{rel}","templated":true}]}}