{"id":2402,"date":"2026-05-26T15:37:09","date_gmt":"2026-05-26T15:37:09","guid":{"rendered":"https:\/\/turkiyemhaber.com\/?p=2402"},"modified":"2026-05-26T15:37:13","modified_gmt":"2026-05-26T15:37:13","slug":"ozelden-kilicdarogluna-secim-teklifi-kazananin-elini-opecegim","status":"publish","type":"post","link":"https:\/\/turkiyemhaber.com\/?p=2402","title":{"rendered":"\u00d6zel&#8217;den K\u0131l\u0131\u00e7daro\u011flu&#8217;na &#8220;se\u00e7im&#8221; teklifi: Kazanan\u0131n elini \u00f6pece\u011fim"},"content":{"rendered":"\n<p class=\"wp-block-paragraph\">CHP&#8217;de mutlak butlan gerginli\u011fi s\u00fcrerken \u0130zmir mitinginde konu\u015fan \u00d6zg\u00fcr \u00d6zel, &#8220;Kemal Bey&#8217;e sesleniyorum. Gelsin bayramdan sonraki bir iki hafta i\u00e7inde 2 milyon \u00fcyemize genel ba\u015fkan\u0131m\u0131z\u0131 se\u00e7tirelim. E\u011fer 2 milyon CHP&#8217;linin \u00f6n\u00fcne sand\u0131\u011f\u0131 koyarsan\u0131z ben aday\u0131m. E\u011fer benden ba\u015fka birisi se\u00e7imi kazan\u0131rsa elini kald\u0131rmay\u0131 b\u0131rak, elini \u00f6pece\u011fim, \u00f6mr\u00fcm boyunca yan\u0131nda gezece\u011fim&#8221; dedi.<\/p>\n\n\n\n<p class=\"wp-block-paragraph\">Mahkeme karar\u0131yla CHP Genel Ba\u015fkanl\u0131\u011f\u0131 g\u00f6revinden uzakla\u015ft\u0131r\u0131lan&nbsp;<a href=\"https:\/\/www.sondakika.com\/ozgur-ozel\/\">\u00d6zg\u00fcr \u00d6zel<\/a>&#8216;in \u0130zmir\u2019de d\u00fczenleyece\u011fi miting \u00f6ncesi gerginlik ya\u015fand\u0131. Valili\u011fin miting i\u00e7in izin verdi\u011fi G\u00fcndo\u011fdu Meydan\u0131 yerine Cumhuriyet Meydan\u0131&#8217;nda toplanan kalabal\u0131k uyar\u0131lara uymay\u0131nca, polis, TOMA ile tazyikli su ve biber gaz\u0131 s\u0131karak m\u00fcdahale etti. Daha sonra b\u00fcy\u00fck bir kalabal\u0131kla G\u00fcndo\u011fdu Meydan\u0131&#8217;na y\u00fcr\u00fcyen \u00d6zg\u00fcr \u00d6zel burada halka seslendi.<\/p>\n\n\n\n<h3 class=\"wp-block-heading\">CUMHUR\u0130YET MEYDANI&#8217;NA \u0130Z\u0130N \u00c7IKMADI, POL\u0130S M\u00dcDAHALE ETT\u0130<\/h3>\n\n\n\n<p class=\"wp-block-paragraph\">\u00d6zg\u00fcr \u00d6zel, bug\u00fcn Cumhuriyet Meydan\u0131&#8217;nda &#8216;Millet Bulu\u015fmas\u0131&#8217; program\u0131 i\u00e7in \u0130zmir Valili\u011fi\u2019ne ba\u015fvurdu. Ancak Valilik, alan\u0131n k\u0131s\u0131tl\u0131 say\u0131da ki\u015fi alabilece\u011fi gerek\u00e7esiyle Cumhuriyet Meydan\u0131&#8217;na izin vermedi, program\u0131n yak\u0131ndaki G\u00fcndo\u011fdu Meydan\u0131\u2019nda yap\u0131labilece\u011fi belirtildi. Valilik karar\u0131na ra\u011fmen \u00d6zel, program\u0131 Cumhuriyet Meydan\u0131&#8217;nda ger\u00e7ekle\u015ftirece\u011fini ve Atat\u00fcrk an\u0131t\u0131na \u00e7elenk b\u0131rakaca\u011f\u0131n\u0131 a\u00e7\u0131klad\u0131. Bunun \u00fczerine polis ekipleri taraf\u0131ndan meydan bariyerlerle kapat\u0131ld\u0131.<\/p>\n\n\n\n<p class=\"wp-block-paragraph\">Bug\u00fcn \u00d6zg\u00fcr \u00d6zel&#8217;i beklemek i\u00e7in Cumhuriyet Meydan\u0131&#8217;nda toplanan partililere polis ekipleri taraf\u0131ndan yolu a\u00e7malar\u0131 uyar\u0131s\u0131 yap\u0131ld\u0131. Uyar\u0131lara ald\u0131rmayan kalabal\u0131k, bariyerlerin kald\u0131r\u0131lmas\u0131n\u0131 isteyince arbede ya\u015fand\u0131. \u00c7evik Kuvvet ekipleri, TOMA&#8217;lar ile kalabal\u0131\u011fa tazyikli su ve biber gaz\u0131 s\u0131k\u0131larak m\u00fcdahale etti.<\/p>\n\n\n\n<h3 class=\"wp-block-heading\">\u00d6ZG\u00dcR \u00d6ZEL G\u00dcNDO\u011eDU MEYDANI&#8217;NA Y\u00dcR\u00dcD\u00dc<\/h3>\n\n\n\n<p class=\"wp-block-paragraph\">Bunun \u00fczerine \u00d6zg\u00fcr \u00d6zel ile beraberindeki kalabal\u0131k G\u00fcndo\u011fdu Meydan\u0131&#8217;na y\u00fcr\u00fcd\u00fc. \u00d6zel burada meydana getirilen bir parti otob\u00fcs\u00fcn\u00fcn \u00fczerinden alanda toplanan halka seslendi.&nbsp;<\/p>\n\n\n\n<h3 class=\"wp-block-heading\">\u00d6ZEL&#8217;DEN KILI\u00c7DARO\u011eLU&#8217;NA TEKL\u0130F<\/h3>\n\n\n\n<p class=\"wp-block-paragraph\">\u0130zmir mitinginde konu\u015fan \u00d6zg\u00fcr \u00d6zel K\u0131l\u0131\u00e7daro\u011flu&#8217;na seslenerek &#8220;se\u00e7im&#8221; teklifinde bulundu. \u00d6zel, &#8220;Kemal Bey&#8217;e sesleniyorum. Gelsin bayramdan sonraki bir iki hafta i\u00e7inde 2 milyon \u00fcyemize genel ba\u015fkan\u0131m\u0131z\u0131 se\u00e7tirelim. E\u011fer 2 milyon CHP&#8217;linin \u00f6n\u00fcne sand\u0131\u011f\u0131 koyarsan\u0131z ben aday\u0131m. E\u011fer benden ba\u015fka birisi se\u00e7imi kazan\u0131rsa elini kald\u0131rmay\u0131 b\u0131rak, elini \u00f6pece\u011fim, \u00f6mr\u00fcm boyunca yan\u0131nda gezece\u011fim.&#8221; ifadelerini kulland\u0131.<a href=\"https:\/\/www.sondakika.com\/guncel\/haber-ozgur-ozelin-mitingi-oncesi-cumhuriyet-meydani-19884378\/\" target=\"_blank\" rel=\"noreferrer noopener\">\u00d6zg\u00fcr \u00d6zel&#8217;in mitingi \u00f6ncesi Cumhuriyet Meydan\u0131 kar\u0131\u015ft\u0131! Kalabal\u0131\u011fa TOMA&#8217;l\u0131 m\u00fcdahale<\/a><\/p>\n\n\n\n<h3 class=\"wp-block-heading\">&#8220;HER SEFER\u0130NDE S\u0130Z BANA \u0130NANDINIZ&#8221;<\/h3>\n\n\n\n<p class=\"wp-block-paragraph\">\u00d6zel&#8217;in konu\u015fmas\u0131ndan \u00f6nce \u00e7\u0131kanlar \u015f\u00f6yle:<\/p>\n\n\n\n<p class=\"wp-block-paragraph\">&#8220;10 ya\u015f\u0131nda geldim bu \u015fehre. 10 ya\u015f\u0131nda, lastik ayakkab\u0131lar\u0131mla ve k\u00fc\u00e7\u00fck bir valizimle geldim bu \u015fehre. Bu \u015fehir beni ba\u011fr\u0131na bast\u0131, okuttu, hep arkamda durdu ve bug\u00fcnlere getirdi. \u0130lk genel ba\u015fkan se\u00e7ildi\u011fimde de ilk ba\u015fta bu \u015fehir b\u00fct\u00fcn dengeleri de\u011fi\u015ftirmi\u015fti. Bu \u015fehir bir bah\u00e7\u0131van\u0131n torunu, iki emekli \u00f6\u011fretmenin evlad\u0131, devlet paras\u0131z yat\u0131l\u0131 burslusu bir eczac\u0131 \u00d6zg\u00fcr\u2019den &#8216;<a href=\"https:\/\/www.sondakika.com\/cumhuriyet-halk-partisi\/\">Cumhuriyet Halk Partisi<\/a>&#8216;ne genel ba\u015fkan olmaz, biz izin vermeyiz&#8217; diyenlere \u0130zmir&#8217;in soka\u011f\u0131 arkamda durdu, insan\u0131 arkamda durdu. \u0130lk genel ba\u015fkan oldum, beni ba\u011fr\u0131n\u0131za havaalan\u0131nda siz bast\u0131n\u0131z. Kimse inanmad\u0131, 31 belediyenin 29&#8217;una se\u00e7ilmemden d\u00f6rt ay sonra bize emanet ederek siz destan yazd\u0131n\u0131z. Siz her seferinde bana inand\u0131n\u0131z. Bize inand\u0131n\u0131z. Partideki de\u011fi\u015fimin, T\u00fcrkiye&#8217;ye de\u011fi\u015fim getirece\u011fine inand\u0131n\u0131z.&#8221;<\/p>\n\n\n\n<h3 class=\"wp-block-heading\">&#8220;ZAMAN \u00d6FKEY\u0130 UMUDA \u00c7EV\u0130RME ZAMANI&#8221;<\/h3>\n\n\n\n<p class=\"wp-block-paragraph\">19 Mart&#8217;ta darbe oldu, sokaklara akt\u0131n\u0131z; Kordon&#8217;dan ta\u015ft\u0131n\u0131z, \u00e7a\u011f\u0131rd\u0131k, milyonlar oldunuz, darbeye direndiniz. Biz arkada\u015flar\u0131m\u0131z\u0131 satmad\u0131k, siz de beni hi\u00e7 yaln\u0131z b\u0131rakmad\u0131n\u0131z. Ben \u0130zmir&#8217;i biliyorum. Ben bu sokaklarda g\u00fcn oldu h\u00fczn\u00fc g\u00f6rd\u00fcm, g\u00fcn oldu umudu g\u00f6rd\u00fcm, heyecan\u0131 g\u00f6rd\u00fcm, co\u015fkuyu g\u00f6rd\u00fcm ama ilk kez bug\u00fcn bu sokaklarda b\u00fcy\u00fck bir \u00f6fke g\u00f6r\u00fcyorum. \u015eimdi zaman, \u00f6fkeyi umuda \u00e7evirme; bu \u00f6fkeden yeniden umut \u00e7\u0131karma, bu \u00f6fkeden, bu enerjiden yeni bir y\u00fcr\u00fcy\u00fc\u015f \u00e7\u0131karma zaman\u0131, \u00fclkeyi kurtarma zaman\u0131.<\/p>\n\n\n\n<p class=\"wp-block-paragraph\">Bug\u00fcn havaalan\u0131na gelip, oradan Manisa&#8217;ya babam\u0131n annemin elini \u00f6pmeye, dedemin, anneannemin, babaannemin kabirlerini ziyaret etmeye, Ferdi karde\u015fime varmaya, G\u00fcl\u015fah\u0131m\u0131z\u0131n kabrini ziyaret etmeye geldim. Babam\u0131n oca\u011f\u0131ndan, anam\u0131n kuca\u011f\u0131ndan, Manisa&#8217;da CHP&#8217;nin baba oca\u011f\u0131ndan helallik almaya geldim.&#8221;<\/p>\n\n\n\n<h3 class=\"wp-block-heading\">YARGITAY CHP GENEL BA\u015eKANINI G\u00dcNCELLED\u0130<\/h3>\n\n\n\n<p class=\"wp-block-paragraph\">Yarg\u0131tay Cumhuriyet Ba\u015fsavc\u0131l\u0131\u011f\u0131nca, istinaf\u0131n CHP kurultay davas\u0131 karar\u0131 sonras\u0131 siyasi parti genel bilgilerini g\u00fcncelledi ve CHP Genel Ba\u015fkan\u0131 k\u0131sm\u0131na Kemal K\u0131l\u0131\u00e7daro\u011flu&#8217;nun ad\u0131 yaz\u0131ld\u0131. Ankara B\u00f6lge Adliye Mahkemesi 36. Hukuk Dairesi, 21 May\u0131s&#8217;ta CHP&#8217;nin 4-5 Kas\u0131m 2023&#8217;teki kurultay\u0131n\u0131n mutlak butlan (kesin h\u00fck\u00fcms\u00fczl\u00fck) nedeniyle iptaline, \u00d6zg\u00fcr \u00d6zel ile parti y\u00f6netiminin tedbiren g\u00f6revden uzakla\u015ft\u0131r\u0131lmas\u0131na, Kemal K\u0131l\u0131\u00e7daro\u011flu ile y\u00f6netiminin g\u00f6revi devralmas\u0131na karar vermi\u015fti. Mahkemenin karar\u0131 sonras\u0131 Ba\u015fsavc\u0131l\u0131k, siyasi parti genel bilgileri b\u00f6l\u00fcm\u00fcndeki \u00d6zg\u00fcr \u00d6zel ismini \u00e7\u0131kard\u0131 ve Kemal K\u0131l\u0131\u00e7daro\u011flu ismini Parti Genel Ba\u015fkan\u0131 olarak g\u00fcncelledi. Ba\u015fsavc\u0131l\u0131\u011f\u0131n verilerine g\u00f6re, CHP&#8217;nin kay\u0131tl\u0131 1 milyon 922 bin 757 \u00fcyesi bulunuyor.<\/p>\n\n\n\n<h3 class=\"wp-block-heading\">CHP&#8217;DE ESK\u0130 PART\u0130 MECL\u0130S\u0130 G\u00d6REVE D\u00d6N\u00dcYOR<\/h3>\n\n\n\n<p class=\"wp-block-paragraph\">CHP&#8217;de Kemal K\u0131l\u0131\u00e7daro\u011flu eski Parti Meclisi&#8217;nin g\u00f6reve getirilmesi i\u00e7in icraya dilek\u00e7e verdi, icra dairesi talebi kabul etti.<\/p>\n\n\n\n<p class=\"wp-block-paragraph\">CHP Parti Meclisi ve Y\u00fcksek Disiplin Kurulu \u00fcyeleri mahkeme karar\u0131yla g\u00f6revlerine iade edilirken, ilk toplant\u0131n\u0131n 1 Haziran\u2019da yap\u0131laca\u011f\u0131 \u00f6\u011frenildi. Belediye ba\u015fkan\u0131, milletvekili ve Grup Ba\u015fkanvekili olarak g\u00f6rev yapan baz\u0131 isimlerin ise mevcut g\u00f6revleri nedeniyle Parti Meclisi\u2019nde yer alamayaca\u011f\u0131 belirtildi.<\/p>\n","protected":false},"excerpt":{"rendered":"<p>CHP&#8217;de mutlak butlan gerginli\u011fi s\u00fcrerken \u0130zmir mitinginde konu\u015fan \u00d6zg\u00fcr \u00d6zel, &#8220;Kemal Bey&#8217;e sesleniyorum. Gelsin bayramdan<\/p>\n","protected":false},"author":1,"featured_media":2403,"comment_status":"open","ping_status":"open","sticky":false,"template":"","format":"standard","meta":{"_rtcl_gb_attr":"","footnotes":""},"categories":[44],"tags":[],"class_list":["post-2402","post","type-post","status-publish","format-standard","has-post-thumbnail","hentry","category-politika"],"_links":{"self":[{"href":"https:\/\/turkiyemhaber.com\/index.php?rest_route=\/wp\/v2\/posts\/2402","targetHints":{"allow":["GET"]}}],"collection":[{"href":"https:\/\/turkiyemhaber.com\/index.php?rest_route=\/wp\/v2\/posts"}],"about":[{"href":"https:\/\/turkiyemhaber.com\/index.php?rest_route=\/wp\/v2\/types\/post"}],"author":[{"embeddable":true,"href":"https:\/\/turkiyemhaber.com\/index.php?rest_route=\/wp\/v2\/users\/1"}],"replies":[{"embeddable":true,"href":"https:\/\/turkiyemhaber.com\/index.php?rest_route=%2Fwp%2Fv2%2Fcomments&post=2402"}],"version-history":[{"count":1,"href":"https:\/\/turkiyemhaber.com\/index.php?rest_route=\/wp\/v2\/posts\/2402\/revisions"}],"predecessor-version":[{"id":2404,"href":"https:\/\/turkiyemhaber.com\/index.php?rest_route=\/wp\/v2\/posts\/2402\/revisions\/2404"}],"wp:featuredmedia":[{"embeddable":true,"href":"https:\/\/turkiyemhaber.com\/index.php?rest_route=\/wp\/v2\/media\/2403"}],"wp:attachment":[{"href":"https:\/\/turkiyemhaber.com\/index.php?rest_route=%2Fwp%2Fv2%2Fmedia&parent=2402"}],"wp:term":[{"taxonomy":"category","embeddable":true,"href":"https:\/\/turkiyemhaber.com\/index.php?rest_route=%2Fwp%2Fv2%2Fcategories&post=2402"},{"taxonomy":"post_tag","embeddable":true,"href":"https:\/\/turkiyemhaber.com\/index.php?rest_route=%2Fwp%2Fv2%2Ftags&post=2402"}],"curies":[{"name":"wp","href":"https:\/\/api.w.org\/{rel}","templated":true}]}}