{"id":2398,"date":"2026-05-26T11:59:56","date_gmt":"2026-05-26T11:59:56","guid":{"rendered":"https:\/\/turkiyemhaber.com\/?p=2398"},"modified":"2026-05-26T11:59:59","modified_gmt":"2026-05-26T11:59:59","slug":"gazoz-ve-gokkirdan-altin-madalya","status":"publish","type":"post","link":"https:\/\/turkiyemhaber.com\/?p=2398","title":{"rendered":"Gazoz ve G\u00f6kk\u0131r&#8217;dan Alt\u0131n Madalya"},"content":{"rendered":"\n<p class=\"wp-block-paragraph\">Mete Gazoz ve Elif Berra G\u00f6kk\u0131r, 2026 Avrupa Ok\u00e7uluk \u015eampiyonas\u0131&#8217;nda alt\u0131n madalya kazand\u0131.<\/p>\n\n\n\n<p class=\"wp-block-paragraph\">Antalya&#8217;da ger\u00e7ekle\u015ftirilen 2026 A\u00e7\u0131k Hava Avrupa Ok\u00e7uluk \u015eampiyonas\u0131&#8217;nda kar\u0131\u015f\u0131k tak\u0131mlarda alt\u0131n madalya kazanan Mete Gazoz-&nbsp;<a href=\"https:\/\/www.sondakika.com\/elif-berra-gokkir\/\">Elif Berra G\u00f6kk\u0131r<\/a>&nbsp;ikilisi, bu ba\u015far\u0131y\u0131 &#8220;gelenek&#8221; haline getirmek istiyor.<\/p>\n\n\n\n<p class=\"wp-block-paragraph\">T\u00fcrkiye&#8217;nin ev sahipli\u011finde Antalya 100. Y\u0131l Ok\u00e7uluk Tesisleri&#8217;ndeki 2026 A\u00e7\u0131k Hava Avrupa Ok\u00e7uluk \u015eampiyonas\u0131&#8217;nda, k\u00fcrs\u00fcn\u00fcn en \u00fcst\u00fcnde yer alan Mete Gazoz ile Elif Berra G\u00f6kk\u0131r, AA muhabirine de\u011ferlendirmelerde bulundu.<\/p>\n\n\n\n<p class=\"wp-block-paragraph\">Olimpiyat, d\u00fcnya ve Avrupa \u015fampiyonu milli ok\u00e7u Gazoz, turnuvan\u0131n kendisi a\u00e7\u0131s\u0131ndan g\u00fczel ge\u00e7ti\u011fini s\u00f6yledi.<\/p>\n\n\n\n<p class=\"wp-block-paragraph\">B\u00fct\u00fcn kategorilerde final sahas\u0131nda madalya i\u00e7in yar\u0131\u015ft\u0131klar\u0131n\u0131 dile getiren Gazoz, kar\u0131\u015f\u0131k tak\u0131mda \u015fampiyon olman\u0131n mutlulu\u011funu ya\u015fad\u0131\u011f\u0131n\u0131 dile getirdi.<\/p>\n\n\n\n<p class=\"wp-block-paragraph\">Gazoz, klasik yayda Elif Berra G\u00f6kk\u0131r gibi bronz madalya ald\u0131\u011f\u0131n\u0131 an\u0131msatt\u0131.<\/p>\n\n\n\n<p class=\"wp-block-paragraph\">&#8220;Elif Berra ile iyi bir ikili olduk&#8221;<\/p>\n\n\n\n<p class=\"wp-block-paragraph\">Akdeniz Oyunlar\u0131 \u00f6ncesinde performanslar\u0131n\u0131 g\u00f6rme \u015fans\u0131 yakalad\u0131klar\u0131n\u0131 belirten Gazoz, &#8220;Daha iyi olabilirdi ama sonu\u00e7lardan memnunuz. Mutluyum.&#8221; dedi.<\/p>\n\n\n\n<p class=\"wp-block-paragraph\">Bir sonraki&nbsp;<a href=\"https:\/\/www.sondakika.com\/avrupa-sampiyonasi\/\">Avrupa \u015eampiyonas\u0131<\/a>&#8216;nda daha iyi olmak i\u00e7in elinden gelen her \u015feyi yapaca\u011f\u0131n\u0131 aktaran Gazoz, &#8220;Elif Berra ile iyi bir ikili olduk. \u00c7ok iyi bir sporcu. \u00c7ok gen\u00e7 olmas\u0131na ra\u011fmen ba\u015far\u0131l\u0131 bir sporcu. At\u0131\u015f \u00e7izgisinde ve birbirimize olan g\u00fcvenimiz \u00e7ok iyi. Ben ona y\u00fczde 100 g\u00fcveniyorum, o da bana \u00f6yle. Zaten bu g\u00fcven ve aram\u0131zdaki g\u00fczel ileti\u015fim olunca sonu\u00e7 da ka\u00e7\u0131n\u0131lmaz oluyor. Hem Elif Berra hem de kar\u0131\u015f\u0131k tak\u0131m\u0131m\u0131z i\u00e7in \u00e7ok umutluyum. Kar\u0131\u015f\u0131k tak\u0131m\u0131m\u0131z\u0131 \u00e7ok g\u00fczel bir gelecek bekliyor. Kariyerim el verdik\u00e7e onunla beraber sahalarda olmak isterim.&#8221; diye konu\u015ftu.<\/p>\n\n\n\n<p class=\"wp-block-paragraph\">&#8220;Kar\u0131\u015f\u0131k tak\u0131mlarda alt\u0131n madalyay\u0131 ald\u0131\u011f\u0131m i\u00e7in gururluyum&#8221;<\/p>\n\n\n\n<p class=\"wp-block-paragraph\">Ok\u00e7uluk milli tak\u0131m\u0131n\u0131n 19 ya\u015f\u0131ndaki sporcusu Elif Berra G\u00f6kk\u0131r da \u015fampiyonan\u0131n kendisi ad\u0131na g\u00fczel ge\u00e7ti\u011fini b\u00fcy\u00fcklerde ilk bireysel Avrupa \u015eampiyonas\u0131 madalyas\u0131n\u0131 ald\u0131\u011f\u0131n\u0131 ve bundan dolay\u0131 \u00e7ok mutlu oldu\u011funu s\u00f6yledi.<\/p>\n\n\n\n<p class=\"wp-block-paragraph\">\u00d6n\u00fcnde \u00e7ok Avrupa \u015eampiyonas\u0131 olaca\u011f\u0131n\u0131 ve alt\u0131n madalyay\u0131 bireysel olarak almak istedi\u011fini anlatan G\u00f6kk\u0131r, &#8220;Kar\u0131\u015f\u0131k tak\u0131mlarda alt\u0131n madalyay\u0131 ald\u0131\u011f\u0131m i\u00e7in gururluyum. Kariyerim i\u00e7in \u00f6nemli bir basamad\u0131\u011f\u0131 atlad\u0131m. D\u00fcnya \u015eampiyonas\u0131 ve olimpiyatlar \u00f6ncesinde benim i\u00e7in \u00f6nemli bir \u00f6zg\u00fcven oldu.&#8221; ifadelerini kulland\u0131.<\/p>\n","protected":false},"excerpt":{"rendered":"<p>Mete Gazoz ve Elif Berra G\u00f6kk\u0131r, 2026 Avrupa Ok\u00e7uluk \u015eampiyonas\u0131&#8217;nda alt\u0131n madalya kazand\u0131. Antalya&#8217;da ger\u00e7ekle\u015ftirilen<\/p>\n","protected":false},"author":1,"featured_media":2399,"comment_status":"open","ping_status":"open","sticky":false,"template":"","format":"standard","meta":{"_rtcl_gb_attr":"","footnotes":""},"categories":[3],"tags":[],"class_list":["post-2398","post","type-post","status-publish","format-standard","has-post-thumbnail","hentry","category-spor"],"_links":{"self":[{"href":"https:\/\/turkiyemhaber.com\/index.php?rest_route=\/wp\/v2\/posts\/2398","targetHints":{"allow":["GET"]}}],"collection":[{"href":"https:\/\/turkiyemhaber.com\/index.php?rest_route=\/wp\/v2\/posts"}],"about":[{"href":"https:\/\/turkiyemhaber.com\/index.php?rest_route=\/wp\/v2\/types\/post"}],"author":[{"embeddable":true,"href":"https:\/\/turkiyemhaber.com\/index.php?rest_route=\/wp\/v2\/users\/1"}],"replies":[{"embeddable":true,"href":"https:\/\/turkiyemhaber.com\/index.php?rest_route=%2Fwp%2Fv2%2Fcomments&post=2398"}],"version-history":[{"count":1,"href":"https:\/\/turkiyemhaber.com\/index.php?rest_route=\/wp\/v2\/posts\/2398\/revisions"}],"predecessor-version":[{"id":2400,"href":"https:\/\/turkiyemhaber.com\/index.php?rest_route=\/wp\/v2\/posts\/2398\/revisions\/2400"}],"wp:featuredmedia":[{"embeddable":true,"href":"https:\/\/turkiyemhaber.com\/index.php?rest_route=\/wp\/v2\/media\/2399"}],"wp:attachment":[{"href":"https:\/\/turkiyemhaber.com\/index.php?rest_route=%2Fwp%2Fv2%2Fmedia&parent=2398"}],"wp:term":[{"taxonomy":"category","embeddable":true,"href":"https:\/\/turkiyemhaber.com\/index.php?rest_route=%2Fwp%2Fv2%2Fcategories&post=2398"},{"taxonomy":"post_tag","embeddable":true,"href":"https:\/\/turkiyemhaber.com\/index.php?rest_route=%2Fwp%2Fv2%2Ftags&post=2398"}],"curies":[{"name":"wp","href":"https:\/\/api.w.org\/{rel}","templated":true}]}}