{"id":2395,"date":"2026-05-26T11:53:11","date_gmt":"2026-05-26T11:53:11","guid":{"rendered":"https:\/\/turkiyemhaber.com\/?p=2395"},"modified":"2026-05-26T11:53:15","modified_gmt":"2026-05-26T11:53:15","slug":"demircide-gokkusagi-gorsel-solen-sundurdu","status":"publish","type":"post","link":"https:\/\/turkiyemhaber.com\/?p=2395","title":{"rendered":"Demirci&#8217;de G\u00f6kku\u015fa\u011f\u0131 G\u00f6rsel \u015e\u00f6len Sundurdu"},"content":{"rendered":"\n<p class=\"wp-block-paragraph\">Manisa&#8217;n\u0131n Demirci il\u00e7esinde ya\u011f\u0131\u015f sonras\u0131 olu\u015fan g\u00f6kku\u015fa\u011f\u0131, vatanda\u015flara kartpostall\u0131k anlar sundu.<\/p>\n\n\n\n<p class=\"wp-block-paragraph\"><a href=\"https:\/\/www.sondakika.com\/manisa\/\">Manisa<\/a>&#8216;n\u0131n&nbsp;<a href=\"https:\/\/www.sondakika.com\/demirci\/\">Demirci<\/a>&nbsp;il\u00e7esinde etkili olan ya\u011f\u0131\u015f sonras\u0131 il\u00e7e semalar\u0131nda olu\u015fan g\u00f6kku\u015fa\u011f\u0131, vatanda\u015flara g\u00f6rsel \u015f\u00f6len sundu. Ortaya \u00e7\u0131kan manzara cep telefonlar\u0131yla kaydedildi.<\/p>\n\n\n\n<p class=\"wp-block-paragraph\">Manisa&#8217;n\u0131n Demirci il\u00e7esinde sabah saatlerinde ba\u015flayan ya\u011f\u0131\u015f g\u00fcn boyunca etkisini s\u00fcrd\u00fcrd\u00fc. Ya\u011f\u0131\u015f nedeniyle il\u00e7e genelinde baz\u0131 kara yollar\u0131nda su birikintileri olu\u015ftu.<\/p>\n\n\n\n<p class=\"wp-block-paragraph\">Ya\u011f\u0131\u015f\u0131n etkisini azaltt\u0131\u011f\u0131 s\u0131rada ise il\u00e7e merkezi \u00fczerinde g\u00f6kku\u015fa\u011f\u0131 olu\u015ftu. Demirci semalar\u0131nda beliren g\u00f6kku\u015fa\u011f\u0131, ortaya kartpostall\u0131k g\u00f6r\u00fcnt\u00fcler \u00e7\u0131kard\u0131.<\/p>\n\n\n\n<p class=\"wp-block-paragraph\">G\u00f6ky\u00fcz\u00fcnde olu\u015fan renk c\u00fcmb\u00fc\u015f\u00fcn\u00fc fark eden vatanda\u015flar, o anlar\u0131 cep telefonlar\u0131yla g\u00f6r\u00fcnt\u00fcledi. \u0130l\u00e7e merkezinden net \u015fekilde g\u00f6r\u00fclen g\u00f6kku\u015fa\u011f\u0131, k\u0131sa s\u00fcreli\u011fine de olsa vatanda\u015flara g\u00fczel anlar ya\u015fatt\u0131. &#8211; MAN\u0130SA<\/p>\n","protected":false},"excerpt":{"rendered":"<p>Manisa&#8217;n\u0131n Demirci il\u00e7esinde ya\u011f\u0131\u015f sonras\u0131 olu\u015fan g\u00f6kku\u015fa\u011f\u0131, vatanda\u015flara kartpostall\u0131k anlar sundu. Manisa&#8216;n\u0131n&nbsp;Demirci&nbsp;il\u00e7esinde etkili olan ya\u011f\u0131\u015f<\/p>\n","protected":false},"author":1,"featured_media":2396,"comment_status":"open","ping_status":"open","sticky":false,"template":"","format":"standard","meta":{"_rtcl_gb_attr":"","footnotes":""},"categories":[42],"tags":[],"class_list":["post-2395","post","type-post","status-publish","format-standard","has-post-thumbnail","hentry","category-kultur-ve-sanat"],"_links":{"self":[{"href":"https:\/\/turkiyemhaber.com\/index.php?rest_route=\/wp\/v2\/posts\/2395","targetHints":{"allow":["GET"]}}],"collection":[{"href":"https:\/\/turkiyemhaber.com\/index.php?rest_route=\/wp\/v2\/posts"}],"about":[{"href":"https:\/\/turkiyemhaber.com\/index.php?rest_route=\/wp\/v2\/types\/post"}],"author":[{"embeddable":true,"href":"https:\/\/turkiyemhaber.com\/index.php?rest_route=\/wp\/v2\/users\/1"}],"replies":[{"embeddable":true,"href":"https:\/\/turkiyemhaber.com\/index.php?rest_route=%2Fwp%2Fv2%2Fcomments&post=2395"}],"version-history":[{"count":1,"href":"https:\/\/turkiyemhaber.com\/index.php?rest_route=\/wp\/v2\/posts\/2395\/revisions"}],"predecessor-version":[{"id":2397,"href":"https:\/\/turkiyemhaber.com\/index.php?rest_route=\/wp\/v2\/posts\/2395\/revisions\/2397"}],"wp:featuredmedia":[{"embeddable":true,"href":"https:\/\/turkiyemhaber.com\/index.php?rest_route=\/wp\/v2\/media\/2396"}],"wp:attachment":[{"href":"https:\/\/turkiyemhaber.com\/index.php?rest_route=%2Fwp%2Fv2%2Fmedia&parent=2395"}],"wp:term":[{"taxonomy":"category","embeddable":true,"href":"https:\/\/turkiyemhaber.com\/index.php?rest_route=%2Fwp%2Fv2%2Fcategories&post=2395"},{"taxonomy":"post_tag","embeddable":true,"href":"https:\/\/turkiyemhaber.com\/index.php?rest_route=%2Fwp%2Fv2%2Ftags&post=2395"}],"curies":[{"name":"wp","href":"https:\/\/api.w.org\/{rel}","templated":true}]}}