{"id":2389,"date":"2026-05-26T11:47:04","date_gmt":"2026-05-26T11:47:04","guid":{"rendered":"https:\/\/turkiyemhaber.com\/?p=2389"},"modified":"2026-05-26T11:47:08","modified_gmt":"2026-05-26T11:47:08","slug":"marmariste-ekoturizm-projesi-tamamlaniyor","status":"publish","type":"post","link":"https:\/\/turkiyemhaber.com\/?p=2389","title":{"rendered":"Marmaris&#8217;te Ekoturizm Projesi Tamamlan\u0131yor"},"content":{"rendered":"\n<p class=\"wp-block-paragraph\">Marmaris&#8217;te Karia Yolu ve Phoenix Ekoturizm alan\u0131 projesinde \u00e7al\u0131\u015fmalar sona yakla\u015ft\u0131.<\/p>\n\n\n\n<p class=\"wp-block-paragraph\">Mu\u011fla&#8217;n\u0131n&nbsp;<a href=\"https:\/\/www.sondakika.com\/marmaris\/\">Marmaris<\/a>&nbsp;il\u00e7esinde, alternatif turizme katk\u0131 sa\u011flamas\u0131 hedeflenen &#8220;Karia Yolu ve&nbsp;<a href=\"https:\/\/www.sondakika.com\/phoenix\/\">Phoenix<\/a>&nbsp;Ekoturizm alan\u0131&#8221; projesinde sona yakla\u015f\u0131ld\u0131. Marmaris Orman \u0130\u015fletme M\u00fcd\u00fcrl\u00fc\u011f\u00fc sorumluluk alan\u0131nda y\u00fcr\u00fct\u00fclen \u00e7al\u0131\u015fmalar kapsam\u0131nda Bozburun, S\u00f6\u011f\u00fct, Ta\u015fl\u0131ca ve Selimiye b\u00f6lgelerinde y\u00fcr\u00fcy\u00fc\u015f rotalar\u0131, seyir teraslar\u0131, dinlenme alanlar\u0131 ve y\u00f6nlendirme altyap\u0131lar\u0131 olu\u015fturularak ziyaret\u00e7ilere haz\u0131rlan\u0131yor.<\/p>\n\n\n\n<p class=\"wp-block-paragraph\">Marmaris ve Dat\u00e7a s\u0131n\u0131rlar\u0131 i\u00e7erisinde kalan b\u00f6l\u00fcmlerinin tamamen i\u015faretlenerek alternatif turizm i\u00e7in cazibe merkezi haline getirilmesi ama\u00e7lanan \u00fc\u00e7 y\u0131ll\u0131k s\u00fcre\u00e7te etaplar halinde s\u00fcrd\u00fcr\u00fclen \u00e7al\u0131\u015fmalarla birlikte &#8220;Karia Yolu ve Phoenix Ekoturizm Alan\u0131&#8221; projesinde \u00e7al\u0131\u015fmalar b\u00fcy\u00fck \u00f6l\u00e7\u00fcde tamamland\u0131.<\/p>\n\n\n\n<p class=\"wp-block-paragraph\">Mu\u011fla Orman B\u00f6lge M\u00fcd\u00fcr\u00fc Mustafa \u00dclk\u00fcd\u00fcr, kurulu\u015f \u00e7al\u0131\u015fmalar\u0131 devam eden ekoturizm alan\u0131nda incelemelerde bulundu. \u00c7al\u0131\u015fmalar hakk\u0131nda Marmaris Orman \u0130\u015fletme M\u00fcd\u00fcr\u00fc G\u00f6khan \u015eahin&#8217;den bilgi alan \u00dclk\u00fcd\u00fcr, S\u00f6\u011f\u00fct Muhtar\u0131 Yusuf \u00c7elik ile Ta\u015fl\u0131ca Muhtar\u0131 Menderes Alt\u0131nta\u015f&#8217;la da bir araya gelerek proje ile ilgili g\u00f6r\u00fc\u015f al\u0131\u015fveri\u015finde bulundu. Mahalle muhtarlar\u0131, b\u00f6lgelerinde hayata ge\u00e7irilen ekoturizm yat\u0131r\u0131mlar\u0131 nedeniyle orman te\u015fkilat\u0131na te\u015fekk\u00fcr etti.<\/p>\n\n\n\n<p class=\"wp-block-paragraph\">Ta\u015fl\u0131ca Seyir teras\u0131 ilgi oda\u011f\u0131 olacak<\/p>\n\n\n\n<p class=\"wp-block-paragraph\">Proje kapsam\u0131nda olu\u015fturulan Ta\u015fl\u0131ca Seyir Teras\u0131, e\u015fsiz do\u011fa manzaras\u0131yla dikkat \u00e7ekiyor. \u00d6zellikle g\u00fcn bat\u0131m\u0131 saatlerinde olu\u015fan manzaran\u0131n, foto\u011fraf tutkunlar\u0131 ve sosyal medya i\u00e7erik \u00fcreticileri i\u00e7in cazibe noktas\u0131 olmas\u0131 bekleniyor.<\/p>\n\n\n\n<p class=\"wp-block-paragraph\">Ta\u015fl\u0131ca Seyir Teras\u0131&#8217;ndan S\u00f6\u011f\u00fct sahiline kadar uzanan yakla\u015f\u0131k 2 kilometrelik y\u00fcr\u00fcy\u00fc\u015f g\u00fczergah\u0131 ise ziyaret\u00e7ilere deniz ve orman\u0131n i\u00e7 i\u00e7e ge\u00e7ti\u011fi do\u011fal bir rota sunuyor. G\u00fczergah boyunca olu\u015fturulan seyir teraslar\u0131, ya\u011fmur bar\u0131naklar\u0131 ve oturma alanlar\u0131 y\u00fcr\u00fcy\u00fc\u015f\u00e7\u00fcler i\u00e7in dinlenme noktalar\u0131 olarak planland\u0131.<\/p>\n\n\n\n<p class=\"wp-block-paragraph\">92 kilometrelik rotan\u0131n b\u00fcy\u00fck b\u00f6l\u00fcm\u00fc tamamland\u0131<\/p>\n\n\n\n<p class=\"wp-block-paragraph\">Karia Yolu g\u00fczergah\u0131ndaki yakla\u015f\u0131k 92 kilometrelik alan\u0131n 60 kilometresinde i\u015faretleme ve temizlik \u00e7al\u0131\u015fmalar\u0131n\u0131n tamamland\u0131\u011f\u0131 \u00f6\u011frenildi. Proje kapsam\u0131nda y\u00f6nlendirme tabelalar\u0131, karekodlu bilgilendirme sistemleri ve \u00e7e\u015fitli altyap\u0131 \u00e7al\u0131\u015fmalar\u0131 da hayata ge\u00e7iriliyor.<\/p>\n\n\n\n<p class=\"wp-block-paragraph\">Yak\u0131n zamana kadar ya\u015fad\u0131\u011f\u0131 su sorunuyla g\u00fcndeme gelen Marmaris&#8217;in en uzak mahallelerinden Ta\u015fl\u0131ca&#8217;n\u0131n, proje sayesinde do\u011fa y\u00fcr\u00fcy\u00fc\u015f\u00fc ve ekoturizm a\u00e7\u0131s\u0131ndan \u00f6nemli bir merkez haline gelmesi hedefleniyor. B\u00f6lgeye yak\u0131n konumda bulunan Phoenix Antik Kenti kal\u0131nt\u0131lar\u0131n\u0131n da k\u00fclt\u00fcr turizmine katk\u0131 sa\u011flamas\u0131 bekleniyor. &#8211; MU\u011eLA<\/p>\n","protected":false},"excerpt":{"rendered":"<p>Marmaris&#8217;te Karia Yolu ve Phoenix Ekoturizm alan\u0131 projesinde \u00e7al\u0131\u015fmalar sona yakla\u015ft\u0131. Mu\u011fla&#8217;n\u0131n&nbsp;Marmaris&nbsp;il\u00e7esinde, alternatif turizme katk\u0131<\/p>\n","protected":false},"author":1,"featured_media":2390,"comment_status":"open","ping_status":"open","sticky":false,"template":"","format":"standard","meta":{"_rtcl_gb_attr":"","footnotes":""},"categories":[42],"tags":[],"class_list":["post-2389","post","type-post","status-publish","format-standard","has-post-thumbnail","hentry","category-kultur-ve-sanat"],"_links":{"self":[{"href":"https:\/\/turkiyemhaber.com\/index.php?rest_route=\/wp\/v2\/posts\/2389","targetHints":{"allow":["GET"]}}],"collection":[{"href":"https:\/\/turkiyemhaber.com\/index.php?rest_route=\/wp\/v2\/posts"}],"about":[{"href":"https:\/\/turkiyemhaber.com\/index.php?rest_route=\/wp\/v2\/types\/post"}],"author":[{"embeddable":true,"href":"https:\/\/turkiyemhaber.com\/index.php?rest_route=\/wp\/v2\/users\/1"}],"replies":[{"embeddable":true,"href":"https:\/\/turkiyemhaber.com\/index.php?rest_route=%2Fwp%2Fv2%2Fcomments&post=2389"}],"version-history":[{"count":1,"href":"https:\/\/turkiyemhaber.com\/index.php?rest_route=\/wp\/v2\/posts\/2389\/revisions"}],"predecessor-version":[{"id":2391,"href":"https:\/\/turkiyemhaber.com\/index.php?rest_route=\/wp\/v2\/posts\/2389\/revisions\/2391"}],"wp:featuredmedia":[{"embeddable":true,"href":"https:\/\/turkiyemhaber.com\/index.php?rest_route=\/wp\/v2\/media\/2390"}],"wp:attachment":[{"href":"https:\/\/turkiyemhaber.com\/index.php?rest_route=%2Fwp%2Fv2%2Fmedia&parent=2389"}],"wp:term":[{"taxonomy":"category","embeddable":true,"href":"https:\/\/turkiyemhaber.com\/index.php?rest_route=%2Fwp%2Fv2%2Fcategories&post=2389"},{"taxonomy":"post_tag","embeddable":true,"href":"https:\/\/turkiyemhaber.com\/index.php?rest_route=%2Fwp%2Fv2%2Ftags&post=2389"}],"curies":[{"name":"wp","href":"https:\/\/api.w.org\/{rel}","templated":true}]}}