{"id":2387,"date":"2026-05-26T11:39:42","date_gmt":"2026-05-26T11:39:42","guid":{"rendered":"https:\/\/turkiyemhaber.com\/?p=2387"},"modified":"2026-05-26T11:39:47","modified_gmt":"2026-05-26T11:39:47","slug":"gelenek-ve-gelecek-sergisi-acildi","status":"publish","type":"post","link":"https:\/\/turkiyemhaber.com\/?p=2387","title":{"rendered":"Gelenek ve Gelecek Sergisi A\u00e7\u0131ld\u0131"},"content":{"rendered":"\n<p class=\"wp-block-paragraph\">K\u00fctahya Dumlup\u0131nar \u00dcniversitesi&#8217;nde &#8216;Gelenek ve Gelecek&#8217; sergisi sanatseverlerin be\u011fenisine sunuldu.<\/p>\n\n\n\n<p class=\"wp-block-paragraph\"><a href=\"https:\/\/www.sondakika.com\/kutahya\/\">K\u00fctahya<\/a>&nbsp;Dumlup\u0131nar \u00dcniversitesi b\u00fcnyesinde faaliyet g\u00f6steren K\u00fctahya G\u00fczel Sanatlar Meslek Y\u00fcksekokulu taraf\u0131ndan haz\u0131rlanan &#8220;Gelenek ve Gelecek&#8221; adl\u0131 sergi, okulun fuaye alan\u0131nda sanatseverlerin ziyaretine a\u00e7\u0131ld\u0131.<\/p>\n\n\n\n<p class=\"wp-block-paragraph\">K\u00fctahya G\u00fczel Sanatlar MYO Fuaye Alan\u0131&#8217;nda d\u00fczenlenen serginin a\u00e7\u0131l\u0131\u015f\u0131na Rekt\u00f6r Yard\u0131mc\u0131s\u0131 Prof. Dr. Ayhan Kahraman, MYO M\u00fcd\u00fcr\u00fc Do\u00e7. Dr. G\u00f6khan Kuzucanl\u0131, akademik ve idari personel ile \u00e7ok say\u0131da \u00f6\u011frenci kat\u0131ld\u0131.<\/p>\n\n\n\n<p class=\"wp-block-paragraph\">\u00d6\u011fr. G\u00f6r. G\u00f6k\u015fen Boya ile \u00d6\u011fr. G\u00f6r. Mehtap Ocako\u011flu taraf\u0131ndan haz\u0131rlanan sergide, geleneksel sanat anlay\u0131\u015f\u0131n\u0131n g\u00fcn\u00fcm\u00fcz sanat yakla\u015f\u0131mlar\u0131yla yeniden yorumlanmas\u0131na vurgu yap\u0131ld\u0131. Farkl\u0131 tekniklerle haz\u0131rlanan eserler, ziyaret\u00e7ilerin be\u011fenisine sunuldu.<\/p>\n\n\n\n<p class=\"wp-block-paragraph\">Serginin a\u00e7\u0131l\u0131\u015f konu\u015fmas\u0131n\u0131 yapan Prof. Dr. Ayhan Kahraman, etkinli\u011fin geleneksel ve \u00e7a\u011fda\u015f sanat anlay\u0131\u015f\u0131n\u0131 bir araya getirmesi a\u00e7\u0131s\u0131ndan \u00f6nemli oldu\u011funu belirterek, &#8220;Sanat ve ileti\u015fim ad\u0131na g\u00fczel bir etkinlik&#8221; ifadelerini kulland\u0131. Kahraman, eme\u011fi ge\u00e7en \u00f6\u011frencilere, akademisyenlere ve kat\u0131l\u0131mc\u0131lara te\u015fekk\u00fcr etti.<\/p>\n\n\n\n<p class=\"wp-block-paragraph\">\u00d6\u011fr. G\u00f6r. G\u00f6k\u015fen Boya ise geleneksel sanatlar\u0131n k\u00fclt\u00fcrel haf\u0131zan\u0131n \u00f6nemli bir par\u00e7as\u0131 oldu\u011funa dikkat \u00e7ekerek, bu de\u011ferlerin \u00e7a\u011fda\u015f sanat anlay\u0131\u015f\u0131yla yeniden yorumlanmas\u0131n\u0131n b\u00fcy\u00fck \u00f6nem ta\u015f\u0131d\u0131\u011f\u0131n\u0131 ifade etti. Boya, sergide yer alan \u00e7al\u0131\u015fmalar\u0131n ge\u00e7mi\u015f ile gelecek aras\u0131nda sanatsal bir k\u00f6pr\u00fc kurmay\u0131 ama\u00e7lad\u0131\u011f\u0131n\u0131 s\u00f6yledi.<\/p>\n\n\n\n<p class=\"wp-block-paragraph\">Sergi a\u00e7\u0131l\u0131\u015f\u0131, kat\u0131l\u0131mc\u0131lar\u0131n toplu hat\u0131ra foto\u011fraf\u0131 \u00e7ektirmesiyle sona erdi. &#8211; K\u00dcTAHYA<\/p>\n","protected":false},"excerpt":{"rendered":"<p>K\u00fctahya Dumlup\u0131nar \u00dcniversitesi&#8217;nde &#8216;Gelenek ve Gelecek&#8217; sergisi sanatseverlerin be\u011fenisine sunuldu. K\u00fctahya&nbsp;Dumlup\u0131nar \u00dcniversitesi b\u00fcnyesinde faaliyet g\u00f6steren<\/p>\n","protected":false},"author":1,"featured_media":0,"comment_status":"open","ping_status":"open","sticky":false,"template":"","format":"standard","meta":{"_rtcl_gb_attr":"","footnotes":""},"categories":[42],"tags":[],"class_list":["post-2387","post","type-post","status-publish","format-standard","hentry","category-kultur-ve-sanat"],"_links":{"self":[{"href":"https:\/\/turkiyemhaber.com\/index.php?rest_route=\/wp\/v2\/posts\/2387","targetHints":{"allow":["GET"]}}],"collection":[{"href":"https:\/\/turkiyemhaber.com\/index.php?rest_route=\/wp\/v2\/posts"}],"about":[{"href":"https:\/\/turkiyemhaber.com\/index.php?rest_route=\/wp\/v2\/types\/post"}],"author":[{"embeddable":true,"href":"https:\/\/turkiyemhaber.com\/index.php?rest_route=\/wp\/v2\/users\/1"}],"replies":[{"embeddable":true,"href":"https:\/\/turkiyemhaber.com\/index.php?rest_route=%2Fwp%2Fv2%2Fcomments&post=2387"}],"version-history":[{"count":1,"href":"https:\/\/turkiyemhaber.com\/index.php?rest_route=\/wp\/v2\/posts\/2387\/revisions"}],"predecessor-version":[{"id":2388,"href":"https:\/\/turkiyemhaber.com\/index.php?rest_route=\/wp\/v2\/posts\/2387\/revisions\/2388"}],"wp:attachment":[{"href":"https:\/\/turkiyemhaber.com\/index.php?rest_route=%2Fwp%2Fv2%2Fmedia&parent=2387"}],"wp:term":[{"taxonomy":"category","embeddable":true,"href":"https:\/\/turkiyemhaber.com\/index.php?rest_route=%2Fwp%2Fv2%2Fcategories&post=2387"},{"taxonomy":"post_tag","embeddable":true,"href":"https:\/\/turkiyemhaber.com\/index.php?rest_route=%2Fwp%2Fv2%2Ftags&post=2387"}],"curies":[{"name":"wp","href":"https:\/\/api.w.org\/{rel}","templated":true}]}}