{"id":2384,"date":"2026-05-26T11:28:33","date_gmt":"2026-05-26T11:28:33","guid":{"rendered":"https:\/\/turkiyemhaber.com\/?p=2384"},"modified":"2026-05-26T11:28:37","modified_gmt":"2026-05-26T11:28:37","slug":"kurban-bayraminda-muzik-ve-eglence","status":"publish","type":"post","link":"https:\/\/turkiyemhaber.com\/?p=2384","title":{"rendered":"Kurban Bayram\u0131&#8217;nda M\u00fczik ve E\u011flence"},"content":{"rendered":"\n<h2 class=\"wp-block-heading\">D\u00fczce&#8217;de Mevl\u00fct Ak\u0131n, semt pazar\u0131nda kendi \u015fark\u0131lar\u0131yla k\u0131yafet sat\u0131\u015f\u0131 yap\u0131yor.<\/h2>\n\n\n\n<p class=\"wp-block-paragraph\">Play Video<\/p>\n\n\n\n<p class=\"wp-block-paragraph\">D\u00dcZCE&#8217;de&nbsp;<a href=\"https:\/\/www.sondakika.com\/kurban-bayrami\/\">Kurban Bayram\u0131<\/a>&nbsp;\u00f6ncesi semt pazar\u0131nda tezgah a\u00e7an Mevl\u00fct Ak\u0131n, kendi besteledi\u011fi \u015fark\u0131lar\u0131 s\u00f6yleyip, sat\u0131\u015f yap\u0131yor.<\/p>\n\n\n\n<p class=\"wp-block-paragraph\">Semt pazarlar\u0131nda k\u0131yafet satan Mevl\u00fct Ak\u0131n, Kurban Bayram\u0131 \u00f6ncesi \u00fcr\u00fcnlerini satmak i\u00e7in&nbsp;<a href=\"https:\/\/www.sondakika.com\/duzce\/\">D\u00fczce<\/a>&#8216;de tezgah a\u00e7t\u0131. Ak\u0131n, a\u00e7t\u0131\u011f\u0131 m\u00fczik e\u015fli\u011finde kendi besteledi\u011fi \u015fark\u0131lar\u0131n\u0131 seslendirerek sat\u0131\u015f yap\u0131yor. Ak\u0131n&#8217;\u0131n ne\u015feli tav\u0131rlar\u0131 semt pazar\u0131na renk katarken vatanda\u015flar\u0131nda ilgisini \u00e7ekiyor.<\/p>\n\n\n\n<p class=\"wp-block-paragraph\">Semt pazarlar\u0131nda k\u0131yafetlerini satabilmek i\u00e7in \u015fark\u0131 besteledi\u011fini s\u00f6yleyen Mevl\u00fct Ak\u0131n, &#8220;Kendimce besteledi\u011fim \u015fark\u0131lar\u0131 sazl\u0131, s\u00f6zl\u00fc ve ritimli olarak al\u0131\u015fveri\u015fe gelen m\u00fc\u015fterilerimize s\u00f6yl\u00fcyorum. Kimi zaman oynayanlar oluyor e\u011flenceli buluyorlar. Hem e\u011fleniyorum hem de e\u011flendiriyorum. Pazarda \u00e7ekti\u011fim videolar\u0131m\u0131 sosyal medyaya y\u00fckl\u00fcyorum. Sosyal medyada da \u00e7ok b\u00fcy\u00fck be\u011feniler al\u0131yorum. Kendimce kurdu\u011fum c\u00fcmleleri ritme d\u00f6kt\u00fcm. Ritme d\u00f6kt\u00fc\u011f\u00fcm i\u00e7in de daha \u00e7ok e\u011flenceli oldu. En sonunda i\u015fi biraz daha geli\u015ftirdik, \u015fimdi de saza d\u00f6kt\u00fck devam ediyoruz&#8221; diye konu\u015ftu.<\/p>\n","protected":false},"excerpt":{"rendered":"<p>D\u00fczce&#8217;de Mevl\u00fct Ak\u0131n, semt pazar\u0131nda kendi \u015fark\u0131lar\u0131yla k\u0131yafet sat\u0131\u015f\u0131 yap\u0131yor. Play Video D\u00dcZCE&#8217;de&nbsp;Kurban Bayram\u0131&nbsp;\u00f6ncesi semt<\/p>\n","protected":false},"author":1,"featured_media":2385,"comment_status":"open","ping_status":"open","sticky":false,"template":"","format":"standard","meta":{"_rtcl_gb_attr":"","footnotes":""},"categories":[42],"tags":[],"class_list":["post-2384","post","type-post","status-publish","format-standard","has-post-thumbnail","hentry","category-kultur-ve-sanat"],"_links":{"self":[{"href":"https:\/\/turkiyemhaber.com\/index.php?rest_route=\/wp\/v2\/posts\/2384","targetHints":{"allow":["GET"]}}],"collection":[{"href":"https:\/\/turkiyemhaber.com\/index.php?rest_route=\/wp\/v2\/posts"}],"about":[{"href":"https:\/\/turkiyemhaber.com\/index.php?rest_route=\/wp\/v2\/types\/post"}],"author":[{"embeddable":true,"href":"https:\/\/turkiyemhaber.com\/index.php?rest_route=\/wp\/v2\/users\/1"}],"replies":[{"embeddable":true,"href":"https:\/\/turkiyemhaber.com\/index.php?rest_route=%2Fwp%2Fv2%2Fcomments&post=2384"}],"version-history":[{"count":1,"href":"https:\/\/turkiyemhaber.com\/index.php?rest_route=\/wp\/v2\/posts\/2384\/revisions"}],"predecessor-version":[{"id":2386,"href":"https:\/\/turkiyemhaber.com\/index.php?rest_route=\/wp\/v2\/posts\/2384\/revisions\/2386"}],"wp:featuredmedia":[{"embeddable":true,"href":"https:\/\/turkiyemhaber.com\/index.php?rest_route=\/wp\/v2\/media\/2385"}],"wp:attachment":[{"href":"https:\/\/turkiyemhaber.com\/index.php?rest_route=%2Fwp%2Fv2%2Fmedia&parent=2384"}],"wp:term":[{"taxonomy":"category","embeddable":true,"href":"https:\/\/turkiyemhaber.com\/index.php?rest_route=%2Fwp%2Fv2%2Fcategories&post=2384"},{"taxonomy":"post_tag","embeddable":true,"href":"https:\/\/turkiyemhaber.com\/index.php?rest_route=%2Fwp%2Fv2%2Ftags&post=2384"}],"curies":[{"name":"wp","href":"https:\/\/api.w.org\/{rel}","templated":true}]}}