{"id":2381,"date":"2026-05-26T11:26:17","date_gmt":"2026-05-26T11:26:17","guid":{"rendered":"https:\/\/turkiyemhaber.com\/?p=2381"},"modified":"2026-05-26T11:26:21","modified_gmt":"2026-05-26T11:26:21","slug":"geleneksel-oyunlar-tiri-almanyada","status":"publish","type":"post","link":"https:\/\/turkiyemhaber.com\/?p=2381","title":{"rendered":"Geleneksel Oyunlar T\u0131r\u0131 Almanya&#8217;da"},"content":{"rendered":"\n<p class=\"wp-block-paragraph\">GSDF&#8217;nin Geleneksel Oyunlar T\u0131r\u0131, N\u00fcrnberg&#8217;de \u00e7ocuklarla bulu\u015farak T\u00fcrk k\u00fclt\u00fcr\u00fcn\u00fc tan\u0131tt\u0131.<\/p>\n\n\n\n<p class=\"wp-block-paragraph\">T\u00fcrkiye Geleneksel&nbsp;<a href=\"https:\/\/www.sondakika.com\/Spor\/\">Spor<\/a>&nbsp;Dallar\u0131 Federasyonu&#8217;nun (GSDF) Geleneksel Oyunlar T\u0131r\u0131,&nbsp;<a href=\"https:\/\/www.sondakika.com\/almanya\/\">Almanya<\/a>&#8216;n\u0131n&nbsp;<a href=\"https:\/\/www.sondakika.com\/nurnberg\/\">N\u00fcrnberg<\/a>&nbsp;kentinde \u00e7ocuklarla bulu\u015ftu.<\/p>\n\n\n\n<p class=\"wp-block-paragraph\">GSDF ile Yurtd\u0131\u015f\u0131 T\u00fcrkler ve Akraba Topluluklar Ba\u015fkanl\u0131\u011f\u0131n\u0131n (YTB) ortakla\u015fa y\u00fcr\u00fctt\u00fc\u011f\u00fc proje kapsam\u0131nda Geleneksel Oyunlar T\u0131r\u0131,&nbsp;<a href=\"https:\/\/www.sondakika.com\/fransa\/\">Fransa<\/a>,&nbsp;<a href=\"https:\/\/www.sondakika.com\/belcika\/\">Bel\u00e7ika<\/a>,&nbsp;<a href=\"https:\/\/www.sondakika.com\/avusturya\/\">Avusturya<\/a>&#8216;da ve Almanya&#8217;da toplam 10 ayr\u0131 noktada \u00e7ocuklara tarihi oyunlar\u0131 tan\u0131tt\u0131.<\/p>\n\n\n\n<p class=\"wp-block-paragraph\">T\u00fcrkiye Geleneksel Spor Dallar\u0131 Federasyonu Ba\u015fkan\u0131 Abdulhadi Turus, projeye ili\u015fkin a\u00e7\u0131klamas\u0131nda, &#8220;Anadolu&#8217;nun her k\u00f6\u015fesinde binlerce \u00e7ocu\u011fumuzun y\u00fcz\u00fcnde tebess\u00fcm olan GSDF Geleneksel Oyunlar T\u0131r\u0131m\u0131z, \u015fimdi Avrupa yollar\u0131nda. Mangala&#8217;dan mas g\u00fcre\u015fine, halat \u00e7ekmeden a\u015f\u0131k atmaya kadar k\u00fclt\u00fcr\u00fcm\u00fcz\u00fcn izlerini ta\u015f\u0131yan oyunlar\u0131m\u0131z\u0131 Avrupa&#8217;n\u0131n parklar\u0131nda, meydanlar\u0131nda \u00e7ocuklarla bulu\u015fturduk. Geleneksel Oyunlar T\u0131r\u0131, \u00e7ocuklar\u0131 ve aileleri kadim k\u00fclt\u00fcr\u00fcm\u00fcz\u00fcn ne\u015fesiyle bulu\u015fturmaya devam ediyor. K\u00fclt\u00fcr\u00fcm\u00fcz\u00fc birlikte ya\u015famak, oyunla karde\u015fli\u011fi b\u00fcy\u00fctmek i\u00e7in gittik.&#8221; ifadelerini kulland\u0131.<\/p>\n","protected":false},"excerpt":{"rendered":"<p>GSDF&#8217;nin Geleneksel Oyunlar T\u0131r\u0131, N\u00fcrnberg&#8217;de \u00e7ocuklarla bulu\u015farak T\u00fcrk k\u00fclt\u00fcr\u00fcn\u00fc tan\u0131tt\u0131. T\u00fcrkiye Geleneksel&nbsp;Spor&nbsp;Dallar\u0131 Federasyonu&#8217;nun (GSDF) Geleneksel<\/p>\n","protected":false},"author":1,"featured_media":2382,"comment_status":"open","ping_status":"open","sticky":false,"template":"","format":"standard","meta":{"_rtcl_gb_attr":"","footnotes":""},"categories":[42],"tags":[],"class_list":["post-2381","post","type-post","status-publish","format-standard","has-post-thumbnail","hentry","category-kultur-ve-sanat"],"_links":{"self":[{"href":"https:\/\/turkiyemhaber.com\/index.php?rest_route=\/wp\/v2\/posts\/2381","targetHints":{"allow":["GET"]}}],"collection":[{"href":"https:\/\/turkiyemhaber.com\/index.php?rest_route=\/wp\/v2\/posts"}],"about":[{"href":"https:\/\/turkiyemhaber.com\/index.php?rest_route=\/wp\/v2\/types\/post"}],"author":[{"embeddable":true,"href":"https:\/\/turkiyemhaber.com\/index.php?rest_route=\/wp\/v2\/users\/1"}],"replies":[{"embeddable":true,"href":"https:\/\/turkiyemhaber.com\/index.php?rest_route=%2Fwp%2Fv2%2Fcomments&post=2381"}],"version-history":[{"count":1,"href":"https:\/\/turkiyemhaber.com\/index.php?rest_route=\/wp\/v2\/posts\/2381\/revisions"}],"predecessor-version":[{"id":2383,"href":"https:\/\/turkiyemhaber.com\/index.php?rest_route=\/wp\/v2\/posts\/2381\/revisions\/2383"}],"wp:featuredmedia":[{"embeddable":true,"href":"https:\/\/turkiyemhaber.com\/index.php?rest_route=\/wp\/v2\/media\/2382"}],"wp:attachment":[{"href":"https:\/\/turkiyemhaber.com\/index.php?rest_route=%2Fwp%2Fv2%2Fmedia&parent=2381"}],"wp:term":[{"taxonomy":"category","embeddable":true,"href":"https:\/\/turkiyemhaber.com\/index.php?rest_route=%2Fwp%2Fv2%2Fcategories&post=2381"},{"taxonomy":"post_tag","embeddable":true,"href":"https:\/\/turkiyemhaber.com\/index.php?rest_route=%2Fwp%2Fv2%2Ftags&post=2381"}],"curies":[{"name":"wp","href":"https:\/\/api.w.org\/{rel}","templated":true}]}}