{"id":2378,"date":"2026-05-26T11:25:00","date_gmt":"2026-05-26T11:25:00","guid":{"rendered":"https:\/\/turkiyemhaber.com\/?p=2378"},"modified":"2026-05-26T11:25:04","modified_gmt":"2026-05-26T11:25:04","slug":"kultur-gecesinde-ogrencilerden-muhtesem-performans","status":"publish","type":"post","link":"https:\/\/turkiyemhaber.com\/?p=2378","title":{"rendered":"K\u00fclt\u00fcr Gecesi&#8217;nde \u00d6\u011frencilerden Muhte\u015fem Performans"},"content":{"rendered":"\n<p class=\"wp-block-paragraph\">Kestel Hasan Aslanoba Anadolu Lisesi \u00f6\u011frencileri, &#8216;K\u00fclt\u00fcr gecesi&#8217; etkinli\u011fiyle b\u00fcy\u00fck be\u011feni toplad\u0131.<\/p>\n\n\n\n<p class=\"wp-block-paragraph\"><a href=\"https:\/\/www.sondakika.com\/kestel\/\">Kestel<\/a>&nbsp;<a href=\"https:\/\/www.sondakika.com\/hasan-aslanoba\/\">Hasan Aslanoba<\/a>&nbsp;<a href=\"https:\/\/www.sondakika.com\/anadolu-lisesi\/\">Anadolu Lisesi<\/a>&nbsp;\u00f6\u011frencileri, d\u00fczenledi\u011fi &#8220;K\u00fclt\u00fcr gecesi&#8221; etkinli\u011fiyle kat\u0131l\u0131mc\u0131lardan tam not ald\u0131.<\/p>\n\n\n\n<p class=\"wp-block-paragraph\">\u00d6\u011frenciler, 2025-2026 e\u011fitim-\u00f6\u011fretim y\u0131l\u0131n\u0131n son g\u00fcnlerinde \u00f6\u011fretmenlerinin de deste\u011fiyle &#8220;K\u00fclt\u00fcr gecesi&#8221; d\u00fczenledi.<\/p>\n\n\n\n<p class=\"wp-block-paragraph\">Okul \u00f6\u011frencilerinin olu\u015fturdu\u011fu koro farkl\u0131 eserler seslendirdi.<\/p>\n\n\n\n<p class=\"wp-block-paragraph\">Ayr\u0131ca \u00e7ini, kabartma tekni\u011fi ve epoksi kaplama gibi \u00f6zel tekniklerle haz\u0131rlanan resim sergisinin de a\u00e7\u0131l\u0131\u015f\u0131 yap\u0131ld\u0131.<\/p>\n\n\n\n<p class=\"wp-block-paragraph\">El eme\u011fi eserler, sergiye kat\u0131lanlar\u0131n be\u011fenisini ald\u0131.<\/p>\n\n\n\n<p class=\"wp-block-paragraph\">Okul M\u00fcd\u00fcr\u00fc \u015eerif Kurt, mezun olacak \u00f6\u011frencilere i\u015f ve \u00fcniversite hayat\u0131nda ba\u015far\u0131lar dileyerek, &#8220;Yar\u0131n\u0131n sanat\u00e7\u0131lar\u0131 ve bilim insanlar\u0131n\u0131 bug\u00fcnden haz\u0131rl\u0131yoruz. Gecede eme\u011fi ge\u00e7en t\u00fcm hocalar\u0131ma te\u015fekk\u00fcrlerimi bor\u00e7 biliyorum.&#8221; ifadesini kulland\u0131.<\/p>\n\n\n\n<p class=\"wp-block-paragraph\">Kestel Belediye Ba\u015fkan Yard\u0131mc\u0131s\u0131 Mehmet M\u0131t\u0131o\u011flu da \u00f6\u011frencilerin seslendirdi\u011fi eserleri dinleyip resim sergisini gezdi.<\/p>\n","protected":false},"excerpt":{"rendered":"<p>Kestel Hasan Aslanoba Anadolu Lisesi \u00f6\u011frencileri, &#8216;K\u00fclt\u00fcr gecesi&#8217; etkinli\u011fiyle b\u00fcy\u00fck be\u011feni toplad\u0131. Kestel&nbsp;Hasan Aslanoba&nbsp;Anadolu Lisesi&nbsp;\u00f6\u011frencileri,<\/p>\n","protected":false},"author":1,"featured_media":2379,"comment_status":"open","ping_status":"open","sticky":false,"template":"","format":"standard","meta":{"_rtcl_gb_attr":"","footnotes":""},"categories":[42],"tags":[],"class_list":["post-2378","post","type-post","status-publish","format-standard","has-post-thumbnail","hentry","category-kultur-ve-sanat"],"_links":{"self":[{"href":"https:\/\/turkiyemhaber.com\/index.php?rest_route=\/wp\/v2\/posts\/2378","targetHints":{"allow":["GET"]}}],"collection":[{"href":"https:\/\/turkiyemhaber.com\/index.php?rest_route=\/wp\/v2\/posts"}],"about":[{"href":"https:\/\/turkiyemhaber.com\/index.php?rest_route=\/wp\/v2\/types\/post"}],"author":[{"embeddable":true,"href":"https:\/\/turkiyemhaber.com\/index.php?rest_route=\/wp\/v2\/users\/1"}],"replies":[{"embeddable":true,"href":"https:\/\/turkiyemhaber.com\/index.php?rest_route=%2Fwp%2Fv2%2Fcomments&post=2378"}],"version-history":[{"count":1,"href":"https:\/\/turkiyemhaber.com\/index.php?rest_route=\/wp\/v2\/posts\/2378\/revisions"}],"predecessor-version":[{"id":2380,"href":"https:\/\/turkiyemhaber.com\/index.php?rest_route=\/wp\/v2\/posts\/2378\/revisions\/2380"}],"wp:featuredmedia":[{"embeddable":true,"href":"https:\/\/turkiyemhaber.com\/index.php?rest_route=\/wp\/v2\/media\/2379"}],"wp:attachment":[{"href":"https:\/\/turkiyemhaber.com\/index.php?rest_route=%2Fwp%2Fv2%2Fmedia&parent=2378"}],"wp:term":[{"taxonomy":"category","embeddable":true,"href":"https:\/\/turkiyemhaber.com\/index.php?rest_route=%2Fwp%2Fv2%2Fcategories&post=2378"},{"taxonomy":"post_tag","embeddable":true,"href":"https:\/\/turkiyemhaber.com\/index.php?rest_route=%2Fwp%2Fv2%2Ftags&post=2378"}],"curies":[{"name":"wp","href":"https:\/\/api.w.org\/{rel}","templated":true}]}}