{"id":2375,"date":"2026-05-26T11:21:51","date_gmt":"2026-05-26T11:21:51","guid":{"rendered":"https:\/\/turkiyemhaber.com\/?p=2375"},"modified":"2026-05-26T11:21:56","modified_gmt":"2026-05-26T11:21:56","slug":"cal-magarasi-bayramda-ziyaretcileri-agirliyor","status":"publish","type":"post","link":"https:\/\/turkiyemhaber.com\/?p=2375","title":{"rendered":"\u00c7al Ma\u011faras\u0131 Bayramda Ziyaret\u00e7ileri A\u011f\u0131rl\u0131yor"},"content":{"rendered":"\n<h2 class=\"wp-block-heading\">D\u00fczk\u00f6y&#8217;deki \u00c7al Ma\u011faras\u0131, Kurban Bayram\u0131&#8217;nda turistlerle dolup ta\u015f\u0131yor, do\u011fal g\u00fczellikleriyle dikkat \u00e7ekiyor.<\/h2>\n\n\n\n<p class=\"wp-block-paragraph\">Play Video<\/p>\n\n\n\n<p class=\"wp-block-paragraph\">Trabzon&#8217;un D\u00fczk\u00f6y il\u00e7esinde deniz seviyesinden 1050 metre y\u00fckseklikteki \u00c7al Ma\u011faras\u0131,&nbsp;<a href=\"https:\/\/www.sondakika.com\/kurban-bayrami\/\">Kurban Bayram\u0131<\/a>&nbsp;tatilinde de ziyaret\u00e7ilerini a\u011f\u0131rl\u0131yor.<\/p>\n\n\n\n<p class=\"wp-block-paragraph\">Sark\u0131t ve dikitlerin yan\u0131 s\u0131ra \u00fczerindeki kale, i\u00e7indeki \u00e7a\u011flayan ve g\u00f6lle b\u00f6lge turizmine katk\u0131 sa\u011flayan ma\u011fara, adrenalin tutkunlar\u0131n\u0131n ilgisini \u00e7ekiyor.<\/p>\n\n\n\n<p class=\"wp-block-paragraph\">\u00c7atlaklar sayesinde d\u0131\u015f ortamla hava ak\u0131\u015f\u0131 bulunan, yeralt\u0131nda olmas\u0131na ra\u011fmen vadide y\u00fcr\u00fcme hissi veren ma\u011faradan ge\u00e7en derenin derinli\u011fi ise mevsimsel olarak de\u011fi\u015fiyor.<\/p>\n\n\n\n<p class=\"wp-block-paragraph\">Yerli ve yabanc\u0131 turistler, halen b\u00fcy\u00fck b\u00f6l\u00fcm\u00fc ke\u015ffedilmeyi bekleyen ma\u011faran\u0131n yakla\u015f\u0131k 1 kilometrelik k\u0131sm\u0131n\u0131 gezebiliyor.<\/p>\n\n\n\n<p class=\"wp-block-paragraph\">Ziyaret\u00e7ilerden \u00fcniversite \u00f6\u011frencisi Aleyna Y\u0131lmaz, \u00c7al Ma\u011faras\u0131&#8217;n\u0131n \u00e7ok do\u011fal ve g\u00fczel oldu\u011funu belirterek, &#8220;4 y\u0131ld\u0131r buraday\u0131m, ilk defa geldim. Do\u011fall\u0131\u011f\u0131n\u0131 korumalar\u0131 a\u00e7\u0131s\u0131ndan \u00e7ok g\u00fczel. \u0130\u00e7eride g\u00fczel bir hava var, d\u0131\u015far\u0131ya g\u00f6re daha serin. \u0130lk girdi\u011fimde \u00fc\u015f\u00fcd\u00fcm ama al\u0131\u015ft\u0131m. Herkes gelsin g\u00f6rs\u00fcn, etraf\u0131 bulduklar\u0131 gibi b\u0131raks\u0131nlar, zarar vermesinler bu g\u00fczel yap\u0131lara.&#8221; dedi.<\/p>\n\n\n\n<p class=\"wp-block-paragraph\">\u00c7al Ma\u011faras\u0131&#8217;na ikinci geli\u015fi oldu\u011funu anlatan Dursun Tufan Antalyal\u0131 da herkese ma\u011faray\u0131 ziyaret etmelerini \u00f6nerdi.<\/p>\n\n\n\n<p class=\"wp-block-paragraph\"><a href=\"https:\/\/www.sondakika.com\/kurban-bayrami\/\"><strong>Kurban Bayram\u0131<\/strong><\/a>,\u00a0<a href=\"https:\/\/www.sondakika.com\/yerel-haberler\/\"><strong>Yerel Haberler<\/strong><\/a>,\u00a0<a href=\"https:\/\/www.sondakika.com\/kultur-sanat\/\"><strong>K\u00fclt\u00fcr Sanat<\/strong><\/a>,\u00a0<a href=\"https:\/\/www.sondakika.com\/etkinlikler\/\"><strong>Etkinlikler<\/strong><\/a>,\u00a0<a href=\"https:\/\/www.sondakika.com\/turizm\/\"><strong>Turizm<\/strong><\/a>,\u00a0<a href=\"https:\/\/www.sondakika.com\/yasam\/\"><strong>Ya\u015fam<\/strong><\/a>,\u00a0<a href=\"https:\/\/www.sondakika.com\/doga\/\"><strong>Do\u011fa<\/strong><\/a><\/p>\n\n\n\n<ul class=\"wp-block-list\">\n<li><\/li>\n<\/ul>\n","protected":false},"excerpt":{"rendered":"<p>D\u00fczk\u00f6y&#8217;deki \u00c7al Ma\u011faras\u0131, Kurban Bayram\u0131&#8217;nda turistlerle dolup ta\u015f\u0131yor, do\u011fal g\u00fczellikleriyle dikkat \u00e7ekiyor. Play Video Trabzon&#8217;un<\/p>\n","protected":false},"author":1,"featured_media":2376,"comment_status":"open","ping_status":"open","sticky":false,"template":"","format":"standard","meta":{"_rtcl_gb_attr":"","footnotes":""},"categories":[42],"tags":[],"class_list":["post-2375","post","type-post","status-publish","format-standard","has-post-thumbnail","hentry","category-kultur-ve-sanat"],"_links":{"self":[{"href":"https:\/\/turkiyemhaber.com\/index.php?rest_route=\/wp\/v2\/posts\/2375","targetHints":{"allow":["GET"]}}],"collection":[{"href":"https:\/\/turkiyemhaber.com\/index.php?rest_route=\/wp\/v2\/posts"}],"about":[{"href":"https:\/\/turkiyemhaber.com\/index.php?rest_route=\/wp\/v2\/types\/post"}],"author":[{"embeddable":true,"href":"https:\/\/turkiyemhaber.com\/index.php?rest_route=\/wp\/v2\/users\/1"}],"replies":[{"embeddable":true,"href":"https:\/\/turkiyemhaber.com\/index.php?rest_route=%2Fwp%2Fv2%2Fcomments&post=2375"}],"version-history":[{"count":1,"href":"https:\/\/turkiyemhaber.com\/index.php?rest_route=\/wp\/v2\/posts\/2375\/revisions"}],"predecessor-version":[{"id":2377,"href":"https:\/\/turkiyemhaber.com\/index.php?rest_route=\/wp\/v2\/posts\/2375\/revisions\/2377"}],"wp:featuredmedia":[{"embeddable":true,"href":"https:\/\/turkiyemhaber.com\/index.php?rest_route=\/wp\/v2\/media\/2376"}],"wp:attachment":[{"href":"https:\/\/turkiyemhaber.com\/index.php?rest_route=%2Fwp%2Fv2%2Fmedia&parent=2375"}],"wp:term":[{"taxonomy":"category","embeddable":true,"href":"https:\/\/turkiyemhaber.com\/index.php?rest_route=%2Fwp%2Fv2%2Fcategories&post=2375"},{"taxonomy":"post_tag","embeddable":true,"href":"https:\/\/turkiyemhaber.com\/index.php?rest_route=%2Fwp%2Fv2%2Ftags&post=2375"}],"curies":[{"name":"wp","href":"https:\/\/api.w.org\/{rel}","templated":true}]}}