{"id":2372,"date":"2026-05-26T11:20:11","date_gmt":"2026-05-26T11:20:11","guid":{"rendered":"https:\/\/turkiyemhaber.com\/?p=2372"},"modified":"2026-05-26T11:20:16","modified_gmt":"2026-05-26T11:20:16","slug":"adiyamanda-yamac-parasutu-ile-spor-turizmi-canlaniyor","status":"publish","type":"post","link":"https:\/\/turkiyemhaber.com\/?p=2372","title":{"rendered":"Ad\u0131yaman&#8217;da Yama\u00e7 Para\u015f\u00fct\u00fc ile Spor Turizmi Canlan\u0131yor"},"content":{"rendered":"\n<p class=\"wp-block-paragraph\">Ad\u0131yaman, tarih turizminin yan\u0131 s\u0131ra yama\u00e7 para\u015f\u00fct\u00fc ile spor turizmine de \u00f6nc\u00fcl\u00fck ediyor.<\/p>\n\n\n\n<p class=\"wp-block-paragraph\">Tarih turizmi ile T\u00fcrkiye&#8217;nin \u00f6nde gelen illerinden olan&nbsp;<a href=\"https:\/\/www.sondakika.com\/adiyaman\/\">Ad\u0131yaman<\/a>&#8216;da yama\u00e7 para\u015f\u00fct\u00fcyle son y\u0131llarda&nbsp;<a href=\"https:\/\/www.sondakika.com\/spor\/\">spor<\/a>&nbsp;turizmi de \u00f6n plana \u00e7\u0131k\u0131yor.<\/p>\n\n\n\n<p class=\"wp-block-paragraph\">Ad\u0131yaman&#8217;da \u0130ndere&#8217;ye 16 bin 467 konutun yap\u0131lmas\u0131n\u0131n ard\u0131ndan Gen\u00e7lik ve Spor \u0130l M\u00fcd\u00fcrl\u00fc\u011f\u00fcne yama\u00e7 para\u015f\u00fct\u00fc u\u00e7u\u015f pisti olarak tahsis etti\u011fi alandan onlarca sporcu kendini g\u00f6ky\u00fcz\u00fcnde r\u00fczgara b\u0131rak\u0131yor.<\/p>\n\n\n\n<p class=\"wp-block-paragraph\">Tarih turizmi ile \u00fclkenin \u00f6nemli merkezlerinden biri olan Ad\u0131yaman, spor turizmi ile de \u00f6n plana \u00e7\u0131kmak istiyor. Ge\u00e7ti\u011fimiz y\u0131llarda F\u0131rat Nehri ve Atat\u00fcrk Baraj\u0131&#8217;nda yap\u0131lan su sporlar\u0131n\u0131n yan\u0131 s\u0131ra yama\u00e7 para\u015f\u00fct\u00fcnde de son y\u0131llarda ad\u0131ndan s\u00f6z ettirmeye ba\u015flad\u0131. Hava ve termal ak\u0131m\u0131n yama\u00e7 para\u015f\u00fct sporunu yapmaya \u00e7ok uygun olan kentte, sporcular saatlerce g\u00f6ky\u00fcz\u00fcnde kalabiliyor.<\/p>\n\n\n\n<p class=\"wp-block-paragraph\">Gen\u00e7lik ve Spor \u0130l M\u00fcd\u00fcrl\u00fc\u011f\u00fcn\u00fcn \u00f6nc\u00fcl\u00fc\u011f\u00fcnde kurulan hava sporlar\u0131 kul\u00fcplerinin destekleriyle T\u00fcrkiye&#8217;nin \u00f6nemli yama\u00e7 para\u015f\u00fct\u00fc spor merkezlerinden olma yolunda ilerliyor. T\u00fcrkiye&#8217;nin farkl\u0131 illerinden sporcular Ad\u0131yaman&#8217;a gelerek u\u00e7uyor. &#8211; ADIYAMAN<\/p>\n","protected":false},"excerpt":{"rendered":"<p>Ad\u0131yaman, tarih turizminin yan\u0131 s\u0131ra yama\u00e7 para\u015f\u00fct\u00fc ile spor turizmine de \u00f6nc\u00fcl\u00fck ediyor. Tarih turizmi<\/p>\n","protected":false},"author":1,"featured_media":2373,"comment_status":"open","ping_status":"open","sticky":false,"template":"","format":"standard","meta":{"_rtcl_gb_attr":"","footnotes":""},"categories":[42],"tags":[],"class_list":["post-2372","post","type-post","status-publish","format-standard","has-post-thumbnail","hentry","category-kultur-ve-sanat"],"_links":{"self":[{"href":"https:\/\/turkiyemhaber.com\/index.php?rest_route=\/wp\/v2\/posts\/2372","targetHints":{"allow":["GET"]}}],"collection":[{"href":"https:\/\/turkiyemhaber.com\/index.php?rest_route=\/wp\/v2\/posts"}],"about":[{"href":"https:\/\/turkiyemhaber.com\/index.php?rest_route=\/wp\/v2\/types\/post"}],"author":[{"embeddable":true,"href":"https:\/\/turkiyemhaber.com\/index.php?rest_route=\/wp\/v2\/users\/1"}],"replies":[{"embeddable":true,"href":"https:\/\/turkiyemhaber.com\/index.php?rest_route=%2Fwp%2Fv2%2Fcomments&post=2372"}],"version-history":[{"count":1,"href":"https:\/\/turkiyemhaber.com\/index.php?rest_route=\/wp\/v2\/posts\/2372\/revisions"}],"predecessor-version":[{"id":2374,"href":"https:\/\/turkiyemhaber.com\/index.php?rest_route=\/wp\/v2\/posts\/2372\/revisions\/2374"}],"wp:featuredmedia":[{"embeddable":true,"href":"https:\/\/turkiyemhaber.com\/index.php?rest_route=\/wp\/v2\/media\/2373"}],"wp:attachment":[{"href":"https:\/\/turkiyemhaber.com\/index.php?rest_route=%2Fwp%2Fv2%2Fmedia&parent=2372"}],"wp:term":[{"taxonomy":"category","embeddable":true,"href":"https:\/\/turkiyemhaber.com\/index.php?rest_route=%2Fwp%2Fv2%2Fcategories&post=2372"},{"taxonomy":"post_tag","embeddable":true,"href":"https:\/\/turkiyemhaber.com\/index.php?rest_route=%2Fwp%2Fv2%2Ftags&post=2372"}],"curies":[{"name":"wp","href":"https:\/\/api.w.org\/{rel}","templated":true}]}}