{"id":2366,"date":"2026-05-26T11:15:00","date_gmt":"2026-05-26T11:15:00","guid":{"rendered":"https:\/\/turkiyemhaber.com\/?p=2366"},"modified":"2026-05-26T11:15:05","modified_gmt":"2026-05-26T11:15:05","slug":"olay-iddia-kilicdaroglu-ozgur-ozel-dahil-9-vekilin-dokunulmazligini-kaldiracak","status":"publish","type":"post","link":"https:\/\/turkiyemhaber.com\/?p=2366","title":{"rendered":"Olay iddia: K\u0131l\u0131\u00e7daro\u011flu, \u00d6zg\u00fcr \u00d6zel dahil 9 vekilin dokunulmazl\u0131\u011f\u0131n\u0131 kald\u0131racak"},"content":{"rendered":"\n<p class=\"wp-block-paragraph\">Mutlak butlan karar\u0131yla CHP Genel Ba\u015fkanl\u0131\u011f\u0131 koltu\u011funa yeniden oturan Kemal K\u0131l\u0131\u00e7daro\u011flu&#8217;nun \u00d6zg\u00fcr \u00d6zel dahil 9 milletvekilinin dokunulmazl\u0131\u011f\u0131n\u0131 kald\u0131rmay\u0131 planlad\u0131\u011f\u0131 iddia edildi. K\u0131l\u0131\u00e7daro\u011flu&#8217;nun Cumhurba\u015fkan\u0131 aday\u0131 olarak \u0130lhan Kesici&#8217;yi d\u00fc\u015f\u00fcnd\u00fc\u011f\u00fc iddialar\u0131na ise &#8220;\u015eu an g\u00fcndemde olan bir konu de\u011fil. \u00d6nceli\u011fimiz parti ile ilgili s\u00fcre\u00e7ler&#8221; yan\u0131t\u0131n\u0131 verdi\u011fi \u00f6\u011frenildi.<\/p>\n\n\n\n<p class=\"wp-block-paragraph\">K<a href=\"https:\/\/www.sondakika.com\/kemal-kilicdaroglu\/\">emal K\u0131l\u0131\u00e7daro\u011flu<\/a>, CHP Genel Merkezi&#8217;nin tahliye edilmesinin ard\u0131ndan ilk a\u00e7\u0131klamas\u0131n\u0131 TGRT Haber Ankara Temsilcisi Fatih Atik&#8217;e yapt\u0131. Atik K\u0131l\u0131\u00e7daro\u011flu&#8217;nun ekibinin TBMM Ba\u015fkanl\u0131\u011f\u0131 ile diyalogda oldu\u011funu ve Meclis Ba\u015fkanl\u0131\u011f\u0131&#8217;n\u0131n CHP Grup Ba\u015fkan\u0131 se\u00e7ilen&nbsp;<a href=\"https:\/\/www.sondakika.com\/ozgur-ozel\/\">\u00d6zg\u00fcr \u00d6zel<\/a>&nbsp;i\u00e7in &#8220;Bu Grup Ba\u015fkanl\u0131\u011f\u0131 ge\u00e7ersizdir&#8221; dedi\u011fini aktard\u0131. Ceza davalar\u0131n\u0131n bu yaz sonu\u00e7lanmas\u0131n\u0131n beklendi\u011fini belirten Atik, &#8220;Ayn\u0131 davada ad\u0131 ge\u00e7en dokuz CHP milletvekilinin dokunulmazl\u0131k dosyalar\u0131 ne olacak? Bence K\u0131l\u0131\u00e7daro\u011flu bunun \u00f6n\u00fcnde durmaz. \u00d6zel dahil bu isimlerin dokunulmazl\u0131klar\u0131 kald\u0131r\u0131l\u0131r&#8221; ifadesini kulland\u0131.<\/p>\n\n\n\n<p class=\"wp-block-paragraph\">CHP Genel Ba\u015fkan\u0131 Kemal K\u0131l\u0131\u00e7daro\u011flu&#8217;nu d\u00fcn evinde ziyaret eden TGRT Haber Ankara Temsilcisi Fatih Atik, K\u0131l\u0131\u00e7daro\u011flu&#8217;nun g\u00f6r\u00fc\u015fmedeki konu\u015fmalar\u0131n\u0131 TGRT Haber&#8217;de a\u00e7\u0131klad\u0131.<\/p>\n\n\n\n<h3 class=\"wp-block-heading\">&#8220;\u00d6N\u00dcM\u00dcZDEK\u0130 G\u00dcNLERDE ARA\u00c7LARA ELEKTRON\u0130K TEM\u0130ZL\u0130K YAPILACAK&#8221;<\/h3>\n\n\n\n<p class=\"wp-block-paragraph\">&#8220;Mutlak butlan&#8221; karar\u0131n\u0131 yay\u0131nlanmadan \u00f6nce duyurmas\u0131 gibi bu s\u00fcre\u00e7te yapt\u0131\u011f\u0131 haberlerle dikkati \u00e7eken TGRT Temsiclisi Atik, K\u0131l\u0131\u00e7daro\u011flu&#8217;nun a\u00e7\u0131klamalar\u0131n\u0131 ve kendi izlenimlerini \u015f\u00f6yle aktard\u0131:&nbsp;&#8220;Say\u0131n K\u0131l\u0131\u00e7daro\u011flu&#8217;nun ne yapt\u0131\u011f\u0131 merak konusu. \u00d6zel taraftarlar\u0131ndan kendisine y\u00f6nelik &#8216;Soka\u011fa \u00e7\u0131kamaz&#8217; gibi \u00e7ok a\u011f\u0131r s\u00f6zler var. Ben de K\u0131l\u0131\u00e7daro\u011flu&#8217;nun evine gittim. Sa\u011f olsun \u00e7ok g\u00fczel ve nezaketli kar\u015f\u0131lad\u0131. Gayet haz\u0131r, \u00e7al\u0131\u015fmaya konsantre, sakin ve dingin g\u00f6rd\u00fcm. Sesi d\u00fczelmi\u015f. Telefonlar\u0131 hi\u00e7 susmuyor. S\u00fcrekli ziyaret\u00e7ileri var. Kap\u0131s\u0131nda ise bas\u0131n ordusu bekliyor. Evde B\u00fclent Ku\u015fo\u011flu da vard\u0131. Ku\u015fo\u011flu&#8217;nun partinin Mali \u0130\u015flerden Sorumlu Genel Ba\u015fkan Yard\u0131mc\u0131s\u0131 olaca\u011f\u0131n\u0131 d\u00fc\u015f\u00fcn\u00fcyorum. \u00c7\u00fcnk\u00fc, K\u0131l\u0131\u00e7daro\u011flu\u2019nun son Merkez Y\u00f6netim Kuluru\u2019nda (MYK) g\u00f6revliydi. Ayn\u0131 zamanda maliye k\u00f6kenli, titiz bir insan ve K\u0131l\u0131\u00e7daro\u011flu\u2019nun eski yol arkada\u015f\u0131.<\/p>\n\n\n\n<p class=\"wp-block-paragraph\">Herkes Kemal Beyi terk etti\u011finde o yan\u0131nda durdu. \u00d6zel\u2019e partiyi teslim ederken de titizlikle hesaplar\u0131 inceleyerek devretmi\u015fti. \u015eu an CHP&#8217;nin kasas\u0131nda ne kadar para oldu\u011funu sordum. 1 milyar TL\u2019nin \u00fczerinde oldu\u011fu belirtildi ancak detayl\u0131 bir inceleme yap\u0131lacak. Banka hesaplar\u0131nda tedbir var. Bu sebeple iyice bak\u0131l\u0131p ondan sonra bir s\u0131k\u0131nt\u0131 varsa ortaya \u00e7\u0131kacakt\u0131r. Unutmayal\u0131m ki K\u0131l\u0131\u00e7daro\u011flu iyi bir hesap uzman\u0131. Genel merkezin ara\u00e7lar\u0131n\u0131n tamam\u0131 da hen\u00fcz teslim edilmemi\u015f. \u00d6n\u00fcm\u00fczdeki g\u00fcnlerde eksik ara\u00e7lar da gelecektir herhalde&#8230; Sonu\u00e7ta partinin mal\u0131. Ara\u00e7lara elektronik temizlik yap\u0131lacak.<\/p>\n\n\n\n<h3 class=\"wp-block-heading\">&#8220;\u0130LHAN KES\u0130C\u0130 \u0130DD\u0130ASINA &#8216;\u015eU AN G\u00dcNDEMDE DE\u011e\u0130L, \u00d6NCEL\u0130\u011e\u0130M\u0130Z PART\u0130&#8217; DEN\u0130LD\u0130&#8221;<\/h3>\n\n\n\n<p class=\"wp-block-paragraph\">Partide disiplin s\u00fcreci kesinlikle i\u015fletilecek. \u00d6ncelikle bir komisyon kurulacak. Daha evvelki K\u0131l\u0131\u00e7daro\u011flu d\u00f6nemlerinde oldu\u011fu gibi hakk\u0131nda iddia olanlar i\u00e7in detayl\u0131 raporlar olu\u015fturulacak. Hi\u00e7bir p\u00fcr\u00fcz b\u0131rak\u0131lmayacak ve disiplin mekanizmas\u0131 \u00e7al\u0131\u015ft\u0131r\u0131lacak. Bu s\u00fcre\u00e7te tutuklu belediye ba\u015fkanlar\u0131n\u0131n iddianameleri de hukuk\u00e7u bir ekip taraf\u0131ndan masaya yat\u0131r\u0131lacak. \u00d6zg\u00fcr \u00d6zel&#8217;in Grup Ba\u015fkan\u0131 se\u00e7ildi\u011fi toplant\u0131da &#8216;Beni ve arkada\u015flar\u0131m\u0131 ihra\u00e7 bile edebilirler&#8217; dedi\u011fi s\u00f6ylenmi\u015fti fakat anl\u0131yoruz ki komisyon b\u00f6yle bir agresif tutum i\u00e7inde olmayacak.<\/p>\n\n\n\n<p class=\"wp-block-paragraph\">K\u0131l\u0131\u00e7daro\u011flu&#8217;na Genel Merkez&#8217;deki olaylar\u0131 sordum &#8216;CHP tarihinde ilk defa ya\u015fan\u0131yor, vekiller i\u00e7eri al\u0131nm\u0131yor. Bu, niyetin ne oldu\u011funu g\u00f6steriyor. Partiye niye zarar veriyorsunuz? Masalar\u0131, sandalyeleri, her \u015feyi k\u0131rm\u0131\u015flar. Bunlar CHP\u2019ye yak\u0131\u015fan \u015feyler de\u011fil. Cumartesi g\u00fcn\u00fc Genel Merkez\u2019de olaca\u011f\u0131m ve partililere seslenece\u011fim. CHP b\u00fct\u00fcn bu zorluklar\u0131 a\u015facak g\u00fcce ve tarihsel birikime sahip. Partinin \u00f6rg\u00fctleri bu \u00fclkenin vatansever insanlar\u0131ndan olu\u015fur. Kavga eden, ayr\u0131\u015fmadan yana olanlar\u0131n bu \u00e7at\u0131 alt\u0131nda yeri yok. \u0130ktidar y\u00fcr\u00fcy\u00fc\u015f\u00fcm\u00fcz ba\u015flad\u0131. Ar\u0131naca\u011f\u0131z ve kazanaca\u011f\u0131z&#8217; a\u00e7\u0131klamas\u0131n\u0131 yapt\u0131.<\/p>\n\n\n\n<p class=\"wp-block-paragraph\">Kendisi pazartesi g\u00fcn\u00fc Parti Meclisi\u2019ni toplayacak. MYK\u2019y\u0131 yani Genel Ba\u015fkan Yard\u0131mc\u0131lar\u0131n\u0131 belirleyecek. Daha net bir isim yokmu\u015f. Fakat Ali \u00d6ztun\u00e7 ve G\u00fcrsel Erol\u2019un kendilerine teklif edilen g\u00f6revi reddetti\u011fine dair haberler \u00e7\u0131kt\u0131. Bunu K\u0131l\u0131\u00e7daro\u011flu\u2019nun ekibine sordum ve &#8216;Bir teklif yok ki reddedilsin. Hen\u00fcz isimler bile belli de\u011fil. K\u0131l\u0131\u00e7daro\u011flu de\u011ferlendiriyor&#8217; cevab\u0131n\u0131 ald\u0131m. Ayn\u0131 \u015fey Cumhurba\u015fkan\u0131 aday\u0131 i\u00e7in de ge\u00e7erli. \u0130lhan Kesici\u2019nin ismi yaz\u0131ld\u0131 &#8216;\u015eu an g\u00fcndemde olan bir konu de\u011fil. \u00d6nceli\u011fimiz parti ile ilgili s\u00fcre\u00e7ler&#8217; denildi.<\/p>\n\n\n\n<h3 class=\"wp-block-heading\">&#8220;CHP&#8217;N\u0130N G\u00d6LGE BAKANLARI YOK H\u00dcKM\u00dcNDE&#8221;<\/h3>\n\n\n\n<p class=\"wp-block-paragraph\">Bu konuyla alakal\u0131 \u015funu s\u00f6yleyebilirim; K\u0131l\u0131\u00e7daro\u011flu\u2019nun ilk yapaca\u011f\u0131 i\u015flerden biri Cumhurba\u015fkanl\u0131\u011f\u0131 Aday Ofisi\u2019ni kapatmak. Biliyorsunuz, \u00d6zel y\u00f6netimi \u0130mamo\u011flu i\u00e7in resmen paralel bir genel merkez olu\u015fturmu\u015ftu. Art\u0131k b\u00f6yle bir yap\u0131 kalmayacak. Orada g\u00f6revli olan \u2018g\u00f6lge bakanlar\u2019 da mutlak butlan olacak. Yani CHP\u2019nin g\u00f6lge bakanlar\u0131 da yok h\u00fckm\u00fcnde. Zaten baz\u0131lar\u0131 e\u015fyalar\u0131n\u0131 toplam\u0131\u015f. B\u00fclent Tezcan\u2019\u0131n odas\u0131 duruyormu\u015f.<\/p>\n\n\n\n<p class=\"wp-block-paragraph\">\u015eimdi bombay\u0131 patlat\u0131yorum. \u00d6zg\u00fcr \u00d6zel\u2019e ikinci \u015fok geliyor. Genel Ba\u015fkanl\u0131k gidince kendisini Grup Ba\u015fkan\u0131 se\u00e7tirmi\u015fti. K\u0131l\u0131\u00e7daro\u011flu\u2019nun ekibi, Meclis Ba\u015fkanl\u0131\u011f\u0131 ile diyalog halinde&#8230; Meclis Ba\u015fkanl\u0131\u011f\u0131 &#8216;Bu Grup Ba\u015fkanl\u0131\u011f\u0131 ge\u00e7ersizdir&#8217; demi\u015f. Meclis\u2019in internet sitesinde de gerekli d\u00fczeltme yap\u0131lacak. \u015eu an taraflar aras\u0131nda g\u00f6r\u00fc\u015fmeler s\u00fcr\u00fcyor. Bayramdan sonra yaz\u0131 g\u00f6nderilecek ve \u00d6zel &#8216;Grup Ba\u015fkanl\u0131\u011f\u0131&#8217; titrini kullanamayacak. Ayr\u0131ca ceza davalar\u0131n\u0131n bu yaz sonu\u00e7lanmas\u0131 bekleniyor. Ekrem \u0130mamo\u011flu ve di\u011fer isimler ceza ald\u0131. Ayn\u0131 davada ad\u0131 ge\u00e7en dokuz CHP milletvekilinin dokunulmazl\u0131k dosyalar\u0131 ne olacak? Bence K\u0131l\u0131\u00e7daro\u011flu bunun \u00f6n\u00fcnde durmaz. \u00d6zel dahil bu isimlerin dokunulmazl\u0131klar\u0131 kald\u0131r\u0131l\u0131r.&#8221;<\/p>\n","protected":false},"excerpt":{"rendered":"<p>Mutlak butlan karar\u0131yla CHP Genel Ba\u015fkanl\u0131\u011f\u0131 koltu\u011funa yeniden oturan Kemal K\u0131l\u0131\u00e7daro\u011flu&#8217;nun \u00d6zg\u00fcr \u00d6zel dahil 9<\/p>\n","protected":false},"author":1,"featured_media":2367,"comment_status":"open","ping_status":"open","sticky":false,"template":"","format":"standard","meta":{"_rtcl_gb_attr":"","footnotes":""},"categories":[43],"tags":[],"class_list":["post-2366","post","type-post","status-publish","format-standard","has-post-thumbnail","hentry","category-son-dakika"],"_links":{"self":[{"href":"https:\/\/turkiyemhaber.com\/index.php?rest_route=\/wp\/v2\/posts\/2366","targetHints":{"allow":["GET"]}}],"collection":[{"href":"https:\/\/turkiyemhaber.com\/index.php?rest_route=\/wp\/v2\/posts"}],"about":[{"href":"https:\/\/turkiyemhaber.com\/index.php?rest_route=\/wp\/v2\/types\/post"}],"author":[{"embeddable":true,"href":"https:\/\/turkiyemhaber.com\/index.php?rest_route=\/wp\/v2\/users\/1"}],"replies":[{"embeddable":true,"href":"https:\/\/turkiyemhaber.com\/index.php?rest_route=%2Fwp%2Fv2%2Fcomments&post=2366"}],"version-history":[{"count":1,"href":"https:\/\/turkiyemhaber.com\/index.php?rest_route=\/wp\/v2\/posts\/2366\/revisions"}],"predecessor-version":[{"id":2368,"href":"https:\/\/turkiyemhaber.com\/index.php?rest_route=\/wp\/v2\/posts\/2366\/revisions\/2368"}],"wp:featuredmedia":[{"embeddable":true,"href":"https:\/\/turkiyemhaber.com\/index.php?rest_route=\/wp\/v2\/media\/2367"}],"wp:attachment":[{"href":"https:\/\/turkiyemhaber.com\/index.php?rest_route=%2Fwp%2Fv2%2Fmedia&parent=2366"}],"wp:term":[{"taxonomy":"category","embeddable":true,"href":"https:\/\/turkiyemhaber.com\/index.php?rest_route=%2Fwp%2Fv2%2Fcategories&post=2366"},{"taxonomy":"post_tag","embeddable":true,"href":"https:\/\/turkiyemhaber.com\/index.php?rest_route=%2Fwp%2Fv2%2Ftags&post=2366"}],"curies":[{"name":"wp","href":"https:\/\/api.w.org\/{rel}","templated":true}]}}