{"id":2363,"date":"2026-05-26T11:12:11","date_gmt":"2026-05-26T11:12:11","guid":{"rendered":"https:\/\/turkiyemhaber.com\/?p=2363"},"modified":"2026-05-26T11:12:15","modified_gmt":"2026-05-26T11:12:15","slug":"ozgur-ozelin-mitingi-oncesi-cumhuriyet-meydani-karisti-kalabaliga-tomali-mudahale","status":"publish","type":"post","link":"https:\/\/turkiyemhaber.com\/?p=2363","title":{"rendered":"\u00d6zg\u00fcr \u00d6zel&#8217;in mitingi \u00f6ncesi Cumhuriyet Meydan\u0131 kar\u0131\u015ft\u0131! Kalabal\u0131\u011fa TOMA&#8217;l\u0131 m\u00fcdahale"},"content":{"rendered":"\n<p class=\"wp-block-paragraph\">Mahkemece tedbiren CHP Genel Ba\u015fkanl\u0131\u011f\u0131 g\u00f6revinden uzakla\u015ft\u0131r\u0131lan \u00d6zg\u00fcr \u00d6zel&#8217;in \u0130zmir Cumhuriyet Meydan\u0131&#8217;nda yapmay\u0131 planlad\u0131\u011f\u0131 mitinge valilik izin vermedi. B\u00f6lgede toplanan kalabal\u0131\u011fa polis m\u00fcdahalede bulundu. &#8220;Partililerle merhabala\u015f\u0131p bayramla\u015faca\u011f\u0131z. Korkmu\u015flar, meydan\u0131 \u00e7evirmi\u015fler, b\u00f6yle bir \u015feye gerek yok&#8221; diyen \u00d6zel, kalabal\u0131kla birlikte G\u00fcndo\u011fdu Meydan\u0131&#8217;na y\u00fcr\u00fcmeye ba\u015flad\u0131.<\/p>\n\n\n\n<p class=\"wp-block-paragraph\"><a href=\"https:\/\/www.sondakika.com\/ozgur-ozel\/\">\u00d6zg\u00fcr \u00d6zel<\/a>&#8216;in&nbsp;<a href=\"https:\/\/www.sondakika.com\/izmir\/\">\u0130zmir<\/a>&nbsp;<a href=\"https:\/\/www.sondakika.com\/cumhuriyet-meydani\/\">Cumhuriyet Meydan\u0131<\/a>&#8216;nda yapmay\u0131 planlad\u0131\u011f\u0131 miting alan\u0131n\u0131n giri\u015fleri polis bariyerleriyle kapat\u0131ld\u0131. Alana \u00e7ok say\u0131da TOMA ve kolluk kuvveti sevk edildi.<\/p>\n\n\n\n<h3 class=\"wp-block-heading\">VAL\u0130L\u0130K: M\u0130T\u0130NG G\u00dcNDO\u011eDU MEYDANI&#8217;NDA YAPILAB\u0130L\u0130R<\/h3>\n\n\n\n<p class=\"wp-block-paragraph\">CHP Grup Ba\u015fkan\u0131 \u00d6zg\u00fcr \u00d6zel, d\u00fcn Kurban Bayram\u0131&#8217;n\u0131 ge\u00e7irmek \u00fczere gidece\u011fi Manisa \u00f6ncesinde \u0130zmir&#8217;de miting yapaca\u011f\u0131n\u0131 a\u00e7\u0131klad\u0131.&nbsp;Cumhuriyet Meydan\u0131&#8217;nda yap\u0131lmas\u0131 planlanan mitinge,&nbsp;<a href=\"https:\/\/www.sondakika.com\/izmir-valiligi\/\">\u0130zmir Valili\u011fi<\/a>&#8216;nin &#8220;Cumhuriyet Meydan\u0131&#8217;n\u0131n miting alan\u0131 olmad\u0131\u011f\u0131&#8221; i\u00e7in izin vermedi\u011fi \u00f6\u011frenildi. Mitingin&nbsp;<a href=\"https:\/\/www.sondakika.com\/gundogdu-meydani\/\">G\u00fcndo\u011fdu Meydan\u0131<\/a>&#8216;nda yap\u0131labilece\u011fi belirtildi.&nbsp;Ancak \u00d6zel&#8217;in ekibi miting yerini de\u011fi\u015ftirmeme karar\u0131 ald\u0131.<\/p>\n\n\n\n<figure class=\"wp-block-image\"><img decoding=\"async\" src=\"https:\/\/foto.sondakika.com\/haber\/2026\/05\/26\/ozgur-ozelin-mitingi-oncesi-cu-19884377-5057_1_m.jpg\" alt=\"\u00d6zg\u00fcr \u00d6zel'in mitingi \u00f6ncesi Cumhuriyet Meydan\u0131 kar\u0131\u015ft\u0131! Kalabal\u0131\u011fa TOMA'l\u0131 m\u00fcdahale\"\/><\/figure>\n\n\n\n<h3 class=\"wp-block-heading\">G\u0130R\u0130\u015eLER BAR\u0130YERLERLE KAPATILDI<\/h3>\n\n\n\n<p class=\"wp-block-paragraph\">Bunun \u00fczerine Cumhuriyet Meydan\u0131&#8217;na giri\u015fler bariyerlerle kapat\u0131ld\u0131, vatanda\u015flar alana al\u0131nmad\u0131. Meydan\u0131n etraf\u0131nda \u00e7ok say\u0131da TOMA ve \u00e7evik kuvvet polisinin yer al\u0131\u011f\u0131 g\u00f6r\u00fcld\u00fc. Toplanan kalabal\u0131\u011fa polis m\u00fcdahale etti.<\/p>\n\n\n\n<figure class=\"wp-block-image\"><img decoding=\"async\" src=\"https:\/\/foto.sondakika.com\/haber\/2026\/05\/26\/ozgur-ozelin-mitingi-oncesi-cu-19884377-7219_1_m.jpg\" alt=\"\u00d6zg\u00fcr \u00d6zel'in mitingi \u00f6ncesi Cumhuriyet Meydan\u0131 kar\u0131\u015ft\u0131! Kalabal\u0131\u011fa TOMA'l\u0131 m\u00fcdahale\"\/><\/figure>\n\n\n\n<h3 class=\"wp-block-heading\">\u00d6ZEL: \u0130Z\u0130N BA\u015eVURUSUNA GEREK YOK<\/h3>\n\n\n\n<p class=\"wp-block-paragraph\">\u0130zmir&#8217;e gelen \u00d6zg\u00fcr \u00d6zel, mitingle ilgili yapt\u0131\u011f\u0131 a\u00e7\u0131klamada &#8220;Arkada\u015flar havaalan\u0131nda bir kar\u015f\u0131lamadan ziyade bayramla\u015fmak istedi\u011fini s\u00f6yledi. Planlanm\u0131\u015f bir miting yok, o y\u00fczden izin ba\u015fvurusuna gerek yok. Partililerle merhabala\u015f\u0131p bayramla\u015faca\u011f\u0131z.&nbsp;O meydan il ba\u015fkanl\u0131\u011f\u0131m\u0131z\u0131n hemen yan\u0131nda, korkmu\u015flar, meydan\u0131 \u00e7evirmi\u015fler, b\u00f6yle bir \u015feye gerek yok. Millet bizi nerede bekliyorsa oraya gideriz&#8221; dedi.<\/p>\n\n\n\n<figure class=\"wp-block-image\"><img decoding=\"async\" src=\"https:\/\/foto.sondakika.com\/haber\/2026\/05\/26\/ozgur-ozelin-mitingi-oncesi-cu-19884377-5605_1_m.jpg\" alt=\"\u00d6zg\u00fcr \u00d6zel'in mitingi \u00f6ncesi Cumhuriyet Meydan\u0131 kar\u0131\u015ft\u0131! Kalabal\u0131\u011fa TOMA'l\u0131 m\u00fcdahale\"\/><\/figure>\n\n\n\n<h3 class=\"wp-block-heading\">\u00d6ZEL, G\u00dcNDO\u011eDU MEYDANI&#8217;NA Y\u00dcR\u00dcYOR<\/h3>\n\n\n\n<p class=\"wp-block-paragraph\">M\u00fcdahale s\u0131ras\u0131nda alana gelen \u00d6zg\u00fcr \u00d6zel, E\u015fi Didem ve k\u0131z\u0131 \u0130pek \u00d6zel ile Cumhuriyet Meydan\u0131&#8217;ndan G\u00fcndo\u011fdu Meydan\u0131&#8217;na y\u00fcr\u00fcd\u00fc. \u00d6zel, meydanda toplanan kalabal\u0131\u011fa a\u00e7\u0131klamalarda bulunuyor.<\/p>\n\n\n\n<figure class=\"wp-block-image\"><img decoding=\"async\" src=\"https:\/\/foto.sondakika.com\/haber\/2026\/05\/26\/ozgur-ozelin-mitingi-oncesi-cu-19884377-7914_1_m.jpg\" alt=\"\u00d6zg\u00fcr \u00d6zel'in mitingi \u00f6ncesi Cumhuriyet Meydan\u0131 kar\u0131\u015ft\u0131! Kalabal\u0131\u011fa TOMA'l\u0131 m\u00fcdahale\"\/><\/figure>\n\n\n\n<figure class=\"wp-block-image\"><img decoding=\"async\" src=\"https:\/\/foto.sondakika.com\/haber\/2026\/05\/26\/ozgur-ozelin-mitingi-oncesi-cu-19884377-1660_2_m.jpg\" alt=\"\u00d6zg\u00fcr \u00d6zel'in mitingi \u00f6ncesi Cumhuriyet Meydan\u0131 kar\u0131\u015ft\u0131! Kalabal\u0131\u011fa TOMA'l\u0131 m\u00fcdahale\"\/><\/figure>\n\n\n\n<p class=\"wp-block-paragraph\"><a href=\"https:\/\/www.sondakika.com\/cumhuriyet-halk-partisi\/\"><strong>Cumhuriyet Halk Partisi<\/strong><\/a>,&nbsp;<a href=\"https:\/\/www.sondakika.com\/cumhuriyet-meydani\/\"><strong>Cumhuriyet Meydan\u0131<\/strong><\/a>,&nbsp;<a href=\"https:\/\/www.sondakika.com\/gundogdu-meydani\/\"><strong>G\u00fcndo\u011fdu Meydan\u0131<\/strong><\/a>,&nbsp;<a href=\"https:\/\/www.sondakika.com\/izmir-valiligi\/\"><strong>\u0130zmir Valili\u011fi<\/strong><\/a>,&nbsp;<a href=\"https:\/\/www.sondakika.com\/ozgur-ozel\/\"><strong>\u00d6zg\u00fcr \u00d6zel<\/strong><\/a>,&nbsp;<a href=\"https:\/\/www.sondakika.com\/guncel\/\"><strong>G\u00fcncel<\/strong><\/a>,&nbsp;<a href=\"https:\/\/www.sondakika.com\/polis\/\"><strong>Polis<\/strong><\/a>,&nbsp;<a href=\"https:\/\/www.sondakika.com\/izmir\/\"><strong>\u0130zmir<\/strong><\/a>,&nbsp;<a href=\"https:\/\/www.sondakika.com\/\"><strong>Son Dakika<\/strong><\/a><\/p>\n","protected":false},"excerpt":{"rendered":"<p>Mahkemece tedbiren CHP Genel Ba\u015fkanl\u0131\u011f\u0131 g\u00f6revinden uzakla\u015ft\u0131r\u0131lan \u00d6zg\u00fcr \u00d6zel&#8217;in \u0130zmir Cumhuriyet Meydan\u0131&#8217;nda yapmay\u0131 planlad\u0131\u011f\u0131 mitinge<\/p>\n","protected":false},"author":1,"featured_media":2364,"comment_status":"open","ping_status":"open","sticky":false,"template":"","format":"standard","meta":{"_rtcl_gb_attr":"","footnotes":""},"categories":[43],"tags":[],"class_list":["post-2363","post","type-post","status-publish","format-standard","has-post-thumbnail","hentry","category-son-dakika"],"_links":{"self":[{"href":"https:\/\/turkiyemhaber.com\/index.php?rest_route=\/wp\/v2\/posts\/2363","targetHints":{"allow":["GET"]}}],"collection":[{"href":"https:\/\/turkiyemhaber.com\/index.php?rest_route=\/wp\/v2\/posts"}],"about":[{"href":"https:\/\/turkiyemhaber.com\/index.php?rest_route=\/wp\/v2\/types\/post"}],"author":[{"embeddable":true,"href":"https:\/\/turkiyemhaber.com\/index.php?rest_route=\/wp\/v2\/users\/1"}],"replies":[{"embeddable":true,"href":"https:\/\/turkiyemhaber.com\/index.php?rest_route=%2Fwp%2Fv2%2Fcomments&post=2363"}],"version-history":[{"count":1,"href":"https:\/\/turkiyemhaber.com\/index.php?rest_route=\/wp\/v2\/posts\/2363\/revisions"}],"predecessor-version":[{"id":2365,"href":"https:\/\/turkiyemhaber.com\/index.php?rest_route=\/wp\/v2\/posts\/2363\/revisions\/2365"}],"wp:featuredmedia":[{"embeddable":true,"href":"https:\/\/turkiyemhaber.com\/index.php?rest_route=\/wp\/v2\/media\/2364"}],"wp:attachment":[{"href":"https:\/\/turkiyemhaber.com\/index.php?rest_route=%2Fwp%2Fv2%2Fmedia&parent=2363"}],"wp:term":[{"taxonomy":"category","embeddable":true,"href":"https:\/\/turkiyemhaber.com\/index.php?rest_route=%2Fwp%2Fv2%2Fcategories&post=2363"},{"taxonomy":"post_tag","embeddable":true,"href":"https:\/\/turkiyemhaber.com\/index.php?rest_route=%2Fwp%2Fv2%2Ftags&post=2363"}],"curies":[{"name":"wp","href":"https:\/\/api.w.org\/{rel}","templated":true}]}}