{"id":2351,"date":"2026-05-26T10:23:14","date_gmt":"2026-05-26T10:23:14","guid":{"rendered":"https:\/\/turkiyemhaber.com\/?p=2351"},"modified":"2026-05-26T10:23:19","modified_gmt":"2026-05-26T10:23:19","slug":"mustakil-evde-cikan-yangin-4u-cocuk-6-kisiyi-hayattan-kopardi","status":"publish","type":"post","link":"https:\/\/turkiyemhaber.com\/?p=2351","title":{"rendered":"M\u00fcstakil evde \u00e7\u0131kan yang\u0131n 4&#8217;\u00fc \u00e7ocuk 6 ki\u015fiyi hayattan kopard\u0131"},"content":{"rendered":"\n<p class=\"wp-block-paragraph\">Rusya&#8217;n\u0131n Omsk b\u00f6lgesine ba\u011fl\u0131 Yuryevka k\u00f6y\u00fcnde \u00f6zel bir konutta \u00e7\u0131kan yang\u0131nda 4&#8217;\u00fc \u00e7ocuk 6 ki\u015fi hayat\u0131n\u0131 kaybetti. Olayla ilgili soru\u015fturma ba\u015flat\u0131ld\u0131.<\/p>\n\n\n\n<p class=\"wp-block-paragraph\"><a href=\"https:\/\/www.sondakika.com\/rusya\/\">Rusya<\/a>&#8216;n\u0131n&nbsp;<a href=\"https:\/\/www.sondakika.com\/omsk\/\">Omsk<\/a>&nbsp;\u015fehrinde facia ya\u015fand\u0131. Omsk b\u00f6lgesine ba\u011fl\u0131 Yuryevka k\u00f6y\u00fcnde \u00f6zel bir konutta hen\u00fcz bilinmeyen bir nedenle yang\u0131n \u00e7\u0131kt\u0131.&nbsp;Yang\u0131nda 4&#8217;\u00fc \u00e7ocuk 6 ki\u015fi hayat\u0131n\u0131 kaybetti.&nbsp;<\/p>\n\n\n\n<p class=\"wp-block-paragraph\">Yerel soru\u015fturma komitesinin bildirdi\u011fine g\u00f6re, yang\u0131nda evin 25 ya\u015f\u0131ndaki sahibi, onun bir o\u011flu ve iki k\u0131z\u0131 ile 35 ya\u015f\u0131ndaki arkada\u015f\u0131 ve arkada\u015f\u0131n\u0131n o\u011flu ya\u015fam\u0131n\u0131 yitirdi.<\/p>\n\n\n\n<p class=\"wp-block-paragraph\">Olaya ili\u015fkin soru\u015fturma ba\u015flat\u0131ld\u0131.<\/p>\n","protected":false},"excerpt":{"rendered":"<p>Rusya&#8217;n\u0131n Omsk b\u00f6lgesine ba\u011fl\u0131 Yuryevka k\u00f6y\u00fcnde \u00f6zel bir konutta \u00e7\u0131kan yang\u0131nda 4&#8217;\u00fc \u00e7ocuk 6 ki\u015fi<\/p>\n","protected":false},"author":1,"featured_media":2352,"comment_status":"open","ping_status":"open","sticky":false,"template":"","format":"standard","meta":{"_rtcl_gb_attr":"","footnotes":""},"categories":[65],"tags":[],"class_list":["post-2351","post","type-post","status-publish","format-standard","has-post-thumbnail","hentry","category-dunya"],"_links":{"self":[{"href":"https:\/\/turkiyemhaber.com\/index.php?rest_route=\/wp\/v2\/posts\/2351","targetHints":{"allow":["GET"]}}],"collection":[{"href":"https:\/\/turkiyemhaber.com\/index.php?rest_route=\/wp\/v2\/posts"}],"about":[{"href":"https:\/\/turkiyemhaber.com\/index.php?rest_route=\/wp\/v2\/types\/post"}],"author":[{"embeddable":true,"href":"https:\/\/turkiyemhaber.com\/index.php?rest_route=\/wp\/v2\/users\/1"}],"replies":[{"embeddable":true,"href":"https:\/\/turkiyemhaber.com\/index.php?rest_route=%2Fwp%2Fv2%2Fcomments&post=2351"}],"version-history":[{"count":1,"href":"https:\/\/turkiyemhaber.com\/index.php?rest_route=\/wp\/v2\/posts\/2351\/revisions"}],"predecessor-version":[{"id":2353,"href":"https:\/\/turkiyemhaber.com\/index.php?rest_route=\/wp\/v2\/posts\/2351\/revisions\/2353"}],"wp:featuredmedia":[{"embeddable":true,"href":"https:\/\/turkiyemhaber.com\/index.php?rest_route=\/wp\/v2\/media\/2352"}],"wp:attachment":[{"href":"https:\/\/turkiyemhaber.com\/index.php?rest_route=%2Fwp%2Fv2%2Fmedia&parent=2351"}],"wp:term":[{"taxonomy":"category","embeddable":true,"href":"https:\/\/turkiyemhaber.com\/index.php?rest_route=%2Fwp%2Fv2%2Fcategories&post=2351"},{"taxonomy":"post_tag","embeddable":true,"href":"https:\/\/turkiyemhaber.com\/index.php?rest_route=%2Fwp%2Fv2%2Ftags&post=2351"}],"curies":[{"name":"wp","href":"https:\/\/api.w.org\/{rel}","templated":true}]}}