{"id":2348,"date":"2026-05-26T10:19:30","date_gmt":"2026-05-26T10:19:30","guid":{"rendered":"https:\/\/turkiyemhaber.com\/?p=2348"},"modified":"2026-05-26T10:19:34","modified_gmt":"2026-05-26T10:19:34","slug":"ozgur-ozelden-izmirde-govde-gosterisi-valiligin-itirazina-jet-yanit-geldi","status":"publish","type":"post","link":"https:\/\/turkiyemhaber.com\/?p=2348","title":{"rendered":"\u00d6zg\u00fcr \u00d6zel&#8217;den \u0130zmir&#8217;de g\u00f6vde g\u00f6sterisi! Valili\u011fin itiraz\u0131na jet yan\u0131t geldi"},"content":{"rendered":"\n<p class=\"wp-block-paragraph\">CHP Genel Ba\u015fkan\u0131 \u00d6zg\u00fcr \u00d6zel, \u201cmutlak butlan\u201d karar\u0131 sonras\u0131 ilk b\u00fcy\u00fck mitingini bug\u00fcn saat 12.00\u2019de \u0130zmir Cumhuriyet Meydan\u0131\u2019nda d\u00fczenleyecek. \u0130zmir Valili\u011fi, miting i\u00e7in Cumhuriyet Meydan\u0131\u2019na izin vermeyerek G\u00fcndo\u011fdu Meydan\u0131\u2019n\u0131 \u00f6nerdi. Ancak CHP y\u00f6netimi miting yerini de\u011fi\u015ftirmeme karar\u0131 ald\u0131. \u00d6zel\u2019in yeni s\u00fcre\u00e7te meydan mesaj\u0131n\u0131 \u0130zmir\u2019den vermesi bekleniyor.<\/p>\n\n\n\n<p class=\"wp-block-paragraph\">CHP\u2019de \u201cmutlak butlan\u201d karar\u0131 sonras\u0131 ba\u015flayan yeni s\u00fcre\u00e7te g\u00f6zler \u00d6zg\u00fcr \u00d6zel\u2019in ataca\u011f\u0131 ad\u0131mlara \u00e7evrildi. Genel ba\u015fkanl\u0131k g\u00f6revini kaybeden \u00d6zel, ilk planl\u0131 mitingini bug\u00fcn \u0130zmir\u2019de ger\u00e7ekle\u015ftirecek.<\/p>\n\n\n\n<p class=\"wp-block-paragraph\">CHP Genel Merkezi \u00f6n\u00fcnde yapt\u0131\u011f\u0131 a\u00e7\u0131klamada \u201cBundan sonra meydanlarda, sokaklarda olaca\u011f\u0131z\u201d diyen \u00d6zel\u2019in, yeni d\u00f6nemin ilk b\u00fcy\u00fck bulu\u015fmas\u0131n\u0131 \u0130zmir\u2019den ba\u015flataca\u011f\u0131 belirtildi.<\/p>\n\n\n\n<h3 class=\"wp-block-heading\">CHP&#8217;L\u0130 BA\u015eKAN \u00c7A\u011eRI YAPTI<\/h3>\n\n\n\n<p class=\"wp-block-paragraph\">CHP \u0130zmir \u0130l Ba\u015fkan\u0131 \u00c7a\u011fatay G\u00fc\u00e7, \u00d6zg\u00fcr \u00d6zel\u2019in bug\u00fcn \u0130zmir\u2019e gelece\u011fini duyurarak vatanda\u015flar\u0131 saat 12.00\u2019de Cumhuriyet Meydan\u0131\u2019na \u00e7a\u011f\u0131rd\u0131.<\/p>\n\n\n\n<p class=\"wp-block-paragraph\">G\u00fc\u00e7, yapt\u0131\u011f\u0131 a\u00e7\u0131klamada, \u201cBug\u00fcn \u0130zmir\u2019deki t\u00fcm vatanda\u015flar\u0131m\u0131z\u0131 Cumhuriyet Meydan\u0131\u2019na bekliyoruz. Saat 12.00\u2019de Say\u0131n \u00d6zg\u00fcr \u00d6zel\u2019i hep birlikte \u0130zmir\u2019de kar\u015f\u0131layaca\u011f\u0131z\u201d ifadelerini kulland\u0131.<\/p>\n\n\n\n<figure class=\"wp-block-image\"><img decoding=\"async\" src=\"https:\/\/foto.sondakika.com\/haber\/2026\/05\/26\/ozgur-ozelden-izmirde-govde-go-19883607-2026_1_m.jpg\" alt=\"\u00d6zg\u00fcr \u00d6zel'den \u0130zmir'de g\u00f6vde g\u00f6sterisi! Valili\u011fin itiraz\u0131na jet yan\u0131t geldi\"\/><\/figure>\n\n\n\n<h3 class=\"wp-block-heading\">VAL\u0130L\u0130KTEN CUMHUR\u0130YET MEYDANI KARARI<\/h3>\n\n\n\n<p class=\"wp-block-paragraph\">\u0130zmir Valili\u011fi\u2019nin, CHP\u2019nin Cumhuriyet Meydan\u0131\u2019nda miting d\u00fczenleme talebine izin vermedi\u011fi \u00f6\u011frenildi. Valili\u011fin, meydana s\u0131n\u0131rl\u0131 say\u0131da ki\u015finin al\u0131nabilece\u011fini belirterek miting i\u00e7in G\u00fcndo\u011fdu Meydan\u0131\u2019n\u0131 \u00f6nerdi\u011fi aktar\u0131ld\u0131.<\/p>\n\n\n\n<p class=\"wp-block-paragraph\">CHP y\u00f6netimi ise mitingin adresinin de\u011fi\u015fmeyece\u011fini a\u00e7\u0131klad\u0131. \u00d6zg\u00fcr \u00d6zel\u2019in program\u0131n Cumhuriyet Meydan\u0131\u2019nda yap\u0131laca\u011f\u0131n\u0131 valili\u011fe bildirdi\u011fi belirtildi.<\/p>\n\n\n\n<h3 class=\"wp-block-heading\">\u0130LK B\u00dcY\u00dcK BULU\u015eMA<\/h3>\n\n\n\n<p class=\"wp-block-paragraph\">CHP cephesi, Genel Merkez\u2019e y\u00f6nelik m\u00fcdahalenin ard\u0131ndan ilk b\u00fcy\u00fck halk bulu\u015fmas\u0131n\u0131 \u0130zmir\u2019de ger\u00e7ekle\u015ftirecek. Parti y\u00f6netimi, \u0130zmir program\u0131n\u0131 yeni s\u00fcrecin ilk meydan mesaj\u0131 olarak de\u011ferlendiriyor.<\/p>\n\n\n\n<p class=\"wp-block-paragraph\">\u00d6zg\u00fcr \u00d6zel\u2019in \u0130zmir program\u0131n\u0131n ard\u0131ndan 26 May\u0131s Sal\u0131 g\u00fcn\u00fc saat 17.00\u2019de Manisa\u2019da yurtta\u015flarla bir araya gelmesi bekleniyor.<\/p>\n","protected":false},"excerpt":{"rendered":"<p>CHP Genel Ba\u015fkan\u0131 \u00d6zg\u00fcr \u00d6zel, \u201cmutlak butlan\u201d karar\u0131 sonras\u0131 ilk b\u00fcy\u00fck mitingini bug\u00fcn saat 12.00\u2019de<\/p>\n","protected":false},"author":1,"featured_media":2349,"comment_status":"open","ping_status":"open","sticky":false,"template":"","format":"standard","meta":{"_rtcl_gb_attr":"","footnotes":""},"categories":[44],"tags":[],"class_list":["post-2348","post","type-post","status-publish","format-standard","has-post-thumbnail","hentry","category-politika"],"_links":{"self":[{"href":"https:\/\/turkiyemhaber.com\/index.php?rest_route=\/wp\/v2\/posts\/2348","targetHints":{"allow":["GET"]}}],"collection":[{"href":"https:\/\/turkiyemhaber.com\/index.php?rest_route=\/wp\/v2\/posts"}],"about":[{"href":"https:\/\/turkiyemhaber.com\/index.php?rest_route=\/wp\/v2\/types\/post"}],"author":[{"embeddable":true,"href":"https:\/\/turkiyemhaber.com\/index.php?rest_route=\/wp\/v2\/users\/1"}],"replies":[{"embeddable":true,"href":"https:\/\/turkiyemhaber.com\/index.php?rest_route=%2Fwp%2Fv2%2Fcomments&post=2348"}],"version-history":[{"count":1,"href":"https:\/\/turkiyemhaber.com\/index.php?rest_route=\/wp\/v2\/posts\/2348\/revisions"}],"predecessor-version":[{"id":2350,"href":"https:\/\/turkiyemhaber.com\/index.php?rest_route=\/wp\/v2\/posts\/2348\/revisions\/2350"}],"wp:featuredmedia":[{"embeddable":true,"href":"https:\/\/turkiyemhaber.com\/index.php?rest_route=\/wp\/v2\/media\/2349"}],"wp:attachment":[{"href":"https:\/\/turkiyemhaber.com\/index.php?rest_route=%2Fwp%2Fv2%2Fmedia&parent=2348"}],"wp:term":[{"taxonomy":"category","embeddable":true,"href":"https:\/\/turkiyemhaber.com\/index.php?rest_route=%2Fwp%2Fv2%2Fcategories&post=2348"},{"taxonomy":"post_tag","embeddable":true,"href":"https:\/\/turkiyemhaber.com\/index.php?rest_route=%2Fwp%2Fv2%2Ftags&post=2348"}],"curies":[{"name":"wp","href":"https:\/\/api.w.org\/{rel}","templated":true}]}}