{"id":2345,"date":"2026-05-26T10:16:11","date_gmt":"2026-05-26T10:16:11","guid":{"rendered":"https:\/\/turkiyemhaber.com\/?p=2345"},"modified":"2026-05-26T10:16:15","modified_gmt":"2026-05-26T10:16:15","slug":"sibel-can-sahnede-costu-yillar-ona-yariyor","status":"publish","type":"post","link":"https:\/\/turkiyemhaber.com\/?p=2345","title":{"rendered":"Sibel Can sahnede co\u015ftu: Y\u0131llar ona yar\u0131yor"},"content":{"rendered":"\n<p class=\"wp-block-paragraph\">55 ya\u015f\u0131ndaki Sibel Can, son konserindeki enerjisi ve sahnedeki danslar\u0131yla izleyenleri kendine hayran b\u0131rakt\u0131. Co\u015fkulu tav\u0131rlar\u0131yla dikkat \u00e7eken \u00fcnl\u00fc sanat\u00e7\u0131, performans\u0131yla \u201cY\u0131llar ona yar\u0131yor\u201d yorumlar\u0131n\u0131 beraberinde getirdi. Konserden payla\u015f\u0131lan g\u00f6r\u00fcnt\u00fcler k\u0131sa s\u00fcrede b\u00fcy\u00fck ilgi g\u00f6rd\u00fc.<\/p>\n\n\n\n<p class=\"wp-block-paragraph\">T\u00fcrk m\u00fczi\u011finin g\u00fc\u00e7l\u00fc isimlerinden&nbsp;<a href=\"https:\/\/www.sondakika.com\/sibel-can\/\">Sibel Can<\/a>, sahnedeki enerjisiyle bir kez daha dikkatleri \u00fczerine \u00e7ekti. 55 ya\u015f\u0131ndaki sanat\u00e7\u0131, son konserinde sergiledi\u011fi performans ve e\u011flenceli tav\u0131rlar\u0131yla hayranlar\u0131ndan tam not ald\u0131.<\/p>\n\n\n\n<p class=\"wp-block-paragraph\">Sahne boyunca dans eden ve izleyicilerle s\u0131k s\u0131k ileti\u015fim kuran Sibel Can, salonu dolduran dinleyicilere unutulmaz anlar ya\u015fatt\u0131. Sevilen \u015fark\u0131lar\u0131n\u0131 seslendiren sanat\u00e7\u0131, co\u015fkulu halleriyle geceye damga vurdu.<\/p>\n\n\n\n<figure class=\"wp-block-image\"><img decoding=\"async\" src=\"https:\/\/foto.sondakika.com\/haber\/2026\/05\/26\/sibel-can-sahnede-costu-yillar-14784267-9127_1_m.jpg\" alt=\"Sibel Can sahnede co\u015ftu: Y\u0131llar ona yar\u0131yor\"\/><\/figure>\n\n\n\n<h3 class=\"wp-block-heading\">\u201cYILLAR ONA YARIYOR\u201d&nbsp;<\/h3>\n\n\n\n<p class=\"wp-block-paragraph\">Konser s\u0131ras\u0131nda ne\u015feli tav\u0131rlar\u0131 ve bitmeyen enerjisiyle dikkat \u00e7eken Sibel Can, izleyicilerden b\u00fcy\u00fck alk\u0131\u015f ald\u0131.&nbsp;Payla\u015f\u0131lan konser g\u00f6r\u00fcnt\u00fcleri k\u0131sa s\u00fcrede yo\u011fun ilgi g\u00f6r\u00fcrken, bir\u00e7ok ki\u015fi sanat\u00e7\u0131n\u0131n sahne performans\u0131na \u00f6vg\u00fc dolu yorumlar yapt\u0131. Hayranlar\u0131, \u201cY\u0131llara meydan okuyor\u201d ve \u201cSahnenin en enerjik isimlerinden biri\u201d ifadeleriyle Sibel Can\u2019\u0131n enerjisine dikkat \u00e7ekti.<\/p>\n\n\n\n<figure class=\"wp-block-image\"><img decoding=\"async\" src=\"https:\/\/foto.sondakika.com\/haber\/2026\/05\/26\/sibel-can-sahnede-costu-yillar-14902720-8285_1_m.jpg\" alt=\"Sibel Can sahnede co\u015ftu: Y\u0131llar ona yar\u0131yor\"\/><\/figure>\n\n\n\n<p class=\"wp-block-paragraph\">Y\u0131llard\u0131r sahne performanslar\u0131yla konu\u015fulan Sibel Can, son g\u00f6r\u00fcnt\u00fcleriyle bir kez daha ad\u0131ndan s\u00f6z ettirmeyi ba\u015fard\u0131. \u00dcnl\u00fc sanat\u00e7\u0131n\u0131n sahnedeki co\u015fkusu ve danslar\u0131, izleyenlerden tam not ald\u0131.<\/p>\n","protected":false},"excerpt":{"rendered":"<p>55 ya\u015f\u0131ndaki Sibel Can, son konserindeki enerjisi ve sahnedeki danslar\u0131yla izleyenleri kendine hayran b\u0131rakt\u0131. Co\u015fkulu<\/p>\n","protected":false},"author":1,"featured_media":2346,"comment_status":"open","ping_status":"open","sticky":false,"template":"","format":"standard","meta":{"_rtcl_gb_attr":"","footnotes":""},"categories":[41],"tags":[],"class_list":["post-2345","post","type-post","status-publish","format-standard","has-post-thumbnail","hentry","category-magazin"],"_links":{"self":[{"href":"https:\/\/turkiyemhaber.com\/index.php?rest_route=\/wp\/v2\/posts\/2345","targetHints":{"allow":["GET"]}}],"collection":[{"href":"https:\/\/turkiyemhaber.com\/index.php?rest_route=\/wp\/v2\/posts"}],"about":[{"href":"https:\/\/turkiyemhaber.com\/index.php?rest_route=\/wp\/v2\/types\/post"}],"author":[{"embeddable":true,"href":"https:\/\/turkiyemhaber.com\/index.php?rest_route=\/wp\/v2\/users\/1"}],"replies":[{"embeddable":true,"href":"https:\/\/turkiyemhaber.com\/index.php?rest_route=%2Fwp%2Fv2%2Fcomments&post=2345"}],"version-history":[{"count":1,"href":"https:\/\/turkiyemhaber.com\/index.php?rest_route=\/wp\/v2\/posts\/2345\/revisions"}],"predecessor-version":[{"id":2347,"href":"https:\/\/turkiyemhaber.com\/index.php?rest_route=\/wp\/v2\/posts\/2345\/revisions\/2347"}],"wp:featuredmedia":[{"embeddable":true,"href":"https:\/\/turkiyemhaber.com\/index.php?rest_route=\/wp\/v2\/media\/2346"}],"wp:attachment":[{"href":"https:\/\/turkiyemhaber.com\/index.php?rest_route=%2Fwp%2Fv2%2Fmedia&parent=2345"}],"wp:term":[{"taxonomy":"category","embeddable":true,"href":"https:\/\/turkiyemhaber.com\/index.php?rest_route=%2Fwp%2Fv2%2Fcategories&post=2345"},{"taxonomy":"post_tag","embeddable":true,"href":"https:\/\/turkiyemhaber.com\/index.php?rest_route=%2Fwp%2Fv2%2Ftags&post=2345"}],"curies":[{"name":"wp","href":"https:\/\/api.w.org\/{rel}","templated":true}]}}