{"id":2333,"date":"2026-05-26T10:01:00","date_gmt":"2026-05-26T10:01:00","guid":{"rendered":"https:\/\/turkiyemhaber.com\/?p=2333"},"modified":"2026-05-26T10:01:04","modified_gmt":"2026-05-26T10:01:04","slug":"guzelbahce-belediyesi-sorusturmasinda-yeni-detaylar-sahte-fotograflarla-ruhsat-aldilar","status":"publish","type":"post","link":"https:\/\/turkiyemhaber.com\/?p=2333","title":{"rendered":"G\u00fczelbah\u00e7e Belediyesi soru\u015fturmas\u0131nda yeni detaylar: Sahte foto\u011fraflarla ruhsat ald\u0131lar"},"content":{"rendered":"\n<p class=\"wp-block-paragraph\">\u0130zmir Cumhuriyet Ba\u015fsavc\u0131l\u0131\u011f\u0131\u2019n\u0131n G\u00fczelbah\u00e7e Belediyesi\u2019ne y\u00f6nelik y\u00fcr\u00fctt\u00fc\u011f\u00fc r\u00fc\u015fvet ve yolsuzluk soru\u015fturmas\u0131nda tan\u0131k ifadeleri dosyaya damga vurdu. Tan\u0131k S.K., sahte foto\u011fraflarla bakanl\u0131k sisteminden onay al\u0131nd\u0131\u011f\u0131n\u0131, imara ayk\u0131r\u0131 yap\u0131lar\u0131n \u201ckoruma g\u00fcvencesiyle\u201d b\u00fcy\u00fct\u00fcld\u00fc\u011f\u00fcn\u00fc ve baz\u0131 \u015firketlerin belediyeyle yak\u0131n ili\u015fkiler kurdu\u011funu \u00f6ne s\u00fcrd\u00fc. Dosyada CHP Genel Ba\u015fkan Yard\u0131mc\u0131s\u0131 Veli A\u011fbaba\u2019ya ili\u015fkin dikkat \u00e7eken ifadeler de yer ald\u0131.<\/p>\n\n\n\n<p class=\"wp-block-paragraph\"><a href=\"https:\/\/www.sondakika.com\/izmir\/\">\u0130zmir<\/a>&#8216;in&nbsp;<a href=\"https:\/\/www.sondakika.com\/guzelbahce\/\">G\u00fczelbah\u00e7e<\/a>&nbsp;Belediyesine y\u00f6nelik &#8220;su\u00e7 i\u015flemek amac\u0131yla \u00f6rg\u00fct kurma ve \u00f6rg\u00fcte \u00fcye olma&#8221;, &#8220;r\u00fc\u015fvet&#8221;, &#8220;g\u00f6revi k\u00f6t\u00fcye kullanma&#8221; ve &#8220;imar kirlili\u011fine neden olma&#8221; su\u00e7lar\u0131na ili\u015fkin soru\u015fturma kapsam\u0131nda, aralar\u0131nda G\u00fczelbah\u00e7e Belediye Ba\u015fkan\u0131 Mustafa G\u00fcnay, e\u015fi Nermin G\u00fcnay, bir \u00f6nceki d\u00f6nem belediye ba\u015fkan\u0131 \u00d6zdem Mustafa \u0130nce ve imar m\u00fcd\u00fcr\u00fcn\u00fcn de aralar\u0131nda bulundu\u011fu 5 ki\u015fi g\u00f6zalt\u0131na al\u0131nd\u0131.&nbsp;<\/p>\n\n\n\n<p class=\"wp-block-paragraph\"><strong>Soru\u015fturma kapsam\u0131nda hakk\u0131nda g\u00f6zalt\u0131 karar\u0131 verilen isimler \u015f\u00f6yle:<\/strong><\/p>\n\n\n\n<ul class=\"wp-block-list\">\n<li>Mustafa G\u00dcNAY (\u0130zmir G\u00fczelbah\u00e7e Belediye B\u015fk.) &#8211; G\u00f6zalt\u0131<\/li>\n\n\n\n<li>Nermin G\u00dcNAY (Belediye B\u015fk. E\u015fi) &#8211; G\u00f6zalt\u0131<\/li>\n\n\n\n<li>\u00d6zdem Mustafa \u0130NCE (G\u00fczelbah\u00e7e Eski Belediye B\u015fk.) &#8211; G\u00f6zalt\u0131<\/li>\n\n\n\n<li>\u00d6zg\u00fcr BAYRAKTAR (\u0130mar ve \u015eehircilik M\u00fcd\u00fcr\u00fc) &#8211; G\u00f6zalt\u0131<\/li>\n\n\n\n<li>Sezgin KU\u015e (Zab\u0131ta M\u00fcd\u00fcr\u00fc) &#8211; G\u00f6zalt\u0131<\/li>\n\n\n\n<li>Gizem G\u00d6\u00c7T\u00dc (Belediye Meclis \u00dcyesi) &#8211; Yakalama karar\u0131<\/li>\n\n\n\n<li>\u015eamil G\u00d6\u00c7T\u00dc (M\u0130RYA Grup Yetkilisi) &#8211; Yakalama karar\u0131<\/li>\n<\/ul>\n\n\n\n<p class=\"wp-block-paragraph\"><a href=\"https:\/\/www.sondakika.com\/guncel\/haber-izmirin-guzelbahce-belediyesine-operasyon-chpli-19883228\/\" target=\"_blank\" rel=\"noreferrer noopener\">G\u00fczelbah\u00e7e Belediyesi&#8217;ne operasyon! Ba\u015fkan dahil \u00e7ok say\u0131da ki\u015fi g\u00f6zalt\u0131nda<\/a><\/p>\n\n\n\n<figure class=\"wp-block-image\"><img decoding=\"async\" src=\"https:\/\/foto.sondakika.com\/haber\/2026\/05\/26\/guzelbahce-belediyesi-sorustur-19884388-8586_1_m.jpg\" alt=\"G\u00fczelbah\u00e7e Belediyesi soru\u015fturmas\u0131nda yeni detaylar: Sahte foto\u011fraflarla ruhsat ald\u0131lar\"\/><\/figure>\n\n\n\n<p class=\"wp-block-paragraph\">Soru\u015fturmaya ili\u015fkin yeni detaylar ortaya \u00e7\u0131kt\u0131. Dosyaya giren tan\u0131k ifadesine g\u00f6re sahte foto\u011fraflarla bakanl\u0131k sisteminden onay al\u0131nd\u0131\u011f\u0131 \u00f6ne s\u00fcr\u00fcld\u00fc.&nbsp;<\/p>\n\n\n\n<h3 class=\"wp-block-heading\">TANIK \u0130FADES\u0130 ORTAYA \u00c7IKTI<\/h3>\n\n\n\n<p class=\"wp-block-paragraph\">\u0130zmir Cumhuriyet Ba\u015fsavc\u0131l\u0131\u011f\u0131 Ter\u00f6r ve \u00d6rg\u00fctl\u00fc Su\u00e7lar Soru\u015fturma B\u00fcrosu taraf\u0131ndan G\u00fczelbah\u00e7e Belediyesi\u2019ne y\u00f6nelik y\u00fcr\u00fct\u00fclen r\u00fc\u015fvet ve yolsuzluk soru\u015fturmas\u0131nda yeni detaylar ortaya \u00e7\u0131kt\u0131. Soru\u015fturma kapsam\u0131nda ifade veren tan\u0131k S.K., belediyedeki imar, ruhsat ve yap\u0131 kullan\u0131m izin s\u00fcre\u00e7lerine ili\u015fkin dikkat \u00e7eken iddialarda bulundu.<\/p>\n\n\n\n<p class=\"wp-block-paragraph\">Tan\u0131k S.K., 2022-2025 y\u0131llar\u0131 aras\u0131nda Sinan Karahan isimli ki\u015finin yan\u0131nda in\u015faat takip ve gayrimenkul i\u015fleriyle ilgilendi\u011fini belirterek, belediye i\u00e7erisindeki baz\u0131 isimler ve ba\u011flant\u0131l\u0131 ki\u015filer arac\u0131l\u0131\u011f\u0131yla imara ayk\u0131r\u0131 yap\u0131la\u015fmalar\u0131n organize edildi\u011fini \u00f6ne s\u00fcrd\u00fc.<\/p>\n\n\n\n<h3 class=\"wp-block-heading\">\u201c\u0130\u015eLER\u0130N HIZLI \u00c7\u00d6Z\u00dcLECE\u011e\u0130\u201d G\u00dcVENCES\u0130 \u0130DD\u0130ASI<\/h3>\n\n\n\n<p class=\"wp-block-paragraph\">Tan\u0131k ifadesine g\u00f6re \u015eamil G\u00f6\u00e7t\u00fc isimli ki\u015fi, s\u00fcre\u00e7te kendileriyle ba\u011flant\u0131ya ge\u00e7erek \u201ci\u015flerin h\u0131zl\u0131 ve kolay \u00e7\u00f6z\u00fclece\u011fi\u201d y\u00f6n\u00fcnde g\u00fcvence verdi. Bu g\u00fcvence sonras\u0131 imar \u00fcst s\u0131n\u0131r\u0131n\u0131n a\u015f\u0131ld\u0131\u011f\u0131n\u0131 ve yap\u0131lar\u0131n b\u00fcy\u00fct\u00fcld\u00fc\u011f\u00fcn\u00fc \u00f6ne s\u00fcren S.K., s\u00fcre\u00e7 i\u00e7erisinde \u201cYal\u0131 Bal\u0131k\u201d ad\u0131na para transferi yap\u0131ld\u0131\u011f\u0131n\u0131 da savc\u0131l\u0131\u011fa anlatt\u0131.<\/p>\n\n\n\n<p class=\"wp-block-paragraph\">S.K., imara ayk\u0131r\u0131 yap\u0131la\u015fmalar sonras\u0131 C\u0130MER\u2019e yap\u0131lan \u015fikayet nedeniyle idari ve adli s\u00fcre\u00e7 ba\u015flat\u0131ld\u0131\u011f\u0131n\u0131 belirterek, belediye y\u00f6netimiyle g\u00f6r\u00fc\u015fme ger\u00e7ekle\u015ftirildi\u011fini s\u00f6yledi. \u0130ddiaya g\u00f6re belediye yetkilileri, \u201c\u015fikayet nedeniyle i\u015flem yapmak zorunda olduklar\u0131n\u0131 ancak yard\u0131mlar\u0131n s\u00fcrmesi halinde minimum ceza uygulanaca\u011f\u0131n\u0131\u201d ifade etti.<\/p>\n\n\n\n<p class=\"wp-block-paragraph\"><img decoding=\"async\" alt=\"G\u00fczelbah\u00e7e il\u00e7esi belediye ba\u015fkan\u0131 Mustafa G\u00fcnay (sa\u011fda)\" src=\"https:\/\/foto.sondakika.com\/haber\/2026\/05\/26\/guzelbahce-belediyesi-sorustur-19884388-2988_1_m.jpg\">G\u00fczelbah\u00e7e il\u00e7esi belediye ba\u015fkan\u0131 Mustafa G\u00fcnay (sa\u011fda)<\/p>\n\n\n\n<h3 class=\"wp-block-heading\">\u201cMUAMELEC\u0130LER DOSYALARI TA\u015eIYORDU\u201d<\/h3>\n\n\n\n<p class=\"wp-block-paragraph\">Tan\u0131\u011f\u0131n ifadesinde belediyedeki ruhsat ve iskan s\u00fcre\u00e7lerine ili\u015fkin de dikkat \u00e7ekici anlat\u0131mlar yer ald\u0131. S.K., \u201cmuameleci\u201d olarak adland\u0131r\u0131lan arac\u0131lar \u00fczerinden m\u00fcteahhitlerden dosyalar\u0131n topland\u0131\u011f\u0131n\u0131 ve belediyedeki ilgili ki\u015filere ula\u015ft\u0131r\u0131ld\u0131\u011f\u0131n\u0131 \u00f6ne s\u00fcrd\u00fc.<\/p>\n\n\n\n<p class=\"wp-block-paragraph\">\u0130ddiaya g\u00f6re belediyeden ya da ba\u011flant\u0131l\u0131 \u015firketlerden talep edilen paralar bu arac\u0131lar vas\u0131tas\u0131yla toplanarak ilgili ki\u015filere teslim edildi. Dosyada Mirya \u0130n\u015faat ve G\u00fcnay Grup isimleri de ge\u00e7ti.<\/p>\n\n\n\n<p class=\"wp-block-paragraph\">Tan\u0131k ayr\u0131ca belediye kar\u015f\u0131s\u0131nda ofisleri bulundu\u011funu s\u00f6yledi\u011fi baz\u0131 ki\u015filerin, belediye imar birimi ve siyasi isimlerle yak\u0131n ili\u015fki i\u00e7erisinde hareket etti\u011fini ileri s\u00fcrd\u00fc.<\/p>\n\n\n\n<h3 class=\"wp-block-heading\">\u201cSAHTE FOTO\u011eRAFLARLA BAKANLIK ONAYI ALINDI\u201d<\/h3>\n\n\n\n<p class=\"wp-block-paragraph\">Soru\u015fturma dosyas\u0131ndaki en dikkat \u00e7eken iddialardan biri ise yap\u0131 ruhsat s\u00fcre\u00e7lerinde \u201csahte foto\u011fraf\u201d kullan\u0131ld\u0131\u011f\u0131 y\u00f6n\u00fcndeki beyanlar oldu.<\/p>\n\n\n\n<p class=\"wp-block-paragraph\">Tan\u0131k S.K.\u2019ye g\u00f6re projeler \u00f6nce mevzuata uygunmu\u015f gibi g\u00f6sterildi, ard\u0131ndan daha \u00f6nce yap\u0131lm\u0131\u015f ba\u015fka yap\u0131lara ait foto\u011fraflar yeni projeye aitmi\u015f gibi sisteme y\u00fcklenerek bakanl\u0131k onay\u0131 al\u0131nd\u0131. Belediyenin de bu onay numaralar\u0131 \u00fczerinden yap\u0131 kullan\u0131m izinlerini verdi\u011fi iddia edildi.<\/p>\n\n\n\n<p class=\"wp-block-paragraph\">S.K., daha sonra yap\u0131lar\u0131n yeniden s\u00f6k\u00fcl\u00fcp b\u00fcy\u00fct\u00fcld\u00fc\u011f\u00fcn\u00fc ve b\u00f6ylece imara ayk\u0131r\u0131 kullan\u0131m alanlar\u0131 olu\u015fturuldu\u011funu \u00f6ne s\u00fcrd\u00fc.<\/p>\n\n\n\n<p class=\"wp-block-paragraph\"><img decoding=\"async\" alt=\"G\u00fczelbah\u00e7e il\u00e7esi belediye ba\u015fkan\u0131 Mustafa G\u00fcnay\" src=\"https:\/\/foto.sondakika.com\/haber\/2026\/05\/26\/guzelbahce-belediyesi-sorustur-19884388-7110_1_m.jpg\">G\u00fczelbah\u00e7e il\u00e7esi belediye ba\u015fkan\u0131 Mustafa G\u00fcnay<\/p>\n\n\n\n<h3 class=\"wp-block-heading\">\u201cR\u00dc\u015eVET KAR\u015eILI\u011eI L\u00dcKS ARA\u00c7 VER\u0130LD\u0130\u201d \u0130DD\u0130ASI<\/h3>\n\n\n\n<p class=\"wp-block-paragraph\">Tan\u0131k ifadesinde baz\u0131 \u015firketler ve m\u00fcteahhitlerle ilgili ciddi r\u00fc\u015fvet iddialar\u0131 da yer ald\u0131. S.K., \u201cBambu Bah\u00e7e Mobilyalar\u0131\u201d isimli firmayla ba\u011flant\u0131l\u0131 bir ki\u015finin belediye ba\u015fkan\u0131na Mercedes Maybach Vito tipi ara\u00e7 verdi\u011fini ileri s\u00fcrd\u00fc.<\/p>\n\n\n\n<p class=\"wp-block-paragraph\">\u0130ddiaya g\u00f6re bu arac\u0131n, imara ayk\u0131r\u0131 b\u00fcy\u00fck yap\u0131la\u015fmalara g\u00f6z yumulmas\u0131 kar\u015f\u0131l\u0131\u011f\u0131nda verildi\u011fi \u00f6ne s\u00fcr\u00fcld\u00fc.<\/p>\n\n\n\n<h3 class=\"wp-block-heading\">DOSYADA VEL\u0130 A\u011eBABA DETAYI<\/h3>\n\n\n\n<p class=\"wp-block-paragraph\">Soru\u015fturma dosyas\u0131nda CHP Genel Ba\u015fkan Yard\u0131mc\u0131s\u0131 ve Malatya Milletvekili Veli A\u011fbaba\u2019n\u0131n ad\u0131 da ge\u00e7ti. Tan\u0131k S.K., Sinan Karahan\u2019\u0131n anlatt\u0131\u011f\u0131 \u201cr\u00fc\u015fvet ili\u015fkileri\u201d kapsam\u0131nda Veli A\u011fbaba\u2019n\u0131n do\u011frudan para ald\u0131\u011f\u0131na dair somut bir bilgileri olmad\u0131\u011f\u0131n\u0131 s\u00f6yledi.<\/p>\n\n\n\n<p class=\"wp-block-paragraph\">Ancak tan\u0131k, G\u00fczelbah\u00e7e Belediye Ba\u015fkan\u0131 Mustafa G\u00fcnay ile Veli A\u011fbaba\u2019n\u0131n birbirlerini desteklediklerini \u00f6ne s\u00fcrd\u00fc. \u0130fadede, \u201cVeli A\u011fbaba\u2019n\u0131n buradan r\u00fc\u015fvet ald\u0131\u011f\u0131na dair somut ve ger\u00e7ek\u00e7i bir bilgimiz yok\u201d denildi.<\/p>\n\n\n\n<h3 class=\"wp-block-heading\">BELED\u0130YE Y\u00d6NET\u0130M\u0130 VE \u015e\u0130RKETLER DOSYADA<\/h3>\n\n\n\n<p class=\"wp-block-paragraph\">Tan\u0131k ifadesinde G\u00fczelbah\u00e7e Belediye Ba\u015fkan\u0131 Mustafa G\u00fcnay, \u0130mar M\u00fcd\u00fcr\u00fc \u00d6zg\u00fcr Bayraktar, belediye meclis \u00fcyesi Gizem G\u00f6\u00e7t\u00fc ve \u015eamil G\u00f6\u00e7t\u00fc\u2019n\u00fcn isimleri de soru\u015fturma kapsam\u0131nda yer ald\u0131.<\/p>\n\n\n\n<p class=\"wp-block-paragraph\">Dosyada ayr\u0131ca Y. \u0130n\u015faat, F. \u0130n\u015faat, E. \u0130n\u015faat ve G. Grup isimli \u015firketlerin ad\u0131 ge\u00e7ti. Tan\u0131k S.K., baz\u0131 olaylara do\u011frudan \u015fahit oldu\u011funu, baz\u0131 bilgileri ise sekt\u00f6r i\u00e7erisindeki duyum ve konu\u015fmalardan \u00f6\u011frendi\u011fini ifade etti.<\/p>\n\n\n\n<p class=\"wp-block-paragraph\">Savc\u0131l\u0131\u011f\u0131n soru\u015fturmay\u0131 \u00e7ok y\u00f6nl\u00fc \u015fekilde s\u00fcrd\u00fcrd\u00fc\u011f\u00fc \u00f6\u011frenildi.<\/p>\n\n\n\n<figure class=\"wp-block-image\"><img decoding=\"async\" src=\"https:\/\/foto.sondakika.com\/haber\/2026\/05\/26\/guzelbahce-belediyesi-sorustur-19884388-5284_1_m.jpg\" alt=\"G\u00fczelbah\u00e7e Belediyesi soru\u015fturmas\u0131nda yeni detaylar: Sahte foto\u011fraflarla ruhsat ald\u0131lar\"\/><\/figure>\n\n\n\n<p class=\"wp-block-paragraph\"><\/p>\n","protected":false},"excerpt":{"rendered":"<p>\u0130zmir Cumhuriyet Ba\u015fsavc\u0131l\u0131\u011f\u0131\u2019n\u0131n G\u00fczelbah\u00e7e Belediyesi\u2019ne y\u00f6nelik y\u00fcr\u00fctt\u00fc\u011f\u00fc r\u00fc\u015fvet ve yolsuzluk soru\u015fturmas\u0131nda tan\u0131k ifadeleri dosyaya damga<\/p>\n","protected":false},"author":1,"featured_media":2334,"comment_status":"open","ping_status":"open","sticky":false,"template":"","format":"standard","meta":{"_rtcl_gb_attr":"","footnotes":""},"categories":[43],"tags":[],"class_list":["post-2333","post","type-post","status-publish","format-standard","has-post-thumbnail","hentry","category-son-dakika"],"_links":{"self":[{"href":"https:\/\/turkiyemhaber.com\/index.php?rest_route=\/wp\/v2\/posts\/2333","targetHints":{"allow":["GET"]}}],"collection":[{"href":"https:\/\/turkiyemhaber.com\/index.php?rest_route=\/wp\/v2\/posts"}],"about":[{"href":"https:\/\/turkiyemhaber.com\/index.php?rest_route=\/wp\/v2\/types\/post"}],"author":[{"embeddable":true,"href":"https:\/\/turkiyemhaber.com\/index.php?rest_route=\/wp\/v2\/users\/1"}],"replies":[{"embeddable":true,"href":"https:\/\/turkiyemhaber.com\/index.php?rest_route=%2Fwp%2Fv2%2Fcomments&post=2333"}],"version-history":[{"count":1,"href":"https:\/\/turkiyemhaber.com\/index.php?rest_route=\/wp\/v2\/posts\/2333\/revisions"}],"predecessor-version":[{"id":2335,"href":"https:\/\/turkiyemhaber.com\/index.php?rest_route=\/wp\/v2\/posts\/2333\/revisions\/2335"}],"wp:featuredmedia":[{"embeddable":true,"href":"https:\/\/turkiyemhaber.com\/index.php?rest_route=\/wp\/v2\/media\/2334"}],"wp:attachment":[{"href":"https:\/\/turkiyemhaber.com\/index.php?rest_route=%2Fwp%2Fv2%2Fmedia&parent=2333"}],"wp:term":[{"taxonomy":"category","embeddable":true,"href":"https:\/\/turkiyemhaber.com\/index.php?rest_route=%2Fwp%2Fv2%2Fcategories&post=2333"},{"taxonomy":"post_tag","embeddable":true,"href":"https:\/\/turkiyemhaber.com\/index.php?rest_route=%2Fwp%2Fv2%2Ftags&post=2333"}],"curies":[{"name":"wp","href":"https:\/\/api.w.org\/{rel}","templated":true}]}}