{"id":2329,"date":"2026-05-26T09:56:03","date_gmt":"2026-05-26T09:56:03","guid":{"rendered":"https:\/\/turkiyemhaber.com\/?p=2329"},"modified":"2026-05-26T09:56:07","modified_gmt":"2026-05-26T09:56:07","slug":"guzelbahce-belediyesine-operasyon-baskan-dahil-cok-sayida-kisi-gozaltinda","status":"publish","type":"post","link":"https:\/\/turkiyemhaber.com\/?p=2329","title":{"rendered":"G\u00fczelbah\u00e7e Belediyesi&#8217;ne operasyon! Ba\u015fkan dahil \u00e7ok say\u0131da ki\u015fi g\u00f6zalt\u0131nda"},"content":{"rendered":"\n<p class=\"wp-block-paragraph\">\u0130zmir&#8217;in G\u00fczelbah\u00e7e Belediyesi&#8217;ne d\u00fczenlenen operasyonda CHP&#8217;li Belediye Ba\u015fkan\u0131 Mustafa G\u00fcnay, e\u015fi Nermin G\u00fcnay ve \u0130mar ve \u015eehircilik M\u00fcd\u00fcr\u00fc \u00d6zg\u00fcr Bayraktar&#8217;\u0131n da aralar\u0131nda oldu\u011fu 7 ki\u015fi sabah saatlerinde g\u00f6zalt\u0131na al\u0131nd\u0131.<\/p>\n\n\n\n<p class=\"wp-block-paragraph\"><a href=\"https:\/\/www.sondakika.com\/izmir\/\">\u0130zmir<\/a>&nbsp;Cumhuriyet Ba\u015fsavc\u0131l\u0131\u011f\u0131 taraf\u0131ndan &#8220;Su\u00e7 i\u015flemek amac\u0131yla \u00f6rg\u00fct kurma ve \u00f6rg\u00fcte \u00fcye olma, r\u00fc\u015fvet, g\u00f6revi k\u00f6t\u00fcye kullanma ve \u0130mar Kanununa Muhalefet&#8221; su\u00e7lar\u0131na ili\u015fkin y\u00fcr\u00fct\u00fclen soru\u015fturma kapsam\u0131nda; aralar\u0131nda \u0130zmir&nbsp;<a href=\"https:\/\/www.sondakika.com\/guzelbahce\/\">G\u00fczelbah\u00e7e<\/a>&nbsp;Belediye Ba\u015fkan\u0131 Mustafa G\u00fcnay\u2019\u0131n da oldu\u011fu 7 \u015f\u00fcpheli hakk\u0131nda g\u00f6zalt\u0131 karar\u0131 verildi.<\/p>\n\n\n\n<h3 class=\"wp-block-heading\">BELED\u0130YE BA\u015eKANININ E\u015e\u0130 DE G\u00d6ZALTINDA<\/h3>\n\n\n\n<p class=\"wp-block-paragraph\">Haklar\u0131nda yakalama karar\u0131 bulunan \u015f\u00fcphelilere y\u00f6nelik operasyon sabah saatlerinde ger\u00e7ekle\u015fti, saat 05.30 itibar\u0131yla g\u00f6zalt\u0131 i\u015flemlerine ba\u015fland\u0131.&nbsp;Aralar\u0131nda G\u00fczelbah\u00e7e Belediye Ba\u015fkan\u0131 ve e\u015finin de oldu\u011fu toplam 7 \u015f\u00fcpheli \u015fah\u0131stan 5\u2019i g\u00f6zalt\u0131na al\u0131nd\u0131, 2 \u015f\u00fcpheli \u015fahs\u0131n yurtd\u0131\u015f\u0131nda oldu\u011fu belirlendi. Yurt d\u0131\u015f\u0131nda olan 2 \u015f\u00fcpheli hakk\u0131nda yakalama karar\u0131 \u00e7\u0131kart\u0131ld\u0131.<\/p>\n\n\n\n<p class=\"wp-block-paragraph\"><strong>Soru\u015fturma kapsam\u0131ndaki \u015f\u00fcpheliler:<\/strong><\/p>\n\n\n\n<ol class=\"wp-block-list\">\n<li>Mustafa G\u00dcNAY (\u0130zmir G\u00fczelbah\u00e7e Belediye B\u015fk.) &#8211; G\u00f6zalt\u0131<\/li>\n\n\n\n<li>Nermin G\u00dcNAY (Belediye B\u015fk. E\u015fi) &#8211; G\u00f6zalt\u0131<\/li>\n\n\n\n<li>\u00d6zdem Mustafa \u0130NCE (G\u00fczelbah\u00e7e Eski Belediye B\u015fk.) &#8211; G\u00f6zalt\u0131<\/li>\n\n\n\n<li>\u00d6zg\u00fcr BAYRAKTAR (\u0130mar ve \u015eehircilik M\u00fcd\u00fcr\u00fc) &#8211; G\u00f6zalt\u0131<\/li>\n\n\n\n<li>Sezgin KU\u015e (Zab\u0131ta M\u00fcd\u00fcr\u00fc) &#8211; G\u00f6zalt\u0131<\/li>\n\n\n\n<li>Gizem G\u00d6\u00c7T\u00dc (Belediye Meclis \u00dcyesi) &#8211; Yakalama karar\u0131<\/li>\n\n\n\n<li>\u015eamil G\u00d6\u00c7T\u00dc (M\u0130RYA Grup Yetkilisi) &#8211; Yakalama karar\u0131<\/li>\n<\/ol>\n\n\n\n<p class=\"wp-block-paragraph\">\u015e\u00fcphelilerin \u0130zmir \u0130l Jandarma Komutanl\u0131\u011f\u0131\u2019na g\u00f6t\u00fcr\u00fcld\u00fc\u011f\u00fc \u00f6\u011frenildi. Delil toplama faaliyetlerinin devam etti\u011fi, soru\u015fturman\u0131n s\u00fcrd\u00fc\u011f\u00fc bildirildi.<\/p>\n\n\n\n<figure class=\"wp-block-image\"><img decoding=\"async\" src=\"https:\/\/foto.sondakika.com\/haber\/2026\/05\/26\/guzelbahce-belediyesine-operas-19883227-1204_1_m.jpg\" alt=\"G\u00fczelbah\u00e7e Belediyesi'ne operasyon! Ba\u015fkan dahil \u00e7ok say\u0131da ki\u015fi g\u00f6zalt\u0131nda\"\/><\/figure>\n\n\n\n<h3 class=\"wp-block-heading\">MUSTAFA G\u00dcNAY K\u0130MD\u0130R?<\/h3>\n\n\n\n<p class=\"wp-block-paragraph\">Mustafa G\u00fcnay, 1962 y\u0131l\u0131nda Malatya\u2019da do\u011fdu. E\u011fitim hayat\u0131n\u0131 tamamlad\u0131ktan sonra 1985 y\u0131l\u0131nda kamuda g\u00f6rev yapmaya ba\u015flayan G\u00fcnay, T\u00fcrkiye\u2019nin farkl\u0131 \u015fehirlerinde kamu g\u00f6revlisi olarak hizmet verdi. Emeklili\u011finin ard\u0131ndan 2005 y\u0131l\u0131nda Cumhuriyet Halk Partisi\u2019ne kat\u0131larak aktif siyasete ad\u0131m att\u0131.<\/p>\n\n\n\n<p class=\"wp-block-paragraph\">CHP G\u00fczelbah\u00e7e \u0130l\u00e7e Ba\u015fkanl\u0131\u011f\u0131\u2019nda \u00e7e\u015fitli g\u00f6revlerde bulunan Mustafa G\u00fcnay, il\u00e7e y\u00f6netiminde e\u011fitimden sorumlu ba\u015fkan yard\u0131mc\u0131l\u0131\u011f\u0131, il\u00e7e sekreterli\u011fi ve \u00f6rg\u00fctten sorumlu ba\u015fkan yard\u0131mc\u0131l\u0131\u011f\u0131 g\u00f6revlerini y\u00fcr\u00fctt\u00fc. 2010-2023 y\u0131llar\u0131 aras\u0131nda G\u00fczelbah\u00e7e Belediye Ba\u015fkan Yard\u0131mc\u0131s\u0131 olarak g\u00f6rev yapt\u0131.&nbsp;2024 yerel se\u00e7imlerinde CHP\u2019den G\u00fczelbah\u00e7e Belediye Ba\u015fkan\u0131 se\u00e7ilen Mustafa G\u00fcnay, evli ve iki \u00e7ocuk babas\u0131d\u0131r.<\/p>\n","protected":false},"excerpt":{"rendered":"<p>\u0130zmir&#8217;in G\u00fczelbah\u00e7e Belediyesi&#8217;ne d\u00fczenlenen operasyonda CHP&#8217;li Belediye Ba\u015fkan\u0131 Mustafa G\u00fcnay, e\u015fi Nermin G\u00fcnay ve \u0130mar<\/p>\n","protected":false},"author":1,"featured_media":2330,"comment_status":"open","ping_status":"open","sticky":false,"template":"","format":"standard","meta":{"_rtcl_gb_attr":"","footnotes":""},"categories":[43],"tags":[],"class_list":["post-2329","post","type-post","status-publish","format-standard","has-post-thumbnail","hentry","category-son-dakika"],"_links":{"self":[{"href":"https:\/\/turkiyemhaber.com\/index.php?rest_route=\/wp\/v2\/posts\/2329","targetHints":{"allow":["GET"]}}],"collection":[{"href":"https:\/\/turkiyemhaber.com\/index.php?rest_route=\/wp\/v2\/posts"}],"about":[{"href":"https:\/\/turkiyemhaber.com\/index.php?rest_route=\/wp\/v2\/types\/post"}],"author":[{"embeddable":true,"href":"https:\/\/turkiyemhaber.com\/index.php?rest_route=\/wp\/v2\/users\/1"}],"replies":[{"embeddable":true,"href":"https:\/\/turkiyemhaber.com\/index.php?rest_route=%2Fwp%2Fv2%2Fcomments&post=2329"}],"version-history":[{"count":1,"href":"https:\/\/turkiyemhaber.com\/index.php?rest_route=\/wp\/v2\/posts\/2329\/revisions"}],"predecessor-version":[{"id":2331,"href":"https:\/\/turkiyemhaber.com\/index.php?rest_route=\/wp\/v2\/posts\/2329\/revisions\/2331"}],"wp:featuredmedia":[{"embeddable":true,"href":"https:\/\/turkiyemhaber.com\/index.php?rest_route=\/wp\/v2\/media\/2330"}],"wp:attachment":[{"href":"https:\/\/turkiyemhaber.com\/index.php?rest_route=%2Fwp%2Fv2%2Fmedia&parent=2329"}],"wp:term":[{"taxonomy":"category","embeddable":true,"href":"https:\/\/turkiyemhaber.com\/index.php?rest_route=%2Fwp%2Fv2%2Fcategories&post=2329"},{"taxonomy":"post_tag","embeddable":true,"href":"https:\/\/turkiyemhaber.com\/index.php?rest_route=%2Fwp%2Fv2%2Ftags&post=2329"}],"curies":[{"name":"wp","href":"https:\/\/api.w.org\/{rel}","templated":true}]}}